{"id":138257,"date":"2026-01-15T13:06:07","date_gmt":"2026-01-15T13:06:07","guid":{"rendered":"https:\/\/www.europesays.com\/no\/138257\/"},"modified":"2026-01-15T13:06:07","modified_gmt":"2026-01-15T13:06:07","slug":"vaer-vkt-advarer-svaert-glatt-tonsbergs-blad","status":"publish","type":"post","link":"https:\/\/www.europesays.com\/no\/138257\/","title":{"rendered":"V\u00e6r, VKT | Advarer: \u2013 Sv\u00e6rt glatt! &#8211; T\u00f8nsbergs Blad"},"content":{"rendered":"<ol>\n<li><a href=\"https:\/\/news.google.com\/rss\/articles\/CBMiYkFVX3lxTE9qdnlkM3QxRXh4dXFTaDZfdllHWFNzZllmOHlWdUk1UUt1QWlEeFQ4QVB3ZFMyUks1ODVydVh4M3Bfd1FWSkYycUt0aEdDNDc3b1R2ckxEbkVEaDEyMkQyaDZ3?oc=5\" target=\"_blank\" rel=\"nofollow noopener\">V\u00e6r, VKT | Advarer: \u2013 Sv\u00e6rt glatt!<\/a>&nbsp;&nbsp;T\u00f8nsbergs Blad<\/li>\n<li><a href=\"https:\/\/news.google.com\/rss\/articles\/CBMikAFBVV95cUxOWDR4U29IVVg5alZlYjZoTldYdkpCd2RwWE1hYmUyUXlwWlIyZnJIMEJSRXRweHNrVGNwZnF0RG1Pa1NPNnNOdXo3ekpsLUFuRkJZcjVDS0hPZnpoTlVFTzZUdGNSVHpHMlZYUmtqOEtqQU9jQk1sY0dxSlEyYVduODh3MERSa0M5VWxTcXZVMzU?oc=5\" target=\"_blank\" rel=\"nofollow noopener\">N\u00e5 kommer regnet: \u2013\u2060 Blir den st\u00f8rste utfordringen<\/a>&nbsp;&nbsp;VG<\/li>\n<li><a href=\"https:\/\/news.google.com\/rss\/articles\/CBMieEFVX3lxTE5YRHJBbl80QmV2dk1xS0tOTktWdGQtNTB0eW5YVlBGcVJHS2RrTEdzX1hWVFJnT05rbmwwZVdQMTUtVndaZnc2YnBjUFRoel9QdmlBaXpOcUFIaFFaRHhrWWhYVFBWQ1IzQnJTSXdTZ0V4MDEzVFA3UA?oc=5\" target=\"_blank\" rel=\"nofollow noopener\">Rister det? Da m\u00e5 du tr\u00e5kke hardere<\/a>&nbsp;&nbsp;TV2.no<\/li>\n<li><a href=\"https:\/\/news.google.com\/rss\/articles\/CBMifEFVX3lxTE9mTTZ3WlQ4ZmdkQzQ5T0oyWEtsUU9MSTFsWDZVU3BqWDJuX3MwOXhnNE5HNmgzakRqSTZoRHQtbThhc0hOaGZ6RG9fRVVuNDFVMXdpdzliOE1BMkNYMDgyanh1c2VmYm5qUHQyX0o3M3lZLVdpbE9SenhDTHQ?oc=5\" target=\"_blank\" rel=\"nofollow noopener\">Nyhet, Trafikk | Advarer: N\u00e5 er det sv\u00e6rt glatt p\u00e5 veiene<\/a>&nbsp;&nbsp;Sarpsborg Arbeiderblad<\/li>\n<li><a href=\"https:\/\/news.google.com\/rss\/articles\/CBMidkFVX3lxTE5lTEhzU3pqeHBpelZBdzlRMWQ1T2N0T0xBVXRsSHQzUEdQU0lMMUJwWGNIb040S0phQ0Vqc0Q3QmdNa2VTd0UwUlZtUW9CWHVDSEJ6ZUV0NFUwMUJRbHBuWWJDdkRkZTlFbnhva01nQThOMDhnTHc?oc=5\" target=\"_blank\" rel=\"nofollow noopener\">V\u00e6r, Gult farevarsel | Direktestudio: Her f\u00f8lger vi v\u00e6ret<\/a>&nbsp;&nbsp;Fredriksstad Blad<\/li>\n<\/ol>\n","protected":false},"excerpt":{"rendered":"V\u00e6r, VKT | Advarer: \u2013 Sv\u00e6rt glatt!&nbsp;&nbsp;T\u00f8nsbergs Blad N\u00e5 kommer regnet: \u2013\u2060 Blir den st\u00f8rste utfordringen&nbsp;&nbsp;VG Rister det?&hellip;\n","protected":false},"author":2,"featured_media":10375,"comment_status":"","ping_status":"","sticky":false,"template":"","format":"standard","meta":{"footnotes":""},"categories":[10],"tags":[20,21,24,25,15,22,23,13,30,28,29,14,16,26,27],"class_list":{"0":"post-138257","1":"post","2":"type-post","3":"status-publish","4":"format-standard","5":"has-post-thumbnail","7":"category-norge","8":"tag-breaking-news","9":"tag-breakingnews","10":"tag-featured-news","11":"tag-featurednews","12":"tag-headlines","13":"tag-latest-news","14":"tag-latestnews","15":"tag-news","16":"tag-no","17":"tag-norge","18":"tag-norway","19":"tag-nyheter","20":"tag-overskrifter","21":"tag-top-stories","22":"tag-topstories"},"share_on_mastodon":{"url":"https:\/\/pubeurope.com\/@no\/115899268052711217","error":""},"_links":{"self":[{"href":"https:\/\/www.europesays.com\/no\/wp-json\/wp\/v2\/posts\/138257","targetHints":{"allow":["GET"]}}],"collection":[{"href":"https:\/\/www.europesays.com\/no\/wp-json\/wp\/v2\/posts"}],"about":[{"href":"https:\/\/www.europesays.com\/no\/wp-json\/wp\/v2\/types\/post"}],"author":[{"embeddable":true,"href":"https:\/\/www.europesays.com\/no\/wp-json\/wp\/v2\/users\/2"}],"replies":[{"embeddable":true,"href":"https:\/\/www.europesays.com\/no\/wp-json\/wp\/v2\/comments?post=138257"}],"version-history":[{"count":0,"href":"https:\/\/www.europesays.com\/no\/wp-json\/wp\/v2\/posts\/138257\/revisions"}],"wp:featuredmedia":[{"embeddable":true,"href":"https:\/\/www.europesays.com\/no\/wp-json\/wp\/v2\/media\/10375"}],"wp:attachment":[{"href":"https:\/\/www.europesays.com\/no\/wp-json\/wp\/v2\/media?parent=138257"}],"wp:term":[{"taxonomy":"category","embeddable":true,"href":"https:\/\/www.europesays.com\/no\/wp-json\/wp\/v2\/categories?post=138257"},{"taxonomy":"post_tag","embeddable":true,"href":"https:\/\/www.europesays.com\/no\/wp-json\/wp\/v2\/tags?post=138257"}],"curies":[{"name":"wp","href":"https:\/\/api.w.org\/{rel}","templated":true}]}}