{"id":138264,"date":"2026-01-15T13:14:35","date_gmt":"2026-01-15T13:14:35","guid":{"rendered":"https:\/\/www.europesays.com\/no\/138264\/"},"modified":"2026-01-15T13:14:35","modified_gmt":"2026-01-15T13:14:35","slug":"stian-kan-ha-sykdommen-som-truer-200-000-arbeidsfolk","status":"publish","type":"post","link":"https:\/\/www.europesays.com\/no\/138264\/","title":{"rendered":"Stian kan ha sykdommen som truer 200.000 arbeidsfolk"},"content":{"rendered":"<p class=\"byline\">\u00d8ystein Helmikst\u00f8l<\/p>\n<p class=\"epost\">oystein@lomedia.no<\/p>\n<p class=\"tekst\">Stian Ollila har jobbet et helt yrkesliv med tungt, fysisk arbeid og verkt\u00f8y som gir slag og vibrasjoner. De siste \u00e5rene har det satt tydelige spor.<\/p>\n<p class=\"tekst\">\u2013 Jeg har g\u00e5tt med likfingre og senebetennelser i tre og et halvt \u00e5r. Jeg sover d\u00e5rlig og sliter med \u00e5 gj\u00f8re den jobben jeg er satt til.<\/p>\n<p class=\"mellomtittel\">Sliter med vibrasjonsskader<\/p>\n<p class=\"tekst\">200.000 yrkesaktive <a target=\"_blank\" rel=\"noopener nofollow\" href=\"https:\/\/stami.no\/oppfolging-av-arbeidere-med-hand-arm-vibrasjonssyndrom-havs\/\">oppgir <\/a>at de har v\u00e6rt utsatt for vibrasjoner fra h\u00e5ndholdte verkt\u00f8y minst en fjerdedel av arbeidsdagen. <\/p>\n<p class=\"tekst\">Eksempler p\u00e5 verkt\u00f8y er slagdrill, vinkelsliper og motorsag.<\/p>\n<p class=\"tekst\">Vedvarende vibrasjonseksponering kan f\u00f8re til h\u00e5nd-arm vibrasjonssyndrom (HAVS). Kjennetegn er nummenhet og smertefulle anfall med \u00ablikfingre\u00bb.<\/p>\n<p class=\"tekst\">Ollila er mekaniker og hovedtillitsvalgt i bergverksbedriften Mibau Stema Norge AS. Han er selv blant dem som sliter.<\/p>\n<p class=\"tekst\">\u2013 Jeg har personlig erfaring med vibrasjonsskader, ja. Jeg sitter med det n\u00e5.<\/p>\n<p class=\"tekst\">Ollila har f\u00e5tt ulike behandlinger. Han g\u00e5r til fysioterapeut og naprapat. N\u00e5 f\u00e5r han ikke flere kortisonspr\u00f8yter, forteller han. <\/p>\n<p class=\"tekst\">Siste utvei var operasjon.<\/p>\n<p class=\"uthevet-avsnitt\">Bakgrunn: <a target=\"_blank\" rel=\"noopener nofollow\" href=\"https:\/\/frifagbevegelse.no\/arbeidsmanden\/200000-nordmenn-er-utsatt--hendene-mine-svikter-6.158.1173562.a51c1adf71\">200.000 nordmenn er utsatt: \u2013 Hendene mine svikter<\/a><\/p>\n<p class=\"mellomtittel\">Operert \u2013 uten \u00e5 bli frisk<\/p>\n<p class=\"tekst\">Ollila har allerede v\u00e6rt gjennom \u00e9n operasjon. Resultatet har s\u00e5 langt ikke gitt den lettelsen han h\u00e5pet p\u00e5.<\/p>\n<p class=\"tekst\">\u2013 Det ser ikke ut til at operasjonen var hundre prosent vellykket. Jeg har fortsatt senebetennelser og tennisalbue. Har veldig mye vondt i armene.<\/p>\n<p class=\"tekst\">Han beskriver en hverdag preget av smerter, redusert funksjon og usikkerhet om framtida i arbeidslivet.<\/p>\n<p class=\"tekst\">Samtidig st\u00e5r han i en kamp for \u00e5 f\u00e5 skadene anerkjent som arbeidsrelaterte.<\/p>\n<p class=\"tekst\">\u2013 Jeg pr\u00f8ver \u00e5 f\u00e5 det registrert som yrkessykdom. <\/p>\n<p class=\"tekst\">Ollila opplever systemet i Nav som vanskelig \u00e5 komme gjennom \u2013 til tross for at legen mener det er en klar sammenheng mellom arbeidet og helseplagene.<\/p>\n<p class=\"tekst\">Nav kommenterer dette slik:<\/p>\n<p class=\"tekst\">\u2013 I denne saken har vi dessverre ikke f\u00e5tt fritak fra taushetsplikten, og da har vi heller ikke lov til \u00e5 uttale oss, sier mediesjef Kaia Storvik.<\/p>\n<p class=\"mellomtittel\">Hadde aldri h\u00f8rt om HAVS<\/p>\n<p class=\"tekst\">Arbeidsmanden har tidligere skrevet om Kjell Thorkilsen, som ikke hadde tenkt at han kunne ha HAVS f\u00f8r vikarlegen tilfeldigvis ante at noe var veldig galt. Vikarlegen sendte ham til videre unders\u00f8kelser.<\/p>\n<p class=\"tekst\">HAVS inng\u00e5r i gruppen \u00abvibrasjonsbetingede sykdommer i armer og hender\u00bb, som har st\u00e5tt p\u00e5 listen over godkjente yrkessykdommer siden 1997.<\/p>\n<p class=\"tekst\">Det betyr at sykdommen juridisk sett kan godkjennes av Nav og likestilles med yrkesskade, med rett til s\u00e6rfordeler og erstatning, forutsatt at vilk\u00e5rene er dokumentert.<\/p>\n<p class=\"tekst\">Ollila har ikke f\u00e5tt diagnosen HAVS.<\/p>\n<p class=\"tekst\">\u2013 Jeg er usikker p\u00e5 om legen min vet om HAVS. Selv visste jeg ikke om at det var noe som het det, f\u00f8r jeg leste artiklene i Arbeidsmanden og FriFagbevegelse. Heller ikke fysioterapeuten min hadde h\u00f8rt om det, n\u00e5r jeg snakket om det i dag. <\/p>\n<p class=\"tekst\">Ollila understreker at det alltid har v\u00e6rt snakk om vibrasjon og harde st\u00f8t i hans arbeidshverdag.<\/p>\n<p class=\"tekst\">\u2013 Jeg har visst at jeg har vibrasjonsskader p\u00e5 grunn av harde st\u00f8t. Det skriver legen ogs\u00e5, at skadene mine er p\u00e5 grunn av fysisk tungt arbeid.<\/p>\n<p class=\"faktatittel\">Fakta om h\u00e5nd-arm vibrasjonssyndrom (HAVS)<\/p>\n<p class=\"faktakulepunkt\">H\u00e5nd-arm vibrasjonssyndrom (HAVS) er en betegnelse p\u00e5 skader p\u00e5 blod\u00e5rer, nerver eller muskel- og skjelettsystemet, for\u00e5rsaket av h\u00e5nd-arm vibrasjoner.<\/p>\n<p class=\"faktakulepunkt\">Gir smerte, hvite fingre og tap av h\u00e5ndkraft.<\/p>\n<p class=\"faktakulepunkt\">Rammer s\u00e6rlig bygg- og anleggsarbeidere.<\/p>\n<p class=\"faktakulepunkt\">Forebygging: riktig verkt\u00f8y, oppl\u00e6ring og helseoverv\u00e5king.<\/p>\n<p class=\"faktakulepunkt\">Godkjent som yrkessykdom.<\/p>\n<p class=\"mellomtittel\">\u2013 Burde visst<\/p>\n<p class=\"tekst\">Tove R\u00f8nning, hovedverneombud i Veidekke Anlegg, sa nylig til Arbeidsmanden at <a target=\"_blank\" rel=\"noopener nofollow\" href=\"https:\/\/frifagbevegelse.no\/arbeidsmanden\/sykdom-truer-200000-arbeidsfolk-6.158.1185456.fc981af72b\">kunnskapen om vibrasjonsskader varierer<\/a>. <\/p>\n<p class=\"tekst\">\u2013 I store firmaer er det fokus p\u00e5 HAVS. I mindre firmaer er situasjonen en annen, tror R\u00f8nning.<\/p>\n<p class=\"tekst\">Stian Ollila vedg\u00e5r at han som hovedtillitsvalgt burde visst om HAVS for lenge siden.<\/p>\n<p class=\"tekst\">\u2013 Absolutt. Dette burde jeg hatt kunnskap om, lenge f\u00f8r jeg selv fikk symptomer som trolig skyldes vibrasjonsskader.<\/p>\n<p class=\"tekst\">N\u00e5 vil Ollila ta saken videre \u2013 med ny kunnskap i ryggen.<\/p>\n<p class=\"tekst\">\u2013 N\u00e5 f\u00e5r vi se an resultatene fra operasjonen jeg har hatt. Men n\u00e5 n\u00e5r jeg er blitt oppmerksom p\u00e5 HAVS, vil jeg snakke med legen min om den diagnosen.<\/p>\n<p class=\"tekst\">Han gir uttrykk for b\u00e5de frustrasjon og undring over at diagnosen ikke er bedre kjent.<\/p>\n<p class=\"mellomtittel\">\u2013 Mange kan g\u00e5 rundt uvitende<\/p>\n<p class=\"tekst\">P\u00e5 Oslo universitetssykehus blir det utredet rundt 100 pasienter hvert \u00e5r for HAVS. To tredeler f\u00e5r diagnosen. <\/p>\n<p class=\"tekst\">Totalt i Norge regner man med at rundt 200 personer f\u00e5r diagnosen hvert \u00e5r.<\/p>\n<p class=\"tekst\">I <a target=\"_blank\" rel=\"noopener nofollow\" href=\"https:\/\/www.afaforsakring.se\/dokument\/hwqzdrvmcgye7t8rt2lc\/f7060-arsrapport-statistik-2025.pdf\">Sverige <\/a>er vibrasjonsskader den vanligste yrkessykdommen blant menn. Arbeidsmilj\u00f8myndighetene sl\u00e5r selv fast at vibrasjonsskader er underrapportert i Norge.<\/p>\n<p class=\"tekst\">Ollila mener hans egen situasjon kan v\u00e6re langt fra unik.<\/p>\n<p class=\"tekst\">\u2013 Hvis ikke jeg hadde lest om HAVS nylig, hadde jeg ikke visst at det fantes. Da skj\u00f8nner jeg jo at det kan v\u00e6re mange andre som g\u00e5r rundt med de samme plagene, uten \u00e5 f\u00e5 riktig diagnose eller oppf\u00f8lging.<\/p>\n","protected":false},"excerpt":{"rendered":"\u00d8ystein Helmikst\u00f8l oystein@lomedia.no Stian Ollila har jobbet et helt yrkesliv med tungt, fysisk arbeid og verkt\u00f8y som gir&hellip;\n","protected":false},"author":2,"featured_media":138265,"comment_status":"","ping_status":"","sticky":false,"template":"","format":"standard","meta":{"footnotes":""},"categories":[5],"tags":[20,21,24,25,15,19,22,23,17,18,13,30,28,29,14,16,26,27],"class_list":{"0":"post-138264","1":"post","2":"type-post","3":"status-publish","4":"format-standard","5":"has-post-thumbnail","7":"category-overskrifter","8":"tag-breaking-news","9":"tag-breakingnews","10":"tag-featured-news","11":"tag-featurednews","12":"tag-headlines","13":"tag-hovedoppslag","14":"tag-latest-news","15":"tag-latestnews","16":"tag-main-news","17":"tag-mainnews","18":"tag-news","19":"tag-no","20":"tag-norge","21":"tag-norway","22":"tag-nyheter","23":"tag-overskrifter","24":"tag-top-stories","25":"tag-topstories"},"share_on_mastodon":{"url":"https:\/\/pubeurope.com\/@no\/115899299615201184","error":""},"_links":{"self":[{"href":"https:\/\/www.europesays.com\/no\/wp-json\/wp\/v2\/posts\/138264","targetHints":{"allow":["GET"]}}],"collection":[{"href":"https:\/\/www.europesays.com\/no\/wp-json\/wp\/v2\/posts"}],"about":[{"href":"https:\/\/www.europesays.com\/no\/wp-json\/wp\/v2\/types\/post"}],"author":[{"embeddable":true,"href":"https:\/\/www.europesays.com\/no\/wp-json\/wp\/v2\/users\/2"}],"replies":[{"embeddable":true,"href":"https:\/\/www.europesays.com\/no\/wp-json\/wp\/v2\/comments?post=138264"}],"version-history":[{"count":0,"href":"https:\/\/www.europesays.com\/no\/wp-json\/wp\/v2\/posts\/138264\/revisions"}],"wp:featuredmedia":[{"embeddable":true,"href":"https:\/\/www.europesays.com\/no\/wp-json\/wp\/v2\/media\/138265"}],"wp:attachment":[{"href":"https:\/\/www.europesays.com\/no\/wp-json\/wp\/v2\/media?parent=138264"}],"wp:term":[{"taxonomy":"category","embeddable":true,"href":"https:\/\/www.europesays.com\/no\/wp-json\/wp\/v2\/categories?post=138264"},{"taxonomy":"post_tag","embeddable":true,"href":"https:\/\/www.europesays.com\/no\/wp-json\/wp\/v2\/tags?post=138264"}],"curies":[{"name":"wp","href":"https:\/\/api.w.org\/{rel}","templated":true}]}}