{"id":138270,"date":"2026-01-15T13:21:09","date_gmt":"2026-01-15T13:21:09","guid":{"rendered":"https:\/\/www.europesays.com\/no\/138270\/"},"modified":"2026-01-15T13:21:09","modified_gmt":"2026-01-15T13:21:09","slug":"alvorlig-i-trafikkulykke-i-porsgrunn-bestilt-luftambulanse","status":"publish","type":"post","link":"https:\/\/www.europesays.com\/no\/138270\/","title":{"rendered":"Alvorlig i trafikkulykke i Porsgrunn: \u2013 Bestilt luftambulanse"},"content":{"rendered":"\n<p class=\"_paragraph_o9xde_4 _paragraph_xtcu6_10 layout-component text-serif-m layout-normal text-serif-m layout-padded\">Det melder S\u00f8r-\u00d8st politidistrikt. <\/p>\n<p class=\"_paragraph_o9xde_4 _paragraph_xtcu6_10 layout-component text-serif-m layout-normal text-serif-m layout-padded\">Politiet meldte f\u00f8rst om ulykken 13.28. Da var n\u00f8detatene p\u00e5 vei til stedet, etter en melding om en trafikkulykke mellom en lastebil og en personbil. <\/p>\n<p class=\"_paragraph_o9xde_4 _paragraph_xtcu6_10 layout-component text-serif-m layout-normal text-serif-m layout-padded\">\u2013 En person sitter fastklemt, skrev politiet i den f\u00f8rste meldingen. <\/p>\n<p class=\"_paragraph_o9xde_4 _paragraph_xtcu6_10 layout-component text-serif-m layout-normal text-serif-m layout-padded\">13.33 skriver politiet at ulykken fremst\u00e5r kritisk. <\/p>\n<p class=\"_paragraph_o9xde_4 _paragraph_xtcu6_10 layout-component text-serif-m layout-normal text-serif-m layout-padded\">\u2013 Grunnet alvorlighetsgrad er det bestilt luftambulanse, skriver politiet. <\/p>\n<p class=\"_paragraph_o9xde_4 _paragraph_xtcu6_10 layout-component text-serif-m layout-normal text-serif-m layout-padded\">Operasjonsleder Jan Tore Gregersen sier at de n\u00e5 jobber med \u00e5 frigj\u00f8re f\u00f8reren av bilen. <\/p>\n<p class=\"_paragraph_o9xde_4 _paragraph_xtcu6_10 layout-component text-serif-m layout-normal text-serif-m layout-padded\">\u2013 S\u00e5 fort f\u00f8rer er frigjort, skal vedkommende fraktes til sykehus. Vi vet forel\u00f8pig ikke om det blir Skien eller via luftambulanse. sier Gregersen til VG.<\/p>\n<p class=\"_paragraph_o9xde_4 _paragraph_xtcu6_10 layout-component text-serif-m layout-normal text-serif-m layout-padded\">13.53 skriver politiet at f\u00f8reren er frigjort, men bevisstl\u00f8s. F\u00f8reren av lastebilen fremst\u00e5r uskadet, opplyser politiet. <\/p>\n<p class=\"_paragraph_o9xde_4 _paragraph_xtcu6_10 layout-component text-serif-m layout-normal text-serif-m layout-padded\">\u2013 Lastebilsj\u00e5f\u00f8r blir unders\u00f8kt av helsepersonell n\u00e5, skriver politiet. <\/p>\n<p>    <img decoding=\"async\" alt=\"Tips oss illustrasjon\" src=\"https:\/\/www.europesays.com\/no\/wp-content\/uploads\/2025\/10\/pssst-small.webp.webp\"\/>    <\/p>\n<p class=\"title-serif-s\">Har du tips?<\/p>\n<p class=\"text-sans-m\">Send oss informasjon, bilder eller video.<\/p>\n<p>  <a href=\"https:\/\/www.vg.no\/tips-oss\" rel=\"nofollow noopener\" target=\"_blank\"> Tips oss <\/a>      <\/p>\n","protected":false},"excerpt":{"rendered":"Det melder S\u00f8r-\u00d8st politidistrikt. Politiet meldte f\u00f8rst om ulykken 13.28. Da var n\u00f8detatene p\u00e5 vei til stedet, etter&hellip;\n","protected":false},"author":2,"featured_media":138271,"comment_status":"","ping_status":"","sticky":false,"template":"","format":"standard","meta":{"footnotes":""},"categories":[10],"tags":[31,20,21,24,25,15,22,23,13,30,28,29,3760,14,16,1370,26,27,51],"class_list":{"0":"post-138270","1":"post","2":"type-post","3":"status-publish","4":"format-standard","5":"has-post-thumbnail","7":"category-norge","8":"tag-breaking","9":"tag-breaking-news","10":"tag-breakingnews","11":"tag-featured-news","12":"tag-featurednews","13":"tag-headlines","14":"tag-latest-news","15":"tag-latestnews","16":"tag-news","17":"tag-no","18":"tag-norge","19":"tag-norway","20":"tag-nodetatene","21":"tag-nyheter","22":"tag-overskrifter","23":"tag-porsgrunn","24":"tag-top-stories","25":"tag-topstories","26":"tag-ulykke"},"share_on_mastodon":{"url":"https:\/\/pubeurope.com\/@no\/115899327054417288","error":""},"_links":{"self":[{"href":"https:\/\/www.europesays.com\/no\/wp-json\/wp\/v2\/posts\/138270","targetHints":{"allow":["GET"]}}],"collection":[{"href":"https:\/\/www.europesays.com\/no\/wp-json\/wp\/v2\/posts"}],"about":[{"href":"https:\/\/www.europesays.com\/no\/wp-json\/wp\/v2\/types\/post"}],"author":[{"embeddable":true,"href":"https:\/\/www.europesays.com\/no\/wp-json\/wp\/v2\/users\/2"}],"replies":[{"embeddable":true,"href":"https:\/\/www.europesays.com\/no\/wp-json\/wp\/v2\/comments?post=138270"}],"version-history":[{"count":0,"href":"https:\/\/www.europesays.com\/no\/wp-json\/wp\/v2\/posts\/138270\/revisions"}],"wp:featuredmedia":[{"embeddable":true,"href":"https:\/\/www.europesays.com\/no\/wp-json\/wp\/v2\/media\/138271"}],"wp:attachment":[{"href":"https:\/\/www.europesays.com\/no\/wp-json\/wp\/v2\/media?parent=138270"}],"wp:term":[{"taxonomy":"category","embeddable":true,"href":"https:\/\/www.europesays.com\/no\/wp-json\/wp\/v2\/categories?post=138270"},{"taxonomy":"post_tag","embeddable":true,"href":"https:\/\/www.europesays.com\/no\/wp-json\/wp\/v2\/tags?post=138270"}],"curies":[{"name":"wp","href":"https:\/\/api.w.org\/{rel}","templated":true}]}}