{"id":138276,"date":"2026-01-15T13:27:53","date_gmt":"2026-01-15T13:27:53","guid":{"rendered":"https:\/\/www.europesays.com\/no\/138276\/"},"modified":"2026-01-15T13:27:53","modified_gmt":"2026-01-15T13:27:53","slug":"russland-utviser-britisk-diplomat-etter-spionanklager","status":"publish","type":"post","link":"https:\/\/www.europesays.com\/no\/138276\/","title":{"rendered":"Russland utviser britisk diplomat etter spionanklager"},"content":{"rendered":"<p>    Russlands f\u00f8derale sikkerhetstjeneste, FSB, opplyser at en britisk diplomat blir utvist etter \u00e5 ha blitt identifisert som spion, melder russiske nyhetsbyr\u00e5er.<\/p>\n<p>\n        En ansatt ved den britiske ambassaden her i Moskva er anklaget for \u00e5 v\u00e6re spion. Til h\u00f8yre seg vi bygningen der Russlands utenriksdepartement holder til.<br \/>\n        AP \/ NTB\n    <\/p>\n<p>Mannen er fratatt akkrediteringen og p\u00e5lagt \u00e5 forlate Russland innen to uker, opplyser FSB, <a href=\"https:\/\/tass.ru\/proisshestviya\/26153997\" target=\"_blank\" rel=\"nofollow noopener\">if\u00f8lge det russiske nyhetsbyr\u00e5et Tass<\/a>.<\/p>\n<p>Den britiske regjeringen sier den n\u00e5 \u00abvurderer n\u00f8ye\u00bb hvordan den vil svare p\u00e5 utvisningen.<\/p>\n<p>\u2013 Dette er ikke f\u00f8rste gang Kreml har kommet med ondsinnede og grunnl\u00f8se anklager mot v\u00e5re ansatte, heter det i en uttalelse fra det britiske utenriksdepartementet.<\/p>\n<p>\u2013 At Russland g\u00e5r etter britiske diplomater, er et uttrykk for desperasjon og undergraver de grunnleggende rammene for diplomatiske oppdrag, heter det videre fra britisk hold.<\/p>\n<p>If\u00f8lge en oversatt melding p\u00e5 det russiske utenriksdepartementets Telegram-kanal ble Storbritannias fungerende ambassad\u00f8r, Danae Dholakia, innkalt for \u00e5 f\u00e5 overrakt en \u00abkraftig protest\u00bb og informert om at diplomaten blir utvist.<\/p>\n<p>Moskva sier landet ikke vil \u00abtolerere virksomheten til ikke-deklarerte britiske etterretningsoffiserer i Russland\u00bb, og advarer om at det vil \u00absvare resolutt med samme mynt\u00bb dersom London \u00abeskalerer situasjonen\u00bb.<\/p>\n<p>Russland og Storbritannia har gjensidig utvist diplomater flere ganger siden krigen i Ukraina startet.<\/p>\n<p>Senest i mars i fjor utviste Russland en britisk diplomat og ektefellen til en annen, med p\u00e5stand om at de var spioner. Som svar utviste Storbritannia en russisk diplomat. Dav\u00e6rende britiske utenriksminister David Lammy anklaget da Moskva for \u00e5 f\u00f8re en \u00abn\u00e5del\u00f8s og uakseptabel kampanje for \u00e5 skremme ansatte ved den britiske ambassaden\u00bb.<\/p>\n","protected":false},"excerpt":{"rendered":"Russlands f\u00f8derale sikkerhetstjeneste, FSB, opplyser at en britisk diplomat blir utvist etter \u00e5 ha blitt identifisert som spion,&hellip;\n","protected":false},"author":2,"featured_media":138277,"comment_status":"","ping_status":"","sticky":false,"template":"","format":"standard","meta":{"footnotes":""},"categories":[12],"tags":[20,21,24,25,15,22,23,13,30,28,29,14,16,26,27,42,43,44,45],"class_list":{"0":"post-138276","1":"post","2":"type-post","3":"status-publish","4":"format-standard","5":"has-post-thumbnail","7":"category-verden","8":"tag-breaking-news","9":"tag-breakingnews","10":"tag-featured-news","11":"tag-featurednews","12":"tag-headlines","13":"tag-latest-news","14":"tag-latestnews","15":"tag-news","16":"tag-no","17":"tag-norge","18":"tag-norway","19":"tag-nyheter","20":"tag-overskrifter","21":"tag-top-stories","22":"tag-topstories","23":"tag-verden","24":"tag-world","25":"tag-world-news","26":"tag-worldnews"},"share_on_mastodon":{"url":"https:\/\/pubeurope.com\/@no\/115899354748538763","error":""},"_links":{"self":[{"href":"https:\/\/www.europesays.com\/no\/wp-json\/wp\/v2\/posts\/138276","targetHints":{"allow":["GET"]}}],"collection":[{"href":"https:\/\/www.europesays.com\/no\/wp-json\/wp\/v2\/posts"}],"about":[{"href":"https:\/\/www.europesays.com\/no\/wp-json\/wp\/v2\/types\/post"}],"author":[{"embeddable":true,"href":"https:\/\/www.europesays.com\/no\/wp-json\/wp\/v2\/users\/2"}],"replies":[{"embeddable":true,"href":"https:\/\/www.europesays.com\/no\/wp-json\/wp\/v2\/comments?post=138276"}],"version-history":[{"count":0,"href":"https:\/\/www.europesays.com\/no\/wp-json\/wp\/v2\/posts\/138276\/revisions"}],"wp:featuredmedia":[{"embeddable":true,"href":"https:\/\/www.europesays.com\/no\/wp-json\/wp\/v2\/media\/138277"}],"wp:attachment":[{"href":"https:\/\/www.europesays.com\/no\/wp-json\/wp\/v2\/media?parent=138276"}],"wp:term":[{"taxonomy":"category","embeddable":true,"href":"https:\/\/www.europesays.com\/no\/wp-json\/wp\/v2\/categories?post=138276"},{"taxonomy":"post_tag","embeddable":true,"href":"https:\/\/www.europesays.com\/no\/wp-json\/wp\/v2\/tags?post=138276"}],"curies":[{"name":"wp","href":"https:\/\/api.w.org\/{rel}","templated":true}]}}