{"id":138297,"date":"2026-01-15T13:45:11","date_gmt":"2026-01-15T13:45:11","guid":{"rendered":"https:\/\/www.europesays.com\/no\/138297\/"},"modified":"2026-01-15T13:45:11","modified_gmt":"2026-01-15T13:45:11","slug":"forfatter-helene-uri-beklager-etter-i-mitt-lune-hi-kritikk","status":"publish","type":"post","link":"https:\/\/www.europesays.com\/no\/138297\/","title":{"rendered":"Forfatter Helene Uri beklager etter \u00abI mitt lune hi\u00bb-kritikk"},"content":{"rendered":"\n<p class=\"_lead_o9xde_2 _lead_xtcu6_50 layout-component text-serif-m layout-normal text-serif-l layout-component layout-wide layout-padded _wide_17hqh_1 layout-padded\">Forlaget Gyldendal beklager ogs\u00e5 overfor de forn\u00e6rmede.<\/p>\n<p><img alt=\" Foto: Berit Roald \/ NTB\" class=\"_image_qp4xg_65 layout-component layout-wide\" data-fullscreen- data-track-element-type=\"Article image fullscreen\" data-track-name=\"ImageFullscreen\" fetchpriority=\"high\" decoding=\"sync\" loading=\"eager\" height=\"3456\" itemprop=\"image\"  src=\"https:\/\/www.europesays.com\/no\/wp-content\/uploads\/2026\/01\/5533ab2b-3cca-49de-b817-2be140daf099.jpeg\"  style=\"object-position:61.9116512345679% 45.457175925925924%\" width=\"5184\"\/> Foto: Berit Roald \/ NTB<\/p>\n<ul aria-hidden=\"true\" class=\"_images_ntbth_112\">\n<li><a class=\"_link_ntbth_117\" href=\"https:\/\/www.vg.no\/forfatter\/bastian-lunde-hvitmyhr\" style=\"z-index:1\" title=\"Bastian Lunde Hvitmyhr\" rel=\"nofollow noopener\" target=\"_blank\"><img alt=\"Bilde av Bastian Lunde Hvitmyhr\" class=\"_image_ntbth_93\" fetchpriority=\"low\" loading=\"lazy\" decoding=\"async\" itemprop=\"image\"  src=\"https:\/\/www.europesays.com\/no\/wp-content\/uploads\/2026\/01\/1768484709_578_150baf2c-85af-47f9-b506-d8189e6820a4.jpeg\"  width=\"480\"\/><\/a><\/li>\n<\/ul>\n<p> Oppdatert torsdag 15. januar kl. 14:26     <\/p>\n<p class=\"_paragraph_o9xde_4 _paragraph_xtcu6_10 layout-component text-serif-m layout-normal text-serif-m layout-padded\">Forfatter Helene Uri ber om unnskyldning etter kritikken av romanen \u00abI mitt lune hi\u00bb, som kom ut denne uken.<\/p>\n<p class=\"_paragraph_o9xde_4 _paragraph_xtcu6_10 layout-component text-serif-m layout-normal text-serif-m layout-padded\">Det skjer i en kronikk i <a href=\"https:\/\/www.aftenposten.no\/norge\/i\/wre09P\/forlaget-beklager-og-helene-uri-ber-om-unnskyldning-etter-bok-kritikk\" class=\"_link_o9xde_39\" rel=\"nofollow noopener\" target=\"_blank\">Aftenposten.<\/a><\/p>\n<p class=\"_paragraph_o9xde_4 _paragraph_xtcu6_10 layout-component text-serif-m layout-normal text-serif-m layout-padded\">Boken er basert p\u00e5 en sann historie der en mor og datter i flere \u00e5r ble overv\u00e5ket med skjulte kameraer i leiligheten sin. Kvinnene levde uvitende i flere \u00e5r, helt til en ledning l\u00f8snet p\u00e5 badet. Mannen i etasjen over dem hadde satt opp spionkamera samtidig som han utviklet et n\u00e6rt og vennskapelig forhold til de han spionerte p\u00e5.<\/p>\n<p class=\"_paragraph_o9xde_4 _paragraph_xtcu6_10 layout-component text-serif-m layout-normal text-serif-m layout-padded\"><strong class=\"_strong_o9xde_25\">Saken havnet i retten, og en dom kom i 2020.<\/strong><\/p>\n<p class=\"_paragraph_o9xde_4 _paragraph_xtcu6_10 layout-component text-serif-m layout-normal text-serif-m layout-padded\">De forn\u00e6rmede i saken var ikke varslet om romanen som gjenspeiler mye av deres virkelige opplevelser. <\/p>\n<p class=\"_paragraph_o9xde_4 _paragraph_xtcu6_10 layout-component text-serif-m layout-normal text-serif-m layout-padded\">\u00abKan hun bare stjele andres historie?\u00bb spurte VGs kommentator Astrid Meland i en kronikk torsdag.<\/p>\n<p class=\"_paragraph_o9xde_4 _paragraph_xtcu6_10 layout-component text-serif-m layout-normal layout-padded\"><strong class=\"_strong_o9xde_25\">Les ogs\u00e5:<\/strong> <a href=\"https:\/\/www.vg.no\/i\/n1A0Xo\" data-track-element-type=\"Link\" data-track-id=\"link:n1A0Xo\" class=\"_link_o9xde_39\" rel=\"nofollow noopener\" target=\"_blank\">Kan hun bare stjele andres historie? <\/a><\/p>\n<p class=\"_paragraph_o9xde_4 _paragraph_xtcu6_10 layout-component text-serif-m layout-normal text-serif-m layout-padded\"><strong class=\"_strong_o9xde_25\">De forn\u00e6rmede kvinnene har reagert kraftig p\u00e5 at deres historie brukes i romanen uten at de ble kontaktet p\u00e5 forh\u00e5nd.<\/strong><\/p>\n<p class=\"_paragraph_o9xde_4 _paragraph_xtcu6_10 layout-component text-serif-m layout-normal text-serif-m layout-padded\">\u2013 Jeg overlot den oppgaven til forlaget, men selvsagt er det mitt ansvar, og derfor vil jeg gjerne be om unnskyldning for at de involverte fikk vite om romanen gjennom mediene, skriver Uri if\u00f8lge\u00a0<a href=\"https:\/\/www.aftenposten.no\/norge\/i\/wre09P\/forlaget-beklager-og-helene-uri-ber-om-unnskyldning-etter-bok-kritikk\" class=\"_link_o9xde_39\" rel=\"nofollow noopener\" target=\"_blank\">Aftenposten<\/a>.<\/p>\n<p class=\"_paragraph_o9xde_4 _paragraph_xtcu6_10 layout-component text-serif-m layout-normal text-serif-m layout-padded\"><strong class=\"_strong_o9xde_25\">Ogs\u00e5 forlaget <a href=\"https:\/\/www.vg.no\/tag\/gyldendal?utm_source=vg-article&amp;utm_medium=auto-tagger&amp;utm_campaign=k0Ryn6\" class=\"_link_o9xde_39\" rel=\"nofollow noopener\" target=\"_blank\">Gyldendal<\/a> beklager.<\/strong><\/p>\n<p class=\"_paragraph_o9xde_4 _paragraph_xtcu6_10 layout-component text-serif-m layout-normal text-serif-m layout-padded\">Sjefredakt\u00f8r Kari Marstein skriver at de burde ha gjort mer for \u00e5 sikre at kvinnene ble varslet f\u00f8r utgivelsen.<\/p>\n<p class=\"_paragraph_o9xde_4 _paragraph_xtcu6_10 layout-component text-serif-m layout-normal text-serif-m layout-padded\">Men unnskyldningene holder ikke for de forn\u00e6rmede.<\/p>\n<p class=\"_paragraph_o9xde_4 _paragraph_xtcu6_10 layout-component text-serif-m layout-normal text-serif-m layout-padded\">\u2013 Dette er ikke godt nok. Skaden har allerede skjedd, sier en av kvinnene til Aftenposten.<\/p>\n<p class=\"_paragraph_o9xde_4 _paragraph_xtcu6_10 layout-component text-serif-m layout-normal text-serif-m layout-padded\">Hun har n\u00e5 tatt kontakt med advokat og mener at forlaget og Uri utnytter andres lidelse kynisk. Hun reagerer spesielt p\u00e5 at Uri fortsatt hevder boken er fiktiv.<\/p>\n<p class=\"_paragraph_o9xde_4 _paragraph_xtcu6_10 layout-component text-serif-m layout-normal text-serif-m layout-padded\">\u2013 Boken bygger ikke bare p\u00e5 virkeligheten, men den gjenspeiler store deler av den, sier hun.<\/p>\n<p class=\"_paragraph_o9xde_4 _paragraph_xtcu6_10 layout-component text-serif-m layout-normal text-serif-m layout-padded\">Forfattere som baserer romaner p\u00e5 ekte hendelser og personer har de siste \u00e5rene blitt debattert flere ganger.<\/p>\n<p>    <img decoding=\"async\" alt=\"Tips oss illustrasjon\" src=\"https:\/\/www.europesays.com\/no\/wp-content\/uploads\/2025\/10\/pssst-small.webp.webp\"\/>    <\/p>\n<p class=\"title-serif-s\">Har du tips?<\/p>\n<p class=\"text-sans-m\">Send oss informasjon, bilder eller video.<\/p>\n<p>  <a href=\"https:\/\/www.vg.no\/tips-oss\" rel=\"nofollow noopener\" target=\"_blank\"> Tips oss <\/a>      <\/p>\n","protected":false},"excerpt":{"rendered":"Forlaget Gyldendal beklager ogs\u00e5 overfor de forn\u00e6rmede. Foto: Berit Roald \/ NTB Oppdatert torsdag 15. januar kl. 14:26&hellip;\n","protected":false},"author":2,"featured_media":138298,"comment_status":"","ping_status":"","sticky":false,"template":"","format":"standard","meta":{"footnotes":""},"categories":[5],"tags":[150,31,20,21,24,25,6884,15760,15,19,22,23,17,18,13,30,28,29,14,16,26,27],"class_list":{"0":"post-138297","1":"post","2":"type-post","3":"status-publish","4":"format-standard","5":"has-post-thumbnail","7":"category-overskrifter","8":"tag-bok","9":"tag-breaking","10":"tag-breaking-news","11":"tag-breakingnews","12":"tag-featured-news","13":"tag-featurednews","14":"tag-forfatter","15":"tag-gyldendal","16":"tag-headlines","17":"tag-hovedoppslag","18":"tag-latest-news","19":"tag-latestnews","20":"tag-main-news","21":"tag-mainnews","22":"tag-news","23":"tag-no","24":"tag-norge","25":"tag-norway","26":"tag-nyheter","27":"tag-overskrifter","28":"tag-top-stories","29":"tag-topstories"},"share_on_mastodon":{"url":"https:\/\/pubeurope.com\/@no\/115899421418754003","error":""},"_links":{"self":[{"href":"https:\/\/www.europesays.com\/no\/wp-json\/wp\/v2\/posts\/138297","targetHints":{"allow":["GET"]}}],"collection":[{"href":"https:\/\/www.europesays.com\/no\/wp-json\/wp\/v2\/posts"}],"about":[{"href":"https:\/\/www.europesays.com\/no\/wp-json\/wp\/v2\/types\/post"}],"author":[{"embeddable":true,"href":"https:\/\/www.europesays.com\/no\/wp-json\/wp\/v2\/users\/2"}],"replies":[{"embeddable":true,"href":"https:\/\/www.europesays.com\/no\/wp-json\/wp\/v2\/comments?post=138297"}],"version-history":[{"count":0,"href":"https:\/\/www.europesays.com\/no\/wp-json\/wp\/v2\/posts\/138297\/revisions"}],"wp:featuredmedia":[{"embeddable":true,"href":"https:\/\/www.europesays.com\/no\/wp-json\/wp\/v2\/media\/138298"}],"wp:attachment":[{"href":"https:\/\/www.europesays.com\/no\/wp-json\/wp\/v2\/media?parent=138297"}],"wp:term":[{"taxonomy":"category","embeddable":true,"href":"https:\/\/www.europesays.com\/no\/wp-json\/wp\/v2\/categories?post=138297"},{"taxonomy":"post_tag","embeddable":true,"href":"https:\/\/www.europesays.com\/no\/wp-json\/wp\/v2\/tags?post=138297"}],"curies":[{"name":"wp","href":"https:\/\/api.w.org\/{rel}","templated":true}]}}