{"id":138301,"date":"2026-01-15T13:49:35","date_gmt":"2026-01-15T13:49:35","guid":{"rendered":"https:\/\/www.europesays.com\/no\/138301\/"},"modified":"2026-01-15T13:49:35","modified_gmt":"2026-01-15T13:49:35","slug":"denne-logoen-forsvinner-flere-endringer-pa-gang-i-elverum-ostlendingen","status":"publish","type":"post","link":"https:\/\/www.europesays.com\/no\/138301\/","title":{"rendered":"Denne logoen forsvinner &#8211; flere endringer p\u00e5 gang i Elverum &#8211; \u00d8stlendingen"},"content":{"rendered":"<ol>\n<li><a href=\"https:\/\/news.google.com\/rss\/articles\/CBMinAFBVV95cUxOa2h2R01yazBfRVN6dDlIVWlRcEZZZkNidFZVeWtMLW9lbXBvaC1MLV9oeXEyZFpVWFdYVTFPbmdPczZHTWJfa2tIU1c1cnJDMF9rc0Q5VnA1aVMtb3ZLR0Y1SFZ0MUdhNnpOYVR4TWRwcHVCdnM1UnBfbEFCdXNXenI0dmtiRUhXUDM0cFhvRzVJczNRckpMUHIxLUc?oc=5\" target=\"_blank\" rel=\"nofollow noopener\">Denne logoen forsvinner &#8211; flere endringer p\u00e5 gang i Elverum<\/a>&nbsp;&nbsp;\u00d8stlendingen<\/li>\n<li><a href=\"https:\/\/news.google.com\/rss\/articles\/CBMie0FVX3lxTE9TU2RLZ2g0a0VNbUFZTS0xelkwaTUtVTJLZFh4WTdjSXBYLVRIOTlvWGZhWWxSMTJJWU1DUHJmQUVEbmVGUFNyMmhkd3dCSWE4WGY4c3plenRKRXNNUThDMHprUEdBZW9pMXhnM05qenVqU1huUExIaXNPNA?oc=5\" target=\"_blank\" rel=\"nofollow noopener\">(+) F\u00e5r nye navneskilt: \u2013 En ekstra tyngde<\/a>&nbsp;&nbsp;fvn.no<\/li>\n<li><a href=\"https:\/\/news.google.com\/rss\/articles\/CBMijgFBVV95cUxOeVlDekw5OGZhVi10Q19sSHJISmFkeXBJMkxESUItUUF2QkQyVFVXc2JZS1BRVmlXMndqcnNWVV96NTZaSFZDZ3ItZ1loREY3NHgtV09QVDhjOHEtNUdZeS1CWVNlYzBQbmVYNWd0VWxKeWJPWU9ISXowdFRGXzBRRDA3OWVaSWlWOENhTmV3?oc=5\" target=\"_blank\" rel=\"nofollow noopener\">MittLillestr\u00f8m, Str\u00f8mmen storsenter | Omsatte for fire milliarder: Snart skrus skiltene ned<\/a>&nbsp;&nbsp;Romerikes Blad<\/li>\n<li><a href=\"https:\/\/news.google.com\/rss\/articles\/CBMiswFBVV95cUxPSWdSMlBwZWRka2Q0VTBZRUJiWkR3WDIzZ2tJUnRRX0RGcVFDSFZaOUJFbEFEUWdKVGk4ejFJZHg3SVpGTkFyNmQ4NXNTMkxuS2RJOE9NbDgyeUdPV0duc1RQeDFET2pvNzhvT2dEMFNna2xXWEZGOG5kX25tYUhjM1VBbWlKbElPblVMbFhvSEhaaTV3S0NqWUFhLXJfVWg1a2dQc0hYVWl4RFRpM3owV0lPdw?oc=5\" target=\"_blank\" rel=\"nofollow noopener\">To kj\u00f8pesenter f\u00e5r nytt namn: &#8211; Enkelt for kundane \u00e5 kjenne oss att<\/a>&nbsp;&nbsp;hallingdolen.no<\/li>\n<li><a href=\"https:\/\/news.google.com\/rss\/articles\/CBMia0FVX3lxTE5mQWNmNmVCdTdXZ3BtVzZKMEdHUHpaZ1RoQjh1N1Fhb2xqMmFDdWl3dnZsY3NZTU11c0gzdW93aUpOSnJxNTZSa1YxLURObXF0SGV6eUxhdGR4SUJ0Tl9VelpsWUQ5QkhhYndj?oc=5\" target=\"_blank\" rel=\"nofollow noopener\">Senterdirekt\u00f8r utelukker ikke rebranding av de svenske kj\u00f8pesentrene<\/a>&nbsp;&nbsp;EiendomsWatch<\/li>\n<\/ol>\n","protected":false},"excerpt":{"rendered":"Denne logoen forsvinner &#8211; flere endringer p\u00e5 gang i Elverum&nbsp;&nbsp;\u00d8stlendingen (+) F\u00e5r nye navneskilt: \u2013 En ekstra tyngde&nbsp;&nbsp;fvn.no&hellip;\n","protected":false},"author":2,"featured_media":138302,"comment_status":"","ping_status":"","sticky":false,"template":"","format":"standard","meta":{"footnotes":""},"categories":[56],"tags":[60,61,62,30,28,29],"class_list":{"0":"post-138301","1":"post","2":"type-post","3":"status-publish","4":"format-standard","5":"has-post-thumbnail","7":"category-naeringsliv","8":"tag-business","9":"tag-economy","10":"tag-naeringsliv","11":"tag-no","12":"tag-norge","13":"tag-norway"},"share_on_mastodon":{"url":"https:\/\/pubeurope.com\/@no\/115899437039707001","error":""},"_links":{"self":[{"href":"https:\/\/www.europesays.com\/no\/wp-json\/wp\/v2\/posts\/138301","targetHints":{"allow":["GET"]}}],"collection":[{"href":"https:\/\/www.europesays.com\/no\/wp-json\/wp\/v2\/posts"}],"about":[{"href":"https:\/\/www.europesays.com\/no\/wp-json\/wp\/v2\/types\/post"}],"author":[{"embeddable":true,"href":"https:\/\/www.europesays.com\/no\/wp-json\/wp\/v2\/users\/2"}],"replies":[{"embeddable":true,"href":"https:\/\/www.europesays.com\/no\/wp-json\/wp\/v2\/comments?post=138301"}],"version-history":[{"count":0,"href":"https:\/\/www.europesays.com\/no\/wp-json\/wp\/v2\/posts\/138301\/revisions"}],"wp:featuredmedia":[{"embeddable":true,"href":"https:\/\/www.europesays.com\/no\/wp-json\/wp\/v2\/media\/138302"}],"wp:attachment":[{"href":"https:\/\/www.europesays.com\/no\/wp-json\/wp\/v2\/media?parent=138301"}],"wp:term":[{"taxonomy":"category","embeddable":true,"href":"https:\/\/www.europesays.com\/no\/wp-json\/wp\/v2\/categories?post=138301"},{"taxonomy":"post_tag","embeddable":true,"href":"https:\/\/www.europesays.com\/no\/wp-json\/wp\/v2\/tags?post=138301"}],"curies":[{"name":"wp","href":"https:\/\/api.w.org\/{rel}","templated":true}]}}