{"id":138303,"date":"2026-01-15T13:51:07","date_gmt":"2026-01-15T13:51:07","guid":{"rendered":"https:\/\/www.europesays.com\/no\/138303\/"},"modified":"2026-01-15T13:51:07","modified_gmt":"2026-01-15T13:51:07","slug":"politi-more-og-romsdal-lokalpolitiker-overgrepssiktet-i-more-og-romsdal","status":"publish","type":"post","link":"https:\/\/www.europesays.com\/no\/138303\/","title":{"rendered":"Politi, M\u00f8re og Romsdal | Lokalpolitiker overgrepssiktet i M\u00f8re og Romsdal"},"content":{"rendered":"\n<p>En mannlig lokalpolitiker fra M\u00f8re og Romsdal ble p\u00e5grepet i forrige m\u00e5ned, siktet for overgrep mot barn.<\/p>\n<p> Mannen ble p\u00e5grepet 9. desember og holdt i varetekt fram til han ble l\u00f8slatt lille julaften etter at det ikke lenger var fare for bevisforspillelse, skriver <a href=\"https:\/\/www.tv2.no\/nyheter\/politiker-siktet-for-overgrep-mot-barn\/18464880\/\" rel=\"nofollow noopener\" target=\"_blank\">TV 2.<\/a><\/p>\n<p>Han er siktet for seksuell omgang med barn under 16 \u00e5r, opplyser politiet til TV 2.<\/p>\n<p>\u2013 Politiet ser alvorlig p\u00e5 denne type kriminalitet, s\u00e6rlig n\u00e5r mindre\u00e5rige er forn\u00e6rmet, sier politiadvokat Merethe Falkevik i M\u00f8re og Romsdal politidistrikt.<\/p>\n<p>Mannen har erkjent \u00e5 ha hatt seksuell omgang med en person som p\u00e5 gjerningstidspunktet var 15 \u00e5r, fremg\u00e5r det i kjennelsen. Det er ikke kjent hvordan mannen stiller seg til siktelsen.<\/p>\n<p>(\u00a9NTB)<\/p>\n","protected":false},"excerpt":{"rendered":"En mannlig lokalpolitiker fra M\u00f8re og Romsdal ble p\u00e5grepet i forrige m\u00e5ned, siktet for overgrep mot barn. Mannen&hellip;\n","protected":false},"author":2,"featured_media":4145,"comment_status":"","ping_status":"","sticky":false,"template":"","format":"standard","meta":{"footnotes":""},"categories":[10],"tags":[36,20,21,24,25,15,22,23,953,13,30,28,29,14,16,254,15780,1510,26,27],"class_list":{"0":"post-138303","1":"post","2":"type-post","3":"status-publish","4":"format-standard","5":"has-post-thumbnail","7":"category-norge","8":"tag-art","9":"tag-breaking-news","10":"tag-breakingnews","11":"tag-featured-news","12":"tag-featurednews","13":"tag-headlines","14":"tag-latest-news","15":"tag-latestnews","16":"tag-more-og-romsdal","17":"tag-news","18":"tag-no","19":"tag-norge","20":"tag-norway","21":"tag-nyheter","22":"tag-overskrifter","23":"tag-politi","24":"tag-siktelse","25":"tag-story","26":"tag-top-stories","27":"tag-topstories"},"share_on_mastodon":{"url":"https:\/\/pubeurope.com\/@no\/115899445008622459","error":""},"_links":{"self":[{"href":"https:\/\/www.europesays.com\/no\/wp-json\/wp\/v2\/posts\/138303","targetHints":{"allow":["GET"]}}],"collection":[{"href":"https:\/\/www.europesays.com\/no\/wp-json\/wp\/v2\/posts"}],"about":[{"href":"https:\/\/www.europesays.com\/no\/wp-json\/wp\/v2\/types\/post"}],"author":[{"embeddable":true,"href":"https:\/\/www.europesays.com\/no\/wp-json\/wp\/v2\/users\/2"}],"replies":[{"embeddable":true,"href":"https:\/\/www.europesays.com\/no\/wp-json\/wp\/v2\/comments?post=138303"}],"version-history":[{"count":0,"href":"https:\/\/www.europesays.com\/no\/wp-json\/wp\/v2\/posts\/138303\/revisions"}],"wp:featuredmedia":[{"embeddable":true,"href":"https:\/\/www.europesays.com\/no\/wp-json\/wp\/v2\/media\/4145"}],"wp:attachment":[{"href":"https:\/\/www.europesays.com\/no\/wp-json\/wp\/v2\/media?parent=138303"}],"wp:term":[{"taxonomy":"category","embeddable":true,"href":"https:\/\/www.europesays.com\/no\/wp-json\/wp\/v2\/categories?post=138303"},{"taxonomy":"post_tag","embeddable":true,"href":"https:\/\/www.europesays.com\/no\/wp-json\/wp\/v2\/tags?post=138303"}],"curies":[{"name":"wp","href":"https:\/\/api.w.org\/{rel}","templated":true}]}}