{"id":138304,"date":"2026-01-15T13:52:07","date_gmt":"2026-01-15T13:52:07","guid":{"rendered":"https:\/\/www.europesays.com\/no\/138304\/"},"modified":"2026-01-15T13:52:07","modified_gmt":"2026-01-15T13:52:07","slug":"hun-kan-bli-ny-venstre-topp-nrk-norge-oversikt-over-nyheter-fra-ulike-deler-av-landet","status":"publish","type":"post","link":"https:\/\/www.europesays.com\/no\/138304\/","title":{"rendered":"Hun kan bli ny Venstre-topp \u2013 NRK Norge \u2013 Oversikt over nyheter fra ulike deler av landet"},"content":{"rendered":"<p>18. desember sprakk nyheten: Mange\u00e5rig statsr\u00e5d og Venstre-nestleder Sveinung Rotevatn hadde takket ja til \u00e5 bli daglig leder i Bellona. Dermed var han ogs\u00e5 ferdig som nestleder i Venstre.<\/p>\n<p>Det har v\u00e6rt uklart om Venstre ville erstatte Rotevatn n\u00e5, eller om partiet ville vente til landsm\u00f8tet neste \u00e5r.<\/p>\n<p><strong>Men n\u00e5 ligger det an til at partiets sentralstyre i morgen vil komme med en tydelig anbefaling til partiet om \u00e5 finne en erstatter for Rotevatn. Etter det NRK forst\u00e5r, er planen \u00e5 supplere med en ny nestleder som kan l\u00f8nnes av partiet, allerede n\u00e5. <\/strong><\/p>\n<p>Hvem dette blir, er ikke klart. Men tidligere stortingspolitiker Ingvild Wetrhus Thorsvik anses av kilder i partiet som en av de fremste favorittene til \u00e5 f\u00e5 vervet.<\/p>\n<p>\u2013 Ryddig prosess<\/p>\n<p>Venstre er i dag og i morgen samlet p\u00e5 Oscarsborg utenfor Oslo til strategisamling. Nestleder-saken vil bli tatt opp i morgen.<\/p>\n<p><strong>\u2013 Etter at Sveinung nylig trakk seg, har Venstre kun \u00e9n nestleder. N\u00e5 skal partiledelsen ta stilling til om vi skal gjennomf\u00f8re et ekstraordin\u00e6rt valg, sier Venstre-leder Guri Melby i en kommentar til NRK.<\/strong><\/p>\n<p>\u2013 Dersom vi g\u00e5r for det, vil vi legge opp til en \u00e5pen og ryddig prosess der partiet vil kunne foresl\u00e5 gode kandidater og velge ny nestleder.<\/p>\n<p><img decoding=\"async\"   src=\"data:image\/gif;base64,R0lGODlhAQABAIAAAAAAAP\/\/\/yH5BAEAAAAALAAAAAABAAEAAAIBRAA7\" loading=\"eager\" alt=\"En kvinnelig programleder sitter ved et bord med mikrofon foran seg. Bakgrunnen er delvis bl\u00e5 og r\u00f8d. Hun har p\u00e5 seg en m\u00f8rkebl\u00e5 bluse og har kort, b\u00f8lgete h\u00e5r. Studioet ser ut til \u00e5 v\u00e6re designet for direktesending.\" title=\"Foto: Ismail Burak Akkan \/ NRK\"\/><\/p>\n<p class=\"\">PROSESS: Venstre-leder Guri Melby m\u00f8ter i dag og i morgen sentralstyret i partiet.<\/p>\n<p>Foto: Ismail Burak Akkan \/ NRK<\/p>\n<p>Vil utvide n\u00e5<\/p>\n<p>Venstre klarte ikke \u00e5 komme over sperregrensen p\u00e5 4 prosent i valget i fjor h\u00f8st. Det bet\u00f8d ikke bare at det borgerlige flertallet glapp.<\/p>\n<p>Partiets stortingsgruppe ble samtidig redusert fra \u00e5tte til tre representanter. I dag best\u00e5r stortingsgruppen bare av partileder Guri Melby, nestleder Abid Raja og Grunde Almeland.<\/p>\n<p>P\u00e5 grunn av en mer anstrengt \u00f8konomi, blant annet p\u00e5 grunn av valgfiaskoen i fjor h\u00f8st, er alternativet for Venstre \u00e5 vente med \u00e5 erstatte Rotevatn som nestleder til landsm\u00f8tet v\u00e5ren 2027.<\/p>\n<p><img decoding=\"async\"   src=\"data:image\/gif;base64,R0lGODlhAQABAIAAAAAAAP\/\/\/yH5BAEAAAAALAAAAAABAAEAAAIBRAA7\" loading=\"eager\" alt=\"Gardermoen 20200926. &#10;Ny ledertrio i Venstre med leder Guri Melby som flankeres av nestlederne Sveinung Rotevatn og Abid Raja etter valget under landsm\u00f8tet til Venstre p\u00e5 Gardermoen\/POOL.&#10;Foto: Geir Olsen \/ NTB\" title=\"Foto: Geir Olsen\"\/><\/p>\n<p class=\"\">TRIO: Sveinung Rotevatn (til venstre) er ute av Venstre-ledelsen, som n\u00e5 best\u00e5r av Guri Melby og Abid Raja.<\/p>\n<p>Foto: Geir Olsen<\/p>\n<p>Men ettersom stortingsgruppen er s\u00e5 liten er vurderingen fra flere i sentralstyret at en ny nestleder m\u00e5 p\u00e5 plass f\u00f8r den tid.<\/p>\n<p>B\u00e5de Melby og nestleder Raja er i stor grad bundet opp av arbeidet p\u00e5 Stortinget, og en ny nestleder vil kunne pleie kontakten med grasrota og bidra i utviklingen av ny politikk.<\/p>\n<p>34 \u00e5r gamle Ingvild Wetrhus Thorsvik fra Mandal i Agder satt p\u00e5 Stortinget for Venstre i forrige periode, men fikk <a href=\"https:\/\/www.nrk.no\/sorlandet\/ingvild-thorsvik-og-gro-anita-mykjaland-ma-forlate-stortinget_-_-ma-ut-og-soke-meg-en-annen-jobb-1.17562320\" ec-id=\"pp:article:1.17562320\" ec-name=\"ikke fornyet tillit i stortingsvalget\" rel=\"nofollow noopener\" target=\"_blank\">ikke fornyet tillit i stortingsvalget<\/a>.<\/p>\n<p>Hun frontet blant annet Venstre i den til tider opphetede debatten om rusreform og har kjempet hardt for en mer liberal ruspolitikk.<\/p>\n<p>Flere navn<\/p>\n<p>Samtidig understreker NRKs kilder at det ogs\u00e5 er flere andre navn som er aktuelle for \u00e5 bli ny nestleder.<\/p>\n<p>\u00c9n av dem er <strong>Lars Brands\u00e5s<\/strong> (27) fra Tr\u00f8ndelag. Han var partiets f\u00f8rstekandidat i S\u00f8r-Tr\u00f8ndelag og har bakgrunn som politisk r\u00e5dgiver og statssekret\u00e6r i Solberg-regjeringen.<\/p>\n<p>Ogs\u00e5 <strong>Ingrid Neergaard Fjeldstad<\/strong> (42) trekkes fram. Hun var andrekandidat, bak Rotevatn, p\u00e5 Venstres liste i Hordaland ved valget i fjor h\u00f8st. Fjeldstad er bystyrerepresentant og tidligere klimabyr\u00e5d i Bergen. Hun er ogs\u00e5 Venstres representant i regjeringens skattekommisjon.<\/p>\n<p>Venstres varaordf\u00f8rer i Bod\u00f8, <strong>Ida Gudding Johnsen <\/strong>(48), nevnes i diskusjonen. Det gj\u00f8r ogs\u00e5 <strong>Grunde Almeland <\/strong>(34). Men Almeland er ogs\u00e5 fra Oslo og i likhet med Raja og Melby stortingsrepresentant.<\/p>\n<p>En annen Venstre-profil, <strong>Alfred Bj\u00f8rlo<\/strong> (53) fra Nordfjordeid, mistet plassen p\u00e5 Stortinget i fjor h\u00f8st. Han har nettopp f\u00e5tt ny jobb i n\u00e6ringsstiftelsen Drivkraft, noe som trolig gj\u00f8r ham mindre aktuell i denne omgang.<\/p>\n<p>          Oppslutning  Partioppslutning<\/p>\n<tr role=\"row\" class=\"svelte-7u7rnc\">PartiOppslutningEndring<\/tr>\n<tr role=\"row\" data-parti=\"R\u00d8DT\" tabindex=\"-1\" class=\"svelte-7u7rnc\">\n<td role=\"cell\" class=\"oppslutning svelte-7u7rnc\"\/>\n<td role=\"cell\" class=\"endring svelte-7u7rnc\"><\/td>\n<\/tr>\n<tr role=\"row\" data-parti=\"SV\" tabindex=\"-1\" class=\"svelte-7u7rnc\">\n<td role=\"cell\" class=\"oppslutning svelte-7u7rnc\"\/>\n<td role=\"cell\" class=\"endring svelte-7u7rnc\"><\/td>\n<\/tr>\n<tr role=\"row\" data-parti=\"SP\" tabindex=\"-1\" class=\"svelte-7u7rnc\">\n<td role=\"cell\" class=\"oppslutning svelte-7u7rnc\"\/>\n<td role=\"cell\" class=\"endring svelte-7u7rnc\"><\/td>\n<\/tr>\n<tr role=\"row\" data-parti=\"A\" tabindex=\"-1\" class=\"svelte-7u7rnc\">\n<td role=\"cell\" class=\"oppslutning svelte-7u7rnc\"\/>\n<td role=\"cell\" class=\"endring svelte-7u7rnc\"><\/td>\n<\/tr>\n<tr role=\"row\" data-parti=\"MDG\" tabindex=\"-1\" class=\"svelte-7u7rnc\">\n<td role=\"cell\" class=\"oppslutning svelte-7u7rnc\"\/>\n<td role=\"cell\" class=\"endring svelte-7u7rnc\"><\/td>\n<\/tr>\n<tr role=\"row\" data-parti=\"KRF\" tabindex=\"-1\" class=\"svelte-7u7rnc\">\n<td role=\"cell\" class=\"oppslutning svelte-7u7rnc\"\/>\n<td role=\"cell\" class=\"endring svelte-7u7rnc\"><\/td>\n<\/tr>\n<tr role=\"row\" data-parti=\"V\" tabindex=\"-1\" class=\"svelte-7u7rnc\">\n<td role=\"cell\" class=\"oppslutning svelte-7u7rnc\"\/>\n<td role=\"cell\" class=\"endring svelte-7u7rnc\"><\/td>\n<\/tr>\n<tr role=\"row\" data-parti=\"H\" tabindex=\"-1\" class=\"svelte-7u7rnc\">\n<td role=\"cell\" class=\"oppslutning svelte-7u7rnc\"\/>\n<td role=\"cell\" class=\"endring svelte-7u7rnc\"><\/td>\n<\/tr>\n<tr role=\"row\" data-parti=\"FRP\" tabindex=\"-1\" class=\"svelte-7u7rnc\">\n<td role=\"cell\" class=\"oppslutning svelte-7u7rnc\"\/>\n<td role=\"cell\" class=\"endring svelte-7u7rnc\"><\/td>\n<\/tr>\n<p class=\"figurtekst svelte-1e4e6r1 laster\" data-typo=\"figurtekst\"> Viser endring fra forrige stortingsvalg. <\/p>\n<p>Publisert<\/p>\n<p>15.01.2026, kl. 13.55<\/p>\n","protected":false},"excerpt":{"rendered":"18. desember sprakk nyheten: Mange\u00e5rig statsr\u00e5d og Venstre-nestleder Sveinung Rotevatn hadde takket ja til \u00e5 bli daglig leder&hellip;\n","protected":false},"author":2,"featured_media":138305,"comment_status":"","ping_status":"","sticky":false,"template":"","format":"standard","meta":{"footnotes":""},"categories":[5],"tags":[20,21,24,25,15,19,22,23,17,18,13,30,28,29,14,16,26,27],"class_list":{"0":"post-138304","1":"post","2":"type-post","3":"status-publish","4":"format-standard","5":"has-post-thumbnail","7":"category-overskrifter","8":"tag-breaking-news","9":"tag-breakingnews","10":"tag-featured-news","11":"tag-featurednews","12":"tag-headlines","13":"tag-hovedoppslag","14":"tag-latest-news","15":"tag-latestnews","16":"tag-main-news","17":"tag-mainnews","18":"tag-news","19":"tag-no","20":"tag-norge","21":"tag-norway","22":"tag-nyheter","23":"tag-overskrifter","24":"tag-top-stories","25":"tag-topstories"},"share_on_mastodon":{"url":"https:\/\/pubeurope.com\/@no\/115899448988576311","error":""},"_links":{"self":[{"href":"https:\/\/www.europesays.com\/no\/wp-json\/wp\/v2\/posts\/138304","targetHints":{"allow":["GET"]}}],"collection":[{"href":"https:\/\/www.europesays.com\/no\/wp-json\/wp\/v2\/posts"}],"about":[{"href":"https:\/\/www.europesays.com\/no\/wp-json\/wp\/v2\/types\/post"}],"author":[{"embeddable":true,"href":"https:\/\/www.europesays.com\/no\/wp-json\/wp\/v2\/users\/2"}],"replies":[{"embeddable":true,"href":"https:\/\/www.europesays.com\/no\/wp-json\/wp\/v2\/comments?post=138304"}],"version-history":[{"count":0,"href":"https:\/\/www.europesays.com\/no\/wp-json\/wp\/v2\/posts\/138304\/revisions"}],"wp:featuredmedia":[{"embeddable":true,"href":"https:\/\/www.europesays.com\/no\/wp-json\/wp\/v2\/media\/138305"}],"wp:attachment":[{"href":"https:\/\/www.europesays.com\/no\/wp-json\/wp\/v2\/media?parent=138304"}],"wp:term":[{"taxonomy":"category","embeddable":true,"href":"https:\/\/www.europesays.com\/no\/wp-json\/wp\/v2\/categories?post=138304"},{"taxonomy":"post_tag","embeddable":true,"href":"https:\/\/www.europesays.com\/no\/wp-json\/wp\/v2\/tags?post=138304"}],"curies":[{"name":"wp","href":"https:\/\/api.w.org\/{rel}","templated":true}]}}