{"id":138310,"date":"2026-01-15T13:59:10","date_gmt":"2026-01-15T13:59:10","guid":{"rendered":"https:\/\/www.europesays.com\/no\/138310\/"},"modified":"2026-01-15T13:59:10","modified_gmt":"2026-01-15T13:59:10","slug":"vi-elsker-papegoyen-men-hater-kraken","status":"publish","type":"post","link":"https:\/\/www.europesays.com\/no\/138310\/","title":{"rendered":"\u00abVi elsker papeg\u00f8yen, men hater kr\u00e5ken\u00bb"},"content":{"rendered":"\n<p class=\"_paragraph_o9xde_4 _paragraph_xtcu6_10 layout-component text-serif-m layout-normal text-serif-m layout-padded\">Vi elsker papeg\u00f8yen, men hater kr\u00e5ken. <\/p>\n<p class=\"_paragraph_o9xde_4 _paragraph_xtcu6_10 layout-component text-serif-m layout-normal text-serif-m layout-padded\">Begge er intelligente og sosiale, men vi har bestemt at den ene er pynt, den andre et skadedyr. <\/p>\n<p class=\"_paragraph_o9xde_4 _paragraph_xtcu6_10 layout-component text-serif-m layout-normal text-serif-m layout-padded\">Vi gr\u00e5ter over hunden, men spiser grisen. <\/p>\n<p class=\"_paragraph_o9xde_4 _paragraph_xtcu6_10 layout-component text-serif-m layout-normal text-serif-m layout-padded\">Begge kan l\u00e6re triks, begge knytter seg til mennesker.<\/p>\n<p class=\"_paragraph_o9xde_4 _paragraph_xtcu6_10 layout-component text-serif-m layout-normal text-serif-m layout-padded\">Det er ikke logikk. <\/p>\n<p class=\"_paragraph_o9xde_4 _paragraph_xtcu6_10 layout-component text-serif-m layout-normal text-serif-m layout-padded\">Det er estetikk, en biologisk snarvei som deler verden i \u00aboss\u00bb og \u00abdem\u00bb. <\/p>\n<p class=\"_paragraph_o9xde_4 _paragraph_xtcu6_10 layout-component text-serif-m layout-normal text-serif-m layout-padded\"><strong class=\"_strong_o9xde_25\">I 2026 har dette filteret blitt et politisk v\u00e5pen.<\/strong><\/p>\n<p class=\"_paragraph_o9xde_4 _paragraph_xtcu6_10 layout-component text-serif-m layout-normal text-serif-m layout-padded\">I tirsdagens NRK-debatt om \u00abnorske verdier\u00bb ble<a href=\"https:\/\/www.vg.no\/tag\/terrorangrepet-under-pride-festivalen\" class=\"_link_o9xde_39\" rel=\"nofollow noopener\" target=\"_blank\"> terrorangrepet 25. juni 2022<\/a> igjen trukket fram. <\/p>\n<p class=\"_paragraph_o9xde_4 _paragraph_xtcu6_10 layout-component text-serif-m layout-normal text-serif-m layout-padded\">To mennesker ble drept, over tyve skadet. <\/p>\n<p class=\"_paragraph_o9xde_4 _paragraph_xtcu6_10 layout-component text-serif-m layout-normal text-serif-m layout-padded\">Angrepet var rettet mot skeive i forkant av Pride. <\/p>\n<p class=\"_paragraph_o9xde_4 _paragraph_xtcu6_10 layout-component text-serif-m layout-normal text-serif-m layout-padded\">Det var terror. Det skal aldri bagatelliseres.<\/p>\n<p class=\"_paragraph_o9xde_4 _paragraph_xtcu6_10 layout-component text-serif-m layout-normal text-serif-m layout-padded\">Men n\u00e5r slike hendelser brukes som argument i innvandringsdebatten, brukes enkeltmenneskers handlinger som bevis mot hele grupper. <\/p>\n<p><img alt=\"Pride-opptog fra Botsparken til London Pub, hvor angrepet skjedde.   Foto: Hallgeir V\u00e5genes \/ VG\" class=\"_image_qp4xg_65 layout-component layout-normal\" data-fullscreen- data-track-element-type=\"Article image fullscreen\" data-track-name=\"ImageFullscreen\" decoding=\"async\" loading=\"lazy\" height=\"3872\" itemprop=\"image\"  src=\"https:\/\/www.europesays.com\/no\/wp-content\/uploads\/2026\/01\/be094672-3fef-46a0-8d8d-e8d6d9478ced.jpeg\"  style=\"object-position:0% 0%\" width=\"5808\"\/>Pride-opptog fra Botsparken til London Pub, hvor angrepet skjedde.   Foto: Hallgeir V\u00e5genes \/ VG<\/p>\n<p class=\"_paragraph_o9xde_4 _paragraph_xtcu6_10 layout-component text-serif-m layout-normal text-serif-m layout-padded\">Gjerningsmannen var en norsk statsborger som if\u00f8lge PST hadde alvorlige psykiske lidelser. <\/p>\n<p class=\"_paragraph_o9xde_4 _paragraph_xtcu6_10 layout-component text-serif-m layout-normal text-serif-m layout-padded\">Likevel presses fortellingen inn i en enkel ligning: innvandring \u2192 islam \u2192 vold.<\/p>\n<p class=\"_paragraph_o9xde_4 _paragraph_xtcu6_10 layout-component text-serif-m layout-normal text-serif-m layout-padded\">Her er forskjellen vi sjelden snakker om: <\/p>\n<p class=\"_paragraph_o9xde_4 _paragraph_xtcu6_10 layout-component text-serif-m layout-normal text-serif-m layout-padded\">N\u00e5r en etnisk norsk person beg\u00e5r vold, sp\u00f8r vi \u00abhva skjedde med ham?\u00bb. <\/p>\n<p class=\"_paragraph_o9xde_4 _paragraph_xtcu6_10 layout-component text-serif-m layout-normal text-serif-m layout-padded\"><strong class=\"_strong_o9xde_25\">N\u00e5r en med muslimsk bakgrunn gj\u00f8r det samme, sp\u00f8r vi \u00abhva er galt med dem?\u00bb.<\/strong><\/p>\n<p class=\"_paragraph_o9xde_4 _paragraph_xtcu6_10 layout-component text-serif-m layout-normal text-serif-m layout-padded\">Ingen stilte sp\u00f8rsm\u00e5l ved \u00abnorske verdier\u00bb etter 22. juli eller <a href=\"https:\/\/www.vg.no\/spesial\/2019\/angrepet-paa-al-noor-moskeen-i-baerum\/\" class=\"_link_o9xde_39\" rel=\"nofollow noopener\" target=\"_blank\">mosk\u00e9skytingen i B\u00e6rum. <\/a><\/p>\n<p class=\"_paragraph_o9xde_4 _paragraph_xtcu6_10 layout-component text-serif-m layout-normal text-serif-m layout-padded\">Da fikk gjerningsmennene v\u00e6re individer, radikaliserte enkeltpersoner, tragiske tilfeller.<\/p>\n<p class=\"_paragraph_o9xde_4 _paragraph_xtcu6_10 layout-component text-serif-m layout-normal text-serif-m layout-padded\">Men for bare m\u00e5neder siden ble <a href=\"https:\/\/www.vg.no\/nyheter\/i\/PpMavR\/tamima-nibras-juhar-34-ble-drept-paa-kampen-vi-har-mistet-en-stor-stjerne-med-et-stort-hjerte\" data-track-element-type=\"Link\" data-track-id=\"link:PpMavR\" class=\"_link_o9xde_39\" rel=\"nofollow noopener\" target=\"_blank\">en muslimsk hjelpearbeider drept<\/a> av en h\u00f8yreekstrem terrorist i Oslo. <\/p>\n<p><img alt=\"Tamima Nibras Juhar (34) ble drept p\u00e5 jobb p\u00e5 Kampen i Oslo.   Foto: Privat\" class=\"_image_qp4xg_65 layout-component layout-normal\" data-fullscreen- data-track-element-type=\"Article image fullscreen\" data-track-name=\"ImageFullscreen\" decoding=\"async\" loading=\"lazy\" height=\"796\" itemprop=\"image\"  src=\"https:\/\/www.europesays.com\/no\/wp-content\/uploads\/2026\/01\/051d2159-2e7e-41df-9f5f-f8584901baca.jpeg\"  style=\"object-position:0% 0%\" width=\"791\"\/>Tamima Nibras Juhar (34) ble drept p\u00e5 jobb p\u00e5 Kampen i Oslo.   Foto: Privat<\/p>\n<p class=\"_paragraph_o9xde_4 _paragraph_xtcu6_10 layout-component text-serif-m layout-normal text-serif-m layout-padded\">Hun var p\u00e5 jobb. Hun hjalp barn. Hun ble drept fordi hun var muslim. <\/p>\n<p class=\"_paragraph_o9xde_4 _paragraph_xtcu6_10 layout-component text-serif-m layout-normal text-serif-m layout-padded\">Debatten varte en uke. <\/p>\n<p class=\"_paragraph_o9xde_4 _paragraph_xtcu6_10 layout-component text-serif-m layout-normal text-serif-m layout-padded\"><strong class=\"_strong_o9xde_25\">S\u00e5 ble det stille.<\/strong><\/p>\n<p class=\"_paragraph_o9xde_4 _paragraph_xtcu6_10 layout-component text-serif-m layout-normal text-serif-m layout-padded\">Forestill deg hvis rollene var byttet om. <\/p>\n<p class=\"_paragraph_o9xde_4 _paragraph_xtcu6_10 layout-component text-serif-m layout-normal text-serif-m layout-padded\">Hvor lenge hadde den debatten vart? Hvilke grupper hadde blitt holdt kollektivt ansvarlige?<\/p>\n<p class=\"_paragraph_o9xde_4 _paragraph_xtcu6_10 layout-component text-serif-m layout-normal text-serif-m layout-padded\">Det er dette jeg mener med selektiv empati. <\/p>\n<p class=\"_paragraph_o9xde_4 _paragraph_xtcu6_10 layout-component text-serif-m layout-normal text-serif-m layout-padded\"><strong class=\"_strong_o9xde_25\">Vi rangerer ikke bare lidelse, vi rangerer skyld.<\/strong><\/p>\n<p class=\"_paragraph_o9xde_4 _paragraph_xtcu6_10 layout-component text-serif-m layout-normal text-serif-m layout-padded\">Jeg kom til Norge som barn. <\/p>\n<p class=\"_paragraph_o9xde_4 _paragraph_xtcu6_10 layout-component text-serif-m layout-normal text-serif-m layout-padded\">Jeg gjorde alt \u00abriktig\u00bb. <\/p>\n<p class=\"_paragraph_o9xde_4 _paragraph_xtcu6_10 layout-component text-serif-m layout-normal text-serif-m layout-padded\">Likevel ligger bakgrunnen min alltid der som en merkelapp, klar til \u00e5 trekkes fram n\u00e5r debatten tilspisses.<\/p>\n<p class=\"_paragraph_o9xde_4 _paragraph_xtcu6_10 layout-component text-serif-m layout-normal text-serif-m layout-padded\">Vi liker historiene om \u00abvellykket integrering\u00bb, men budskapet er ofte: <\/p>\n<p class=\"_paragraph_o9xde_4 _paragraph_xtcu6_10 layout-component text-serif-m layout-normal text-serif-m layout-padded\"><strong class=\"_strong_o9xde_25\">Dere er velkomne, s\u00e5 lenge dere er eksepsjonelle. <\/strong><\/p>\n<p class=\"_paragraph_o9xde_4 _paragraph_xtcu6_10 layout-component text-serif-m layout-normal text-serif-m layout-padded\">Du m\u00e5 v\u00e6re ekstraordin\u00e6r for \u00e5 bli akseptert som ordin\u00e6r.<\/p>\n<p class=\"_paragraph_o9xde_4 _paragraph_xtcu6_10 layout-component text-serif-m layout-normal text-serif-m layout-padded\">Akkurat som vi aksepterer papeg\u00f8yen fordi den er vakker, men jager kr\u00e5ken fordi den er vanlig. <\/p>\n<p class=\"_paragraph_o9xde_4 _paragraph_xtcu6_10 layout-component text-serif-m layout-normal text-serif-m layout-padded\">Som vi elsker hunden i sengen v\u00e5r, men spiser grisen til middag.<\/p>\n<p><img alt=\"Foto: Lise \u00c5serud \/ NTB\" class=\"_image_qp4xg_65 layout-component layout-normal\" data-fullscreen- data-track-element-type=\"Article image fullscreen\" data-track-name=\"ImageFullscreen\" decoding=\"async\" loading=\"lazy\" height=\"3648\" itemprop=\"image\"  src=\"https:\/\/www.europesays.com\/no\/wp-content\/uploads\/2026\/01\/bdd427fd-e402-4094-bcbb-4425e76c6117.jpeg\"  style=\"object-position:0% 0%\" width=\"5472\"\/>Foto: Lise \u00c5serud \/ NTB<\/p>\n<p class=\"_paragraph_o9xde_4 _paragraph_xtcu6_10 layout-component text-serif-m layout-normal text-serif-m layout-padded\">Det som bekymrer meg mest er hva denne retorikken gj\u00f8r med barna. <\/p>\n<p class=\"_paragraph_o9xde_4 _paragraph_xtcu6_10 layout-component text-serif-m layout-normal text-serif-m layout-padded\">Tenk deg \u00e5 v\u00e6re 10 \u00e5r med utenlandsk bakgrunn. <\/p>\n<p class=\"_paragraph_o9xde_4 _paragraph_xtcu6_10 layout-component text-serif-m layout-normal text-serif-m layout-padded\">Du ser politikere snakke om \u00abfolk som deg\u00bb som et problem. <\/p>\n<p class=\"_paragraph_o9xde_4 _paragraph_xtcu6_10 layout-component text-serif-m layout-normal text-serif-m layout-padded\">Du h\u00f8rer klassekamerater gjenta det foreldrene sier hjemme. <\/p>\n<p class=\"_paragraph_o9xde_4 _paragraph_xtcu6_10 layout-component text-serif-m layout-normal text-serif-m layout-padded\">Du f\u00f8ler at uansett hva du gj\u00f8r, vil du aldri v\u00e6re \u00abnorsk nok\u00bb.<\/p>\n<p class=\"_paragraph_o9xde_4 _paragraph_xtcu6_10 layout-component text-serif-m layout-normal text-serif-m layout-padded\">Vi klager over d\u00e5rlig integrering. <\/p>\n<p class=\"_paragraph_o9xde_4 _paragraph_xtcu6_10 layout-component text-serif-m layout-normal text-serif-m layout-padded\"><strong class=\"_strong_o9xde_25\">Men vi skaper systemene som gj\u00f8r integrering umulig.<\/strong><\/p>\n<p><img alt=\"Foto: Gorm Kallestad \/ NTB\" class=\"_image_qp4xg_65 layout-component layout-normal\" data-fullscreen- data-track-element-type=\"Article image fullscreen\" data-track-name=\"ImageFullscreen\" decoding=\"async\" loading=\"lazy\" height=\"4000\" itemprop=\"image\"  src=\"https:\/\/www.europesays.com\/no\/wp-content\/uploads\/2026\/01\/9d85178d-c27f-4064-afcb-0bc7feeebb05.png\"  style=\"object-position:0% 0%\" width=\"6000\"\/>Foto: Gorm Kallestad \/ NTB<\/p>\n<p class=\"_paragraph_o9xde_4 _paragraph_xtcu6_10 layout-component text-serif-m layout-normal text-serif-m layout-padded\"><strong class=\"_strong_o9xde_25\">\u00c5 spille p\u00e5 frykt er politisk effektivt. <\/strong><\/p>\n<p class=\"_paragraph_o9xde_4 _paragraph_xtcu6_10 layout-component text-serif-m layout-normal text-serif-m layout-padded\">Det skaper tydelige \u00aboss\u00bb og \u00abdem\u00bb, og det vinner stemmer. Men det undergraver verdiene man p\u00e5st\u00e5r \u00e5 forsvare.<\/p>\n<p class=\"_paragraph_o9xde_4 _paragraph_xtcu6_10 layout-component text-serif-m layout-normal text-serif-m layout-padded\">Norske verdier handler ikke om opprinnelse. <\/p>\n<p class=\"_paragraph_o9xde_4 _paragraph_xtcu6_10 layout-component text-serif-m layout-normal text-serif-m layout-padded\">De handler om at straff skal f\u00f8lge handling, ikke bakgrunn. <\/p>\n<p class=\"_paragraph_o9xde_4 _paragraph_xtcu6_10 layout-component text-serif-m layout-normal text-serif-m layout-padded\">At mennesker skal vurderes som individer. <\/p>\n<p class=\"_paragraph_o9xde_4 _paragraph_xtcu6_10 layout-component text-serif-m layout-normal text-serif-m layout-padded\">At trygghet bygges med politikk og forebygging, ikke med mistenkeliggj\u00f8ring.<\/p>\n<p><img alt=\"FRPs Sylvi Listhaug og Jon Helgheim p\u00e5 tur om ikke-vestlig innvandring i Danmark i 2019.  Foto: Vidar Ruud \/ NTB\" class=\"_image_qp4xg_65 layout-component layout-normal\" data-fullscreen- data-track-element-type=\"Article image fullscreen\" data-track-name=\"ImageFullscreen\" decoding=\"async\" loading=\"lazy\" height=\"3249\" itemprop=\"image\"  src=\"https:\/\/www.europesays.com\/no\/wp-content\/uploads\/2026\/01\/b225b876-d016-4e4b-b67f-91d93720f7a8.jpeg\"  style=\"object-position:0% 0%\" width=\"4873\"\/>FRPs Sylvi Listhaug og Jon Helgheim p\u00e5 tur om ikke-vestlig innvandring i Danmark i 2019.  Foto: Vidar Ruud \/ NTB<\/p>\n<p class=\"_paragraph_o9xde_4 _paragraph_xtcu6_10 layout-component text-serif-m layout-normal text-serif-m layout-padded\"><strong class=\"_strong_o9xde_25\">Jeg har en b\u00f8nn til Fremskrittspartiet.<\/strong><\/p>\n<p class=\"_paragraph_o9xde_4 _paragraph_xtcu6_10 layout-component text-serif-m layout-normal text-serif-m layout-padded\">Jeg vet dere er opptatt av sikkerhet. <\/p>\n<p class=\"_paragraph_o9xde_4 _paragraph_xtcu6_10 layout-component text-serif-m layout-normal text-serif-m layout-padded\">Men n\u00e5r dere bruker hendelser som 25. juni som argument mot hele grupper, n\u00e5r dere spiller p\u00e5 frykten for den fremmede, da bygger dere ikke trygghet. <\/p>\n<p class=\"_paragraph_o9xde_4 _paragraph_xtcu6_10 layout-component text-serif-m layout-normal text-serif-m layout-padded\"><strong class=\"_strong_o9xde_25\">Da bygger dere mistillit.<\/strong><\/p>\n<p class=\"_paragraph_o9xde_4 _paragraph_xtcu6_10 layout-component text-serif-m layout-normal text-serif-m layout-padded\">Det er mulig \u00e5 v\u00e6re streng p\u00e5 kriminalitet uten \u00e5 gj\u00f8re bakgrunn til skyld. <\/p>\n<p class=\"_paragraph_o9xde_4 _paragraph_xtcu6_10 layout-component text-serif-m layout-normal text-serif-m layout-padded\">Det er mulig \u00e5 stille krav til integrering uten \u00e5 si at noen aldri kan bli \u00abnorske nok\u00bb.<\/p>\n<p class=\"_paragraph_o9xde_4 _paragraph_xtcu6_10 layout-component text-serif-m layout-normal text-serif-m layout-padded\">Slutt med retorikken som deler folk inn i papeg\u00f8yer og kr\u00e5ker. <\/p>\n<p class=\"_paragraph_o9xde_4 _paragraph_xtcu6_10 layout-component text-serif-m layout-normal text-serif-m layout-padded\">For den dagen vi slutter \u00e5 se hverandre som individer, har vi tapt noe langt viktigere enn en debatt, da har vi tapt de verdiene dere sier dere vil forsvare.<\/p>\n<p class=\"_paragraph_o9xde_4 _paragraph_xtcu6_10 layout-component text-serif-m layout-normal text-serif-m layout-padded\">Innlegget ble f\u00f8rst publisert p\u00e5 Mozzie Marvatis Facebook-vegg. <\/p>\n<p>   Dette er en kronikk. Kronikken gir uttrykk for skribentens holdning. Du kan sende inn kronikker og debattinnlegg til <a class=\"_link_jv5ak_10\" href=\"https:\/\/www.vg.no\/nyheter\/i\/JOJ38R\/mailto:debatt@vg.no\" rel=\"nofollow noopener\" target=\"_blank\">debatt@vg.no<\/a>. <\/p>\n","protected":false},"excerpt":{"rendered":"Vi elsker papeg\u00f8yen, men hater kr\u00e5ken. Begge er intelligente og sosiale, men vi har bestemt at den ene&hellip;\n","protected":false},"author":2,"featured_media":138311,"comment_status":"","ping_status":"","sticky":false,"template":"","format":"standard","meta":{"footnotes":""},"categories":[10],"tags":[20,21,24,25,15,4232,4233,22,23,13,30,28,29,14,16,15781,26,27,103],"class_list":{"0":"post-138310","1":"post","2":"type-post","3":"status-publish","4":"format-standard","5":"has-post-thumbnail","7":"category-norge","8":"tag-breaking-news","9":"tag-breakingnews","10":"tag-featured-news","11":"tag-featurednews","12":"tag-headlines","13":"tag-innvandring","14":"tag-integrering","15":"tag-latest-news","16":"tag-latestnews","17":"tag-news","18":"tag-no","19":"tag-norge","20":"tag-norway","21":"tag-nyheter","22":"tag-overskrifter","23":"tag-retorikk","24":"tag-top-stories","25":"tag-topstories","26":"tag-vgmeninger"},"share_on_mastodon":{"url":"https:\/\/pubeurope.com\/@no\/115899476716004149","error":""},"_links":{"self":[{"href":"https:\/\/www.europesays.com\/no\/wp-json\/wp\/v2\/posts\/138310","targetHints":{"allow":["GET"]}}],"collection":[{"href":"https:\/\/www.europesays.com\/no\/wp-json\/wp\/v2\/posts"}],"about":[{"href":"https:\/\/www.europesays.com\/no\/wp-json\/wp\/v2\/types\/post"}],"author":[{"embeddable":true,"href":"https:\/\/www.europesays.com\/no\/wp-json\/wp\/v2\/users\/2"}],"replies":[{"embeddable":true,"href":"https:\/\/www.europesays.com\/no\/wp-json\/wp\/v2\/comments?post=138310"}],"version-history":[{"count":0,"href":"https:\/\/www.europesays.com\/no\/wp-json\/wp\/v2\/posts\/138310\/revisions"}],"wp:featuredmedia":[{"embeddable":true,"href":"https:\/\/www.europesays.com\/no\/wp-json\/wp\/v2\/media\/138311"}],"wp:attachment":[{"href":"https:\/\/www.europesays.com\/no\/wp-json\/wp\/v2\/media?parent=138310"}],"wp:term":[{"taxonomy":"category","embeddable":true,"href":"https:\/\/www.europesays.com\/no\/wp-json\/wp\/v2\/categories?post=138310"},{"taxonomy":"post_tag","embeddable":true,"href":"https:\/\/www.europesays.com\/no\/wp-json\/wp\/v2\/tags?post=138310"}],"curies":[{"name":"wp","href":"https:\/\/api.w.org\/{rel}","templated":true}]}}