{"id":138318,"date":"2026-01-15T14:04:11","date_gmt":"2026-01-15T14:04:11","guid":{"rendered":"https:\/\/www.europesays.com\/no\/138318\/"},"modified":"2026-01-15T14:04:11","modified_gmt":"2026-01-15T14:04:11","slug":"ferdighakket-lok-latskapen-lenge-leve","status":"publish","type":"post","link":"https:\/\/www.europesays.com\/no\/138318\/","title":{"rendered":"Ferdighakket l\u00f8k: &#8211; Latskapen lenge leve!"},"content":{"rendered":"<p>    Kort fortalt<\/p>\n<p lang=\"nb-NO\">Ferdighakket l\u00f8k selges til en pris nesten fem ganger h\u00f8yere enn vanlig l\u00f8k p\u00e5 KiwiXL i Drammen.<\/p>\n<p lang=\"nb-NO\">Kokk Eirik Str\u00f8m Lilleb\u00f8 kritiserer produktet for d\u00e5rlig smak etter 12 timer og h\u00f8y pris.<\/p>\n<p lang=\"nb-NO\">Kiwi tester ferdigkuttede gr\u00f8nnsaker i seks butikker for \u00e5 se om det dekker et kundebehov.<\/p>\n<p lang=\"nb-NO\">Kokk Asbj\u00f8rn Sand\u00f8 mener det er bedre enn ferdigmat, men vitner om et overflodssamfunn.<\/p>\n<p class=\"italic ai-disclaimer\" data-lab-italic=\"italic\">Sammendraget er laget av ChatGPT og godkjent av DinSide.<\/p>\n<p>      Vis mer<br \/>\n      Vis mindre<\/p>\n<p>Kj\u00f8kkenhacks og kjerringr\u00e5dene er mange n\u00e5r det kommer til hvordan man kan unng\u00e5 \u00e5 gr\u00e5te over nyhakket l\u00f8k. For noen en liten plage, for andre en gresk tragedie av enorme dimensjoner hver gang middagen skal forberedes.\u00a0<\/p>\n<p>En klassisk situasjon mange er villige til \u00e5 betale seg ut av. Men hvor mye er du villig til \u00e5 betale for \u00e5 f\u00e5 noen til \u00e5 hakke l\u00f8ken for deg?\u00a0<\/p>\n<p>        SPARETIPS: Linda Wedding Reitan deler videoer p\u00e5 Tiktok og Instagram om hvordan man kan spare mest p\u00e5 mathandelen. Video: Agusta Magnusdottir. Foto: Lars Eivind Bones \/ Dagbladet<\/p>\n<p>P\u00e5 KiwiXL i Drammen kunne du l\u00f8rdag kj\u00f8pe ferdighakket r\u00f8dl\u00f8k til 134,71 kroner per kilo. Til sammenlikning koster den billigste r\u00f8dl\u00f8ken p\u00e5 Kiwi 29,90 kroner per kilo.\u00a0<\/p>\n<p>Det er alts\u00e5 nesten fem ganger dyrere \u00e5 kj\u00f8pe ferdighakket l\u00f8k enn \u00e5 kutte den selv.\u00a0<\/p>\n<p>&#8211; Latskapen lenge leve, sier Eirik Str\u00f8m Lilleb\u00f8, kokk og daglig leder p\u00e5 Code restaurant i Bj\u00f8rvika, til DinSide.<\/p>\n<p>        <img loading=\"lazy\" decoding=\"async\" src=\"https:\/\/www.europesays.com\/no\/wp-content\/uploads\/2026\/01\/84088885.webp.webp\" width=\"667\" height=\"454\" title=\"SKEPTISK: Eirik Str\u00f8m Lilleb\u00f8 stusser over konseptet, men vil likevel heie p\u00e5 alt som gj\u00f8r at folk lager mat av ordentlige r\u00e5varer. Arkivfoto: Bj\u00f8rn Langsem \/ Dagbladet\" alt=\"\" class=\"\" style=\"--aspect-ratio-image: 1.47; \"\/><\/p>\n<p>\n        SKEPTISK: Eirik Str\u00f8m Lilleb\u00f8 stusser over konseptet, men vil likevel heie p\u00e5 alt som gj\u00f8r at folk lager mat av ordentlige r\u00e5varer. Arkivfoto: Bj\u00f8rn Langsem \/ Dagbladet\n    <\/p>\n<p>Han setter to store sp\u00f8rsm\u00e5lstegn ved produktet. F\u00f8rst og fremst: Hvordan er smaken?<\/p>\n<p>&#8211; Jeg vet bare det at jeg f\u00e5r mine kokker til \u00e5 kutte ny l\u00f8k hver dag for \u00e5 holde p\u00e5 smaken, sier Lilleb\u00f8.\u00a0<\/p>\n<p>P\u00e5 Code finkutter de l\u00f8ken brunoise, det vil si s\u00e5 finkuttet som den kan bli f\u00f8r den blir most. Dette gj\u00f8res klart &#8211; preppes &#8211; p\u00e5 kokkespr\u00e5ket, hver dag.<\/p>\n<p>&#8211; N\u00e5r l\u00f8ken f\u00f8rst er kuttet, smaker den vondt etter tolv timer, sier Lilleb\u00f8.\u00a0<\/p>\n<p>Han peker p\u00e5 at den hakkede l\u00f8ken sikkert er pakket i en atmosf\u00e6re som\u00a0gj\u00f8r at den holder seg godt, men ogs\u00e5 at det\u00a0lukter litt vondt n\u00e5r du \u00e5pner. Men n\u00e5r pakken f\u00f8rst er \u00e5pnet, b\u00f8r den nok brukes raskt.\u00a0<\/p>\n<p>I tillegg er det prisaspektet, du betaler mye for \u00e5 f\u00e5 noen til \u00e5 gj\u00f8re jobben for deg.\u00a0<\/p>\n<p>&#8211; De tar seg sikkert godt betalt for \u00e5 kutte? Men om folk er dumme nok til \u00e5 bruke penger p\u00e5 det, s\u00e5 m\u00e5 de gjerne det, sier Lilleb\u00f8.\u00a0<\/p>\n<p>    <a itemprop=\"url\" href=\"https:\/\/dinside.dagbladet.no\/fritid\/som-regel-best\/83783065\" rel=\"nofollow noopener\" target=\"_blank\"><\/p>\n<p>        <img loading=\"lazy\" decoding=\"async\" src=\"https:\/\/www.europesays.com\/no\/wp-content\/uploads\/2026\/01\/83775499.webp.webp\" width=\"980\" height=\"441\" title=\"Advarer nordmenn\" alt=\"\" class=\"lazyload\" style=\"--aspect-ratio-image: 2.22; \"\/><\/p>\n<p>        Advarer nordmenn<\/p>\n<p>    <\/a><\/p>\n<p>Pilotprosjekt\t<\/p>\n<p>Kristine Aakvaag Arvin i Kiwi forteller at dette er en p\u00e5g\u00e5ende pilot i seks utvalgte Kiwi-butikker, der de tester et utvalg kuttede gr\u00f8nnsaker.\u00a0<\/p>\n<p>&#8211; Vi \u00f8nsker \u00e5 gj\u00f8re det enklere \u00e5 bruke<br \/>\nmer gr\u00f8nnsaker i hverdagsmaten, og med testen sjekker vi om dette dekker et<br \/>\nreelt behov hos kundene, sier hun til DinSide.\u00a0<\/p>\n<p>Posene skal inneholde mindre mengder (170g. l\u00f8k) og er bevisst tilpasset slik at hele posen kan<br \/>\nbrukes i \u00e9n middagsrett.\u00a0<\/p>\n<p>&#8211; Produktene er pakket i vanlig emballasje uten<br \/>\nlukkefunksjon, s\u00e5 anbefalingen er derfor \u00e5 bruke innholdet samme dag som pakken<br \/>\n\u00e5pnes.\u00a0<\/p>\n<p>        <img loading=\"lazy\" decoding=\"async\" itemprop=\"image\" src=\"https:\/\/www.europesays.com\/no\/wp-content\/uploads\/2026\/01\/71012942.webp.webp\" width=\"180\" height=\"180\" alt=\"Kristine Aakvaag Arvin\"\/><\/p>\n<p>            Kristine Aakvaag Arvin<br \/>\n            Kristine Aakvaag<br \/>\n            Arvin        <\/p>\n<p>Kommunikasjonsdirekt\u00f8r, Kiwi<\/p>\n<p>Hun presiserer at dette er en pilot, slik at alt fra kvalitet, smak, bruksomr\u00e5de, pris og<br \/>\neksponering i butikk vil v\u00e6re en del av evalueringen.\u00a0<\/p>\n<p>Hakket gul l\u00f8k vil for\u00f8vrig bli erstattet av 90g. skivet gul l\u00f8k om et par uker.\u00a0<\/p>\n<p>&#8211; Vi tar alle tilbakemeldinger p\u00e5 alvor og bruker som sagt denne piloten til \u00e5<br \/>\nhente innsikt. N\u00e5r testperioden er over, vil vi gj\u00f8re en grundig<br \/>\nvurdering, sier Arvin.\u00a0<\/p>\n<p>        Tips oss<\/p>\n<p class=\"subtitle\">Har du du sett noen priser du stusser over i butikk? Eller noen nye varer som fikk deg til \u00e5 stoppe opp? Da vil vi gjerne h\u00f8re fra deg &#8211; send meg gjerne et tips!<\/p>\n<p>Bedre enn ferdigmat\t<\/p>\n<p>Kokk Eirik Str\u00f8m Lilleb\u00f8 er likevel ikke udelt kritisk til produktet. For selv om han p\u00e5 generelt grunnlag mener at ferdigoppkuttede gr\u00f8nnsaker er latskap, og at det er tullete \u00e5 betale for at noen gj\u00f8r den jobben for deg, kan det f\u00e5 noen positive f\u00f8lger, tror han.<\/p>\n<p>&#8211; Om folk kj\u00f8per dette, og faktisk lager mat med gr\u00f8nnsaker, er det mye bedre enn at de kj\u00f8per ferdigmat, frossenpizza, eller noe fryset\u00f8rket industrielt som de skal lage middag av.\u00a0<\/p>\n<p>Kokken heier, ikke overraskende, p\u00e5 at folk bruker rene r\u00e5varer.<\/p>\n<p>&#8211; Ja, det er latskap, men det er mye bedre enn \u00e5 kj\u00f8pe noe fryset\u00f8rket halvfabrikata.<\/p>\n<p>        Dette trikset gj\u00f8r at l\u00f8ken er kuttet p\u00e5 sekunder! Video: Dennis Appelong Hagbru \/ H\u00e5vard Bj\u00f8rnerem. Programleder: Embla Hjort-Larsen. <\/p>\n<p><b>&#8211; Helt fantastisk<\/b>\t<\/p>\n<p>Kokk og blogger Asbj\u00f8rn \u00abKokkej\u00e6vel\u00bb Sand\u00f8 er ogs\u00e5 litt delt i hva han synes om det nye produktet.\u00a0<\/p>\n<p>Hans umiddelbare reaksjon er n\u00f8lende positiv:\u00a0<\/p>\n<p>&#8211; Det er helt fantastisk at folk kommer til \u00e5 spise mer l\u00f8k?<\/p>\n<p>Han forteller at i sin forrige jobb laget han \u00abhelt absurde mengder\u00bb med finnbiff, og da brukte de ferdigkuttet l\u00f8k for \u00e5 gj\u00f8re det mer effektivt. Men han stusser over at det \u00e5 kutte l\u00f8k er et problem i hverdagen til folk som trenger \u00e5 l\u00f8ses.\u00a0<\/p>\n<p>&#8211; Jeg skj\u00f8nner salat. Er du alene og kj\u00f8per en hel isbergsalat, s\u00e5 blir den kanskje d\u00e5rlig f\u00f8r du f\u00e5r spist den opp. Men l\u00f8k?<\/p>\n<p>        <img loading=\"lazy\" decoding=\"async\" itemprop=\"image\" src=\"https:\/\/www.europesays.com\/no\/wp-content\/uploads\/2026\/01\/84089003.webp.webp\" width=\"180\" height=\"180\" alt=\"Asbj\u00f8rn \u00abKokkej\u00e6vel\u00bb Sand\u00f8\"\/><\/p>\n<p>            Asbj\u00f8rn \u00abKokkej\u00e6vel\u00bb Sand\u00f8<br \/>\n            Asbj\u00f8rn \u00abKokkej\u00e6vel\u00bb<br \/>\n            Sand\u00f8        <\/p>\n<p>Kokk og matblogger<\/p>\n<p>Han mener ogs\u00e5 at dette er et typisk produkt som vitner om et overflodssamfunn.\u00a0\u00a0<\/p>\n<p>&#8211; Vi har \u00e5penbart for mye penger. Vi har s\u00e5 mye penger at vi ikke vet hva vi skal gj\u00f8re med dem. Men er folk villige til \u00e5 kj\u00f8pe kuttet l\u00f8k til denne prisen, s\u00e5 la dem gj\u00f8re det, avslutter Sand\u00f8.\u00a0<\/p>\n<p>    <a itemprop=\"url\" href=\"https:\/\/dinside.dagbladet.no\/bolig\/tenk-pa-hvor-sot-du-vil-ha-maten-for-du-hakker-lok\/61023821\" rel=\"nofollow noopener\" target=\"_blank\"><\/p>\n<p>        <img loading=\"lazy\" decoding=\"async\" src=\"https:\/\/www.europesays.com\/no\/wp-content\/uploads\/2026\/01\/61023836.webp.webp\" width=\"980\" height=\"441\" title=\"Tenk p\u00e5 hvor s\u00f8t du vil ha maten f\u00f8r du hakker l\u00f8k\" alt=\"\" class=\"lazyload\" style=\"--aspect-ratio-image: 2.22; \"\/><\/p>\n<p>        Tenk p\u00e5 hvor s\u00f8t du vil ha maten f\u00f8r du hakker l\u00f8k<\/p>\n<p>    <\/a><\/p>\n<p class=\"no_italic m-no_italic font-weight-black m-font-weight-black\" data-lab-italic=\"\" data-lab-font_weight=\"font-weight-black\">Til slutt:<\/p>\n<p class=\"italic m-italic\" data-lab-italic=\"italic\">Svaret p\u00e5 g\u00e5ten i bildeteksten helt \u00f8verst? Posen med hakket r\u00f8dl\u00f8k inneholder hakket gul l\u00f8k &#8211; og omvendt.\u00a0<\/p>\n<p>&#8211; Vi har f\u00e5tt bekreftet fra leverand\u00f8r at det har forekommet feilpakking i en begrenset batch, der r\u00f8d og gul l\u00f8k har f\u00e5tt byttet emballasje, sier Arvin i Kiwi.\u00a0<\/p>\n<p>&#8211; Dette ble kommunisert til alle testbutikkene fredag, og produktene er tatt ut av salg. <\/p>\n","protected":false},"excerpt":{"rendered":"Kort fortalt Ferdighakket l\u00f8k selges til en pris nesten fem ganger h\u00f8yere enn vanlig l\u00f8k p\u00e5 KiwiXL i&hellip;\n","protected":false},"author":2,"featured_media":138319,"comment_status":"","ping_status":"","sticky":false,"template":"","format":"standard","meta":{"footnotes":""},"categories":[56],"tags":[60,824,61,7427,15784,737,1229,62,30,28,29,572],"class_list":{"0":"post-138318","1":"post","2":"type-post","3":"status-publish","4":"format-standard","5":"has-post-thumbnail","7":"category-naeringsliv","8":"tag-business","9":"tag-dagligvare","10":"tag-economy","11":"tag-gronnsaker","12":"tag-lettvinte-losninger","13":"tag-mat","14":"tag-matpriser","15":"tag-naeringsliv","16":"tag-no","17":"tag-norge","18":"tag-norway","19":"tag-okonomi"},"share_on_mastodon":{"url":"https:\/\/pubeurope.com\/@no\/115899496115664918","error":""},"_links":{"self":[{"href":"https:\/\/www.europesays.com\/no\/wp-json\/wp\/v2\/posts\/138318","targetHints":{"allow":["GET"]}}],"collection":[{"href":"https:\/\/www.europesays.com\/no\/wp-json\/wp\/v2\/posts"}],"about":[{"href":"https:\/\/www.europesays.com\/no\/wp-json\/wp\/v2\/types\/post"}],"author":[{"embeddable":true,"href":"https:\/\/www.europesays.com\/no\/wp-json\/wp\/v2\/users\/2"}],"replies":[{"embeddable":true,"href":"https:\/\/www.europesays.com\/no\/wp-json\/wp\/v2\/comments?post=138318"}],"version-history":[{"count":0,"href":"https:\/\/www.europesays.com\/no\/wp-json\/wp\/v2\/posts\/138318\/revisions"}],"wp:featuredmedia":[{"embeddable":true,"href":"https:\/\/www.europesays.com\/no\/wp-json\/wp\/v2\/media\/138319"}],"wp:attachment":[{"href":"https:\/\/www.europesays.com\/no\/wp-json\/wp\/v2\/media?parent=138318"}],"wp:term":[{"taxonomy":"category","embeddable":true,"href":"https:\/\/www.europesays.com\/no\/wp-json\/wp\/v2\/categories?post=138318"},{"taxonomy":"post_tag","embeddable":true,"href":"https:\/\/www.europesays.com\/no\/wp-json\/wp\/v2\/tags?post=138318"}],"curies":[{"name":"wp","href":"https:\/\/api.w.org\/{rel}","templated":true}]}}