{"id":138335,"date":"2026-01-15T14:22:13","date_gmt":"2026-01-15T14:22:13","guid":{"rendered":"https:\/\/www.europesays.com\/no\/138335\/"},"modified":"2026-01-15T14:22:13","modified_gmt":"2026-01-15T14:22:13","slug":"trafikk-e6-blir-det-nye-forsinkelser-i-dag-vi-folger-utviklingen-her-romerikes-blad","status":"publish","type":"post","link":"https:\/\/www.europesays.com\/no\/138335\/","title":{"rendered":"Trafikk, E6 | Blir det nye forsinkelser i dag? Vi f\u00f8lger utviklingen her &#8211; Romerikes Blad"},"content":{"rendered":"<ol>\n<li><a href=\"https:\/\/news.google.com\/rss\/articles\/CBMijwFBVV95cUxPM25PNkF0b3lYelBoWTU3b251QzAwU19taDVPYjd6cnhQX205Rlhfc1d4c3ViODFfLTdpaUQ3UG81SjdORmIyOG5iWGNtZVVMSDhJUHBkRTdqcEpNSUNQeUd2bGRGVy11OThiLXBra1NtNVc3RGhkSWRWSWNja0pSR3V4UFd1ajNuTU42S3FsTQ?oc=5\" target=\"_blank\" rel=\"nofollow noopener\">Trafikk, E6 | Blir det nye forsinkelser i dag? Vi f\u00f8lger utviklingen her<\/a>&nbsp;&nbsp;Romerikes Blad<\/li>\n<li><a href=\"https:\/\/news.google.com\/rss\/articles\/CBMiYEFVX3lxTFBKVGVLUUZiYjF2UjJnUnF6aERwbDhaTzRQUzRjd3pkejhzVmJMS0dPVzJfeWEzR2VxTE1pV0pEZ3FFY250cnI0QWMySWc3ejdsdmhGSVpmUllsTHZfTm1zLQ?oc=5\" target=\"_blank\" rel=\"nofollow noopener\">Trafikkstudio<\/a>&nbsp;&nbsp;Dagbladet<\/li>\n<li><a href=\"https:\/\/news.google.com\/rss\/articles\/CBMinAFBVV95cUxNbWRBTVh6eklTX1NWQ1dRcWRnNXYtS1FuSklEemhwMWxjVGMyR3ZBUFR6LTI2Vmw0dThJUHVxbGZiMjZqQkZlSTRxMnhaYTRMLUxrZi1MSHBmMHhhUkxIS29jUWotVlZnQ204MmZydUh2NkxaWGdVTUVqUW1uUGotQTBhOU90R1JZa09uVUJsM1VYMGJNYmV0RG5ndGE?oc=5\" target=\"_blank\" rel=\"nofollow noopener\">Glatte veier og tr\u00f8bbel i trafikken p\u00e5 grunn av v\u00e6romslag<\/a>&nbsp;&nbsp;NRK<\/li>\n<li><a href=\"https:\/\/news.google.com\/rss\/articles\/CBMilwFBVV95cUxOeHVUMEpsc1ItRmRXVnNoZk54SEkxMktObE0taUFBY19aZks5WFV3cTJHejhkOVBRUEUzdHZocVQzZG9iampSLTJuZkU4MXYyaWNRaEliLVVpdmtJUlpPcVl1eWtSLUxOY3ZPWmF2ZXRxQmNVbGJEOFhGSFhBQ1gzX3lzLUhpLTJQMGpQTGNGam95NUhXemdB?oc=5\" target=\"_blank\" rel=\"nofollow noopener\">Sn\u00f8r tett flere steder p\u00e5 \u00d8stlandet: \u2013\u2060 Ta det med ro<\/a>&nbsp;&nbsp;VG<\/li>\n<li><a href=\"https:\/\/news.google.com\/rss\/articles\/CBMizwFBVV95cUxOVFY3LXAxVG9UVFg2WlN2WFdaYlhYVWsyTnBrOXd4V0tXdEQtU2UteDNHZVh2aDUwbnZWUDZUUUc2c1hLa3ByZnFRRGlsOXZvRzBNbS1pSkVkTXh1aExBTFE2enotdnFOdlNURHhyTnZjVWlWa1ZsVkxqT004VGVRNlNiaE1XYjk2alYzMnpEZnBBdm1OSldBWXlyUjRoRVZwNEN3YUU0ZHlpY3Q0b0FlY3dGWUdDQnhzTUlfendqeG40TmZ6ZDZwU3NjU29EOHc?oc=5\" target=\"_blank\" rel=\"nofollow noopener\">Sn\u00f8tr\u00f8bbel flere steder i S\u00f8r-Norge: \u2013 Krevende kj\u00f8reforhold<\/a>&nbsp;&nbsp;adressa.no<\/li>\n<\/ol>\n","protected":false},"excerpt":{"rendered":"Trafikk, E6 | Blir det nye forsinkelser i dag? Vi f\u00f8lger utviklingen her&nbsp;&nbsp;Romerikes Blad Trafikkstudio&nbsp;&nbsp;Dagbladet Glatte veier og&hellip;\n","protected":false},"author":2,"featured_media":7393,"comment_status":"","ping_status":"","sticky":false,"template":"","format":"standard","meta":{"footnotes":""},"categories":[10],"tags":[20,21,24,25,15,22,23,13,30,28,29,14,16,26,27],"class_list":{"0":"post-138335","1":"post","2":"type-post","3":"status-publish","4":"format-standard","5":"has-post-thumbnail","7":"category-norge","8":"tag-breaking-news","9":"tag-breakingnews","10":"tag-featured-news","11":"tag-featurednews","12":"tag-headlines","13":"tag-latest-news","14":"tag-latestnews","15":"tag-news","16":"tag-no","17":"tag-norge","18":"tag-norway","19":"tag-nyheter","20":"tag-overskrifter","21":"tag-top-stories","22":"tag-topstories"},"share_on_mastodon":{"url":"https:\/\/pubeurope.com\/@no\/115899566912967215","error":""},"_links":{"self":[{"href":"https:\/\/www.europesays.com\/no\/wp-json\/wp\/v2\/posts\/138335","targetHints":{"allow":["GET"]}}],"collection":[{"href":"https:\/\/www.europesays.com\/no\/wp-json\/wp\/v2\/posts"}],"about":[{"href":"https:\/\/www.europesays.com\/no\/wp-json\/wp\/v2\/types\/post"}],"author":[{"embeddable":true,"href":"https:\/\/www.europesays.com\/no\/wp-json\/wp\/v2\/users\/2"}],"replies":[{"embeddable":true,"href":"https:\/\/www.europesays.com\/no\/wp-json\/wp\/v2\/comments?post=138335"}],"version-history":[{"count":0,"href":"https:\/\/www.europesays.com\/no\/wp-json\/wp\/v2\/posts\/138335\/revisions"}],"wp:featuredmedia":[{"embeddable":true,"href":"https:\/\/www.europesays.com\/no\/wp-json\/wp\/v2\/media\/7393"}],"wp:attachment":[{"href":"https:\/\/www.europesays.com\/no\/wp-json\/wp\/v2\/media?parent=138335"}],"wp:term":[{"taxonomy":"category","embeddable":true,"href":"https:\/\/www.europesays.com\/no\/wp-json\/wp\/v2\/categories?post=138335"},{"taxonomy":"post_tag","embeddable":true,"href":"https:\/\/www.europesays.com\/no\/wp-json\/wp\/v2\/tags?post=138335"}],"curies":[{"name":"wp","href":"https:\/\/api.w.org\/{rel}","templated":true}]}}