{"id":138336,"date":"2026-01-15T14:23:08","date_gmt":"2026-01-15T14:23:08","guid":{"rendered":"https:\/\/www.europesays.com\/no\/138336\/"},"modified":"2026-01-15T14:23:08","modified_gmt":"2026-01-15T14:23:08","slug":"ukraina-erklaerer-unntakstilstand-etter-russiske-angrep-mot-energiproduksjon-nrk-urix-utenriksnyheter-og-dokumentarer","status":"publish","type":"post","link":"https:\/\/www.europesays.com\/no\/138336\/","title":{"rendered":"Ukraina erkl\u00e6rer unntakstilstand etter russiske angrep mot energiproduksjon \u2013 NRK Urix \u2013 Utenriksnyheter og -dokumentarer"},"content":{"rendered":"<p>Ute viser gradestokken minus 19. I leilegheita til ukrainske Anna Diachenko (28) er det litt varmare \u2013 knappe tre grader.<\/p>\n<p>\u2013 Dette er den kaldaste vinteren eg nokosinne har kjent p\u00e5 i denne leilegheita, seier ho til avisa Kyiv Independent.<\/p>\n<p><strong>\u2013 P\u00e5 grunn av kulda, straumbrot og alle angrepa er leilegheita heilt ubueleg, seier ho.<\/strong><\/p>\n<p>Diachenko er \u00e9in av fleire tusen ukrainarar som n\u00e5 har levd fleire dagar utan straum.<\/p>\n<p><img decoding=\"async\"   src=\"data:image\/gif;base64,R0lGODlhAQABAIAAAAAAAP\/\/\/yH5BAEAAAAALAAAAAABAAEAAAIBRAA7\" loading=\"eager\" alt=\"Bildet viser en sn\u00f8dekt by med bygninger. Over en bygning er det et skilt som viser temperaturen som er -19 grader Celsius.\" title=\"Foto: SERGEI GAPON \/ AFP \/ NTB\"\/><\/p>\n<p class=\"\">Kulda blir brukt mot innbyggjarane i Kyiv, der Russland har gjennomf\u00f8rt fleire angrep retta mot straumforsyninga.\n<\/p>\n<p>Foto: SERGEI GAPON \/ AFP \/ NTB<\/p>\n<p>Straumbrota skjer som f\u00f8lge av ei rekke russiske angrep mot energiproduksjon og bustadomr\u00e5de dei siste vekene.<\/p>\n<p><strong>Men Russland har ogs\u00e5 tilpassa angrepa sine mot Ukraina, forklarer milit\u00e6rekspert Tom R\u00f8seth. <\/strong><\/p>\n<p>Det har f\u00e5tt store konsekvensar for den ukrainske befolkninga.<\/p>\n<p>    \u2190<\/p>\n<ul data-scroll-container=\"\" role=\"list\" aria-label=\"Bildegalleri\">\n<li><img alt=\"Bildet viser en mor som varmer hendene til datteren sin. \"  width=\"3840\" height=\"2560\" loading=\"lazy\"\/>\n<p>32 \u00e5r gamle Yuliia Tsjumak varmar fingrane til den tre \u00e5r gamle dottera si, Kvitoslava, f\u00f8r dei skal g\u00e5 til barnehagen. Straumbrot i Kyiv har gjort nettene kalde og lange.<\/p>\n<p> Foto: Alina Smutko \/ Reuters \/ NTB <\/li>\n<li><img alt=\"En person g\u00e5r langs en bygning med vinduer dekket av is og sn\u00f8. Omgivelsene er preget av vinterklima med sn\u00f8 p\u00e5 bakken. Bygningen er moderne med glassfasade som reflekterer omgivelsene. Personen er kledd i en m\u00f8rk jakke og ser ned mens de g\u00e5r. (Bildebeskrivelsen er laget av en KI-tjeneste)\"  width=\"3840\" height=\"2622\" loading=\"lazy\"\/>\n<p>Den siste veka har det vore ned mot 20 minusgrader i Kyiv.<\/p>\n<p> Foto: Gleb Garanich \/ Reuters \/ NTB <\/li>\n<li><img alt=\"En eldre person sitter ved et piano i et rom med blomsterdekorert tapet. Personen holder en lysende gjenstand i hendene. I bakgrunnen er det bilder av personer hengt opp p\u00e5 veggen. Rommet har dempet belysning, noe som gir en stemningsfull atmosf\u00e6re. (Bildebeskrivelsen er laget av en KI-tjeneste)\"  width=\"3840\" height=\"2560\" loading=\"lazy\"\/>\n<p>N\u00e5r straumen forsvann, tok Raisa Derhatjova sj\u00f8lv grep. Ho har laga si eiga lommelykt.<\/p>\n<p> Foto: Dan Bashakov \/ AP \/ NTB <\/li>\n<li><img alt=\"En mann sitter i et putefort han har lagd i stua for \u00e5 holde varmen. Det er et lys som skinner p\u00e5 han. Han er p\u00e5 mobilen.\"  width=\"3840\" height=\"2557\" loading=\"lazy\"\/>\n<p>Ein mann i Kyiv har bygd ei borg av puter for \u00e5 halde varmen i leilegheita si.<\/p>\n<p> Foto: TETIANA DZHAFAROVA \/ AFP \/ NTB <\/li>\n<li><img alt=\"folk om g\u00e5r mot et oransje telt utenfor en boligblokk i et vinterdekt landskap\"  width=\"3840\" height=\"2556\" loading=\"lazy\"\/>\n<p>Utanfor h\u00f8gblokker fleire stader i byen er det sett opp telt, der folk kan varme seg, lade telefonen eller f\u00e5 noko varmt \u00e5 drikke.<\/p>\n<p> Foto: Thomas Peter \/ Reuters \/ NTB <\/li>\n<li><img alt=\"En kvinne i en strikket genser st\u00e5r ved et fuglebur med et stearinlys.\"  width=\"3840\" height=\"2560\" loading=\"lazy\"\/>\n<p>D\u00e5 leilegheita til Tetyana Tatarenkova gjekk i svart tysdag denne veka, tende ho stearinlys for \u00e5 tr\u00f8yste fuglane sine.<\/p>\n<p> Foto: Dan Bashakov \/ AP \/ NTB <\/li>\n<li><img alt=\"En kvinne i varme kl\u00e6r g\u00e5r nedover en gul gang i m\u00f8rket med hunden sin. I h\u00e5nden har hun en lommelykt.\"  width=\"3840\" height=\"2555\" loading=\"lazy\"\/>\n<p>I ei anna leilegheit i byen tok Tatiana Tatarenko med seg lommelykt for \u00e5 bes\u00f8ke ein nabo.<\/p>\n<p> Foto: Danyil Bashakov \/ AP \/ NTB <\/li>\n<li><img alt=\"Folk pilker p\u00e5 isen\"  width=\"3840\" height=\"2556\" loading=\"lazy\"\/>\n<p>Kulda har likevel nokre lyspunkt. Nokre har nytta h\u00f8vet til \u00e5 isfiske p\u00e5 dei frosne innsj\u00f8ane i hovudstaden.<\/p>\n<p> Foto: Reuters <\/li>\n<\/ul>\n<p>\u2192<\/p>\n<p>\u2013 Heilt krise<\/p>\n<p>Tusenvis av ukrainarar har g\u00e5tt fleire dagar utan straum som f\u00f8lge av dei russiske angrepa. Minst fire personar skal vere drepne, if\u00f8lge Reuters.<\/p>\n<p><strong>Onsdag erkl\u00e6rte Ukraina sin president Volodymyr Zelenskyj unntakstilstand i Kyiv, melder nyheitsbyr\u00e5et.<\/strong><\/p>\n<p>Bistandsarbeidarar NRK har snakka med i Ukraina gir eit dystert bilde av situasjonen i landet.<\/p>\n<p>    <img decoding=\"async\" class=\"dh-video-videoLoop__fallbackImage\" src=\"https:\/\/www.europesays.com\/no\/wp-content\/uploads\/2026\/01\/898e5d89-4158-4761-8e5d-894158f76190_360.jpg\" alt=\"\"\/><video preload=\"none\" muted=\"\" poster=\"https:\/\/www.europesays.com\/no\/wp-content\/uploads\/2026\/01\/898e5d89-4158-4761-8e5d-894158f76190_360.jpg\" style=\"--poster:url(https:\/\/www.europesays.com\/no\/wp-content\/uploads\/2026\/01\/898e5d89-4158-4761-8e5d-894158f76190_360.jpg);\"><\/video><img decoding=\"async\" class=\"dh-video-videoLoop__fallbackImage\" src=\"https:\/\/www.europesays.com\/no\/wp-content\/uploads\/2026\/01\/898e5d89-4158-4761-8e5d-894158f76190_720.jpg\" alt=\"\"\/><video preload=\"none\" muted=\"\" poster=\"https:\/\/www.europesays.com\/no\/wp-content\/uploads\/2026\/01\/898e5d89-4158-4761-8e5d-894158f76190_720.jpg\" style=\"--poster:url(https:\/\/www.europesays.com\/no\/wp-content\/uploads\/2026\/01\/898e5d89-4158-4761-8e5d-894158f76190_720.jpg);\"><\/video><img decoding=\"async\" class=\"dh-video-videoLoop__fallbackImage\" src=\"https:\/\/www.europesays.com\/no\/wp-content\/uploads\/2026\/01\/898e5d89-4158-4761-8e5d-894158f76190_1080.jpg\" alt=\"\"\/><video preload=\"none\" muted=\"\" poster=\"https:\/\/www.europesays.com\/no\/wp-content\/uploads\/2026\/01\/898e5d89-4158-4761-8e5d-894158f76190_1080.jpg\" style=\"--poster:url(https:\/\/www.europesays.com\/no\/wp-content\/uploads\/2026\/01\/898e5d89-4158-4761-8e5d-894158f76190_1080.jpg);\"><\/video><\/p>\n<p>Straumbrot pregar kvardagen i Kyiv.<\/p>\n<p>AP<\/p>\n<p>\u2013 Dette kjem til \u00e5 bli ein lang vinter, seier Naomi Gumaer i bistandsorganisasjonen Medair.<\/p>\n<p><strong>\u2013 Angrepa mot energiinfrastruktur har tredobla seg. <\/strong><\/p>\n<p>\u2013 Det er verkeleg heilt krise. Eg har fleire kollegaer som ikkje har hatt straum p\u00e5 fleire dagar, seier Nadine Aab\u00f8 Mellem fr\u00e5 Kirkens N\u00f8dhjelp i Kyiv.<\/p>\n<ul class=\"dhpg__gallery__list\">\n<li class=\"dhpg__gallery__listItem\"><img alt=\"En kvinne st\u00e5r foran en gruslagt vei omgitt av tr\u00e6r. Hun b\u00e6rer en gr\u00e5 polo med trykk som viser organisasjonslogoer. Kvinnen har kort, blond h\u00e5r og ser direkte inn i kameraet. Det er gr\u00f8nt i omgivelsene, noe som tyder p\u00e5 en utend\u00f8rs setting.\"  width=\"2400\" height=\"2400\" loading=\"lazy\"\/>Nadine Aab\u00f8 Mellom\n<p>Bistandsarbeider for Kirkens N\u00f8dhjelp<\/p>\n<\/li>\n<\/ul>\n<p>Der var det minus 17 grader kort tid f\u00f8r NRK ringde. Mange har det s\u00e5 kaldt inne at vassr\u00f8yr frys og sprekk, fortset ho.<\/p>\n<p>\u2013 Folk er veldig langt nede.<\/p>\n<p>Ber folk dra fr\u00e5 Kyiv<\/p>\n<p>Zelenskyj har skulda Russland for \u00e5 m\u00e5lrette angrep mot kraftstasjonar og annan infrastruktur i landet, melder BBC.<\/p>\n<p>Hjelpemannskap jobbar d\u00f8gnet rundt for \u00e5 f\u00e5 straumen tilbake til innbyggarane, fortset han.<\/p>\n<p>    <img decoding=\"async\" class=\"dh-video-videoLoop__fallbackImage\" src=\"https:\/\/www.europesays.com\/no\/wp-content\/uploads\/2026\/01\/6eef9595-edde-4db0-af95-95edde5db0c9_360.jpg\" alt=\"\"\/><video preload=\"none\" muted=\"\" poster=\"https:\/\/www.europesays.com\/no\/wp-content\/uploads\/2026\/01\/6eef9595-edde-4db0-af95-95edde5db0c9_360.jpg\" style=\"--poster:url(https:\/\/www.europesays.com\/no\/wp-content\/uploads\/2026\/01\/6eef9595-edde-4db0-af95-95edde5db0c9_360.jpg);\"><\/video><img decoding=\"async\" class=\"dh-video-videoLoop__fallbackImage\" src=\"https:\/\/www.europesays.com\/no\/wp-content\/uploads\/2026\/01\/6eef9595-edde-4db0-af95-95edde5db0c9_720.jpg\" alt=\"\"\/><video preload=\"none\" muted=\"\" poster=\"https:\/\/www.europesays.com\/no\/wp-content\/uploads\/2026\/01\/6eef9595-edde-4db0-af95-95edde5db0c9_720.jpg\" style=\"--poster:url(https:\/\/www.europesays.com\/no\/wp-content\/uploads\/2026\/01\/6eef9595-edde-4db0-af95-95edde5db0c9_720.jpg);\"><\/video><img decoding=\"async\" class=\"dh-video-videoLoop__fallbackImage\" src=\"https:\/\/www.europesays.com\/no\/wp-content\/uploads\/2026\/01\/6eef9595-edde-4db0-af95-95edde5db0c9_1080.jpg\" alt=\"\"\/><video preload=\"none\" muted=\"\" poster=\"https:\/\/www.europesays.com\/no\/wp-content\/uploads\/2026\/01\/6eef9595-edde-4db0-af95-95edde5db0c9_1080.jpg\" style=\"--poster:url(https:\/\/www.europesays.com\/no\/wp-content\/uploads\/2026\/01\/6eef9595-edde-4db0-af95-95edde5db0c9_1080.jpg);\"><\/video><\/p>\n<p>Straumbrot pregar kvardagen i Kyiv.<\/p>\n<p>AP<\/p>\n<p>Ordf\u00f8raren i Kyiv, Vitalij Klitsjko, sa at russiske angrep p\u00e5 m\u00e5ndag f\u00f8rte til det st\u00f8rste straumbrotet hittil i krigen.<\/p>\n<p><strong>Folk som kunne dra fr\u00e5 hovudstaden, burde gjere det for \u00e5 lette presset p\u00e5 dei ressursane som var tilgjengelege, oppfordra Klitsjko.<\/strong><\/p>\n<p><img decoding=\"async\"   src=\"data:image\/gif;base64,R0lGODlhAQABAIAAAAAAAP\/\/\/yH5BAEAAAAALAAAAAABAAEAAAIBRAA7\" loading=\"eager\" alt=\"En kvinne st\u00e5r fullt p\u00e5kledd i vinterkl\u00e6r inne i leiligheten sin under et str\u00f8mbrudd. \" title=\"Foto: Danyil Bashakov \/ AP \/ NTB\"\/><\/p>\n<p>Foto: Danyil Bashakov \/ AP \/ NTB<\/p>\n<p>Bilde og video fr\u00e5 Kyiv viser innbyggarar som pr\u00f8ver \u00e5 varme opp leilegheitene sine med generatorar og oppvarma mursteinar.<\/p>\n<p>Slike l\u00f8ysingar kan ha f\u00f8rt til at liv har g\u00e5tt tapt.<\/p>\n<p>I Kyiv d\u00f8ydde tre personar som f\u00f8lge av kolosforgifting etter at dei sovna med ein generator g\u00e5ande p\u00e5 balkongen, melder lokalt politi p\u00e5 Telegram.<\/p>\n<p>Ekspert: Russland har endra taktikk<\/p>\n<p>Det er ikkje nytt at Russland sl\u00e5r til mot infrastruktur for energi, men det er nytt at det f\u00e5r s\u00e5 stor effekt.<\/p>\n<p>Det seier f\u00f8rsteamanuensis Tom R\u00f8seth, som leier Ukraina-prosjektet ved Forsvarets h\u00f8gskole, til NRK.<\/p>\n<p><strong>Han forklarer at Russland den siste tida har omprogrammert dei ballistiske missila sine og at det gjer dei meir treffsikre enn f\u00f8r.<\/strong><\/p>\n<p>\u2013 N\u00e5r missila i sv\u00e6rt h\u00f8g fart n\u00e6rmar seg m\u00e5let, endrar dei retning. Det f\u00f8rer til at luftvernsystema f\u00e5r problem med \u00e5 skyte dei ned, forklarer R\u00f8seth.<\/p>\n<ul class=\"dhpg__gallery__list\">\n<li class=\"dhpg__gallery__listItem\"><img alt=\"Portrettbilde av Tom R\u00f8seth innend\u00f8rs. Han ser til siden.\"  width=\"2400\" height=\"2400\" loading=\"lazy\"\/>Tom R\u00f8seth\n<ul>\n<li>F\u00f8rsteamuensis ved Forsvarets h\u00f8gskole.<\/li>\n<li>Prosjektleder for Ukraina-prosjektet.<\/li>\n<\/ul>\n<\/li>\n<\/ul>\n<p>Form\u00e5let er truleg \u00e5 skape ei energikrise i Ukraina, fortset han.<\/p>\n<p>Han understrekar at ukrainarane er vande til \u00e5 vere utan straum i periodar. Problemet blir om straumbrota varer i fleire d\u00f8gn, s\u00e6rleg n\u00e5 som kulda er p\u00e5 sitt verste.<\/p>\n<p><strong>\u2013 Ukrainarane er krigstr\u00f8ytte, men innbitne. Men russarane h\u00e5par at \u00e5 bruke kulde som v\u00e5pen mot sivilbefolkninga, vil minske deira vilje til \u00e5 fortsette krigen, seier forskaren.<\/strong><\/p>\n<p>\u2013 Eg trur dei fleste reknar med at dette kjem til \u00e5 fortsette, seier Gumaer i Medair.<\/p>\n<p>Hadde ikkje Russland angripe energiproduksjonen, ville ikkje situasjonen vore s\u00e5 ille som han er, seier Mellem i Kirkens N\u00f8dhjelp.<\/p>\n<p><strong>\u2013 Det er viktig \u00e5 f\u00e5 fram at det er ein grunn til at det er s\u00e5nn som dette. <\/strong><\/p>\n<p>Interessert i kva som skjer i verda? H\u00f8yr utanriksredaksjonens siste podkast:<\/p>\n<p>Publisert<\/p>\n<p>15.01.2026, kl. 15.03<\/p>\n","protected":false},"excerpt":{"rendered":"Ute viser gradestokken minus 19. I leilegheita til ukrainske Anna Diachenko (28) er det litt varmare \u2013 knappe&hellip;\n","protected":false},"author":2,"featured_media":138337,"comment_status":"","ping_status":"","sticky":false,"template":"","format":"standard","meta":{"footnotes":""},"categories":[5],"tags":[20,21,24,25,15,19,22,23,17,18,13,30,28,29,14,16,26,27],"class_list":{"0":"post-138336","1":"post","2":"type-post","3":"status-publish","4":"format-standard","5":"has-post-thumbnail","7":"category-overskrifter","8":"tag-breaking-news","9":"tag-breakingnews","10":"tag-featured-news","11":"tag-featurednews","12":"tag-headlines","13":"tag-hovedoppslag","14":"tag-latest-news","15":"tag-latestnews","16":"tag-main-news","17":"tag-mainnews","18":"tag-news","19":"tag-no","20":"tag-norge","21":"tag-norway","22":"tag-nyheter","23":"tag-overskrifter","24":"tag-top-stories","25":"tag-topstories"},"share_on_mastodon":{"url":"https:\/\/pubeurope.com\/@no\/115899570929360919","error":""},"_links":{"self":[{"href":"https:\/\/www.europesays.com\/no\/wp-json\/wp\/v2\/posts\/138336","targetHints":{"allow":["GET"]}}],"collection":[{"href":"https:\/\/www.europesays.com\/no\/wp-json\/wp\/v2\/posts"}],"about":[{"href":"https:\/\/www.europesays.com\/no\/wp-json\/wp\/v2\/types\/post"}],"author":[{"embeddable":true,"href":"https:\/\/www.europesays.com\/no\/wp-json\/wp\/v2\/users\/2"}],"replies":[{"embeddable":true,"href":"https:\/\/www.europesays.com\/no\/wp-json\/wp\/v2\/comments?post=138336"}],"version-history":[{"count":0,"href":"https:\/\/www.europesays.com\/no\/wp-json\/wp\/v2\/posts\/138336\/revisions"}],"wp:featuredmedia":[{"embeddable":true,"href":"https:\/\/www.europesays.com\/no\/wp-json\/wp\/v2\/media\/138337"}],"wp:attachment":[{"href":"https:\/\/www.europesays.com\/no\/wp-json\/wp\/v2\/media?parent=138336"}],"wp:term":[{"taxonomy":"category","embeddable":true,"href":"https:\/\/www.europesays.com\/no\/wp-json\/wp\/v2\/categories?post=138336"},{"taxonomy":"post_tag","embeddable":true,"href":"https:\/\/www.europesays.com\/no\/wp-json\/wp\/v2\/tags?post=138336"}],"curies":[{"name":"wp","href":"https:\/\/api.w.org\/{rel}","templated":true}]}}