{"id":138344,"date":"2026-01-15T14:30:32","date_gmt":"2026-01-15T14:30:32","guid":{"rendered":"https:\/\/www.europesays.com\/no\/138344\/"},"modified":"2026-01-15T14:30:32","modified_gmt":"2026-01-15T14:30:32","slug":"dansk-fotograf-kastet-ut-av-det-hvite-hus","status":"publish","type":"post","link":"https:\/\/www.europesays.com\/no\/138344\/","title":{"rendered":"Dansk fotograf kastet ut av Det hvite hus"},"content":{"rendered":"<p class=\"kicker \" style=\"\">Dagbladet p\u00e5 Gr\u00f8nland:<\/p>\n<p>    Dagbladet m\u00f8tte Norges milit\u00e6re personell i Nuuk. De bekrefter at de landet i natt.\u00a0<\/p>\n<p>\n    I NUUK: I denne bilen sitter den milit\u00e6re fortoppen. Foto: Sigrid Hvidsten \/ Dagbladet\n  <\/p>\n<p>NUUK, GR\u00d8NLAND \/ OSLO (Dagbladet): Dagbladets reportere har m\u00f8tt den milit\u00e6re fortroppen, som bekrefter at de ankom Gr\u00f8nland i natt.\u00a0<\/p>\n<p>I en hotellresepsjon m\u00f8ter vi milit\u00e6rt personell fra Danmark.\u00a0<\/p>\n<p>&#8211; Det vrimler med milit\u00e6re p\u00e5 hotellet her n\u00e5.\u00a0<\/p>\n<p>&#8211; De er hyggelige og im\u00f8tekommende, men vil ikke snakke med oss. De hvisket seg imellom s\u00e5 vi ikke skulle skj\u00f8nne hva de sa, sier Dagblad-kommentator Sigrid Hvidsten, som er p\u00e5 \u00f8ya for \u00e5 dekke USA-Gr\u00f8nland-konflikten, som utvilsomt har tilspisset seg ytterligere denne uka.\u00a0<\/p>\n<p>        <img loading=\"lazy\" decoding=\"async\" src=\"https:\/\/www.europesays.com\/no\/wp-content\/uploads\/2026\/01\/84102726.webp.webp\" width=\"667\" height=\"381\" title=\"P\u00c5 PLASS: Milit\u00e6rt personell fra flere land har de siste dagene ankommet Gr\u00f8nland. Bildet viser et transportfly av typen Lockheed C-130J Super Hercules fra det danske flyv\u00e5penet parkert p\u00e5 rullebanen ved Nuuk internasjonale lufthavn torsdag. Foto: Foto: Alessandro Rampazzo \/ AFP \/ NTB\" alt=\"\" class=\"\" style=\"--aspect-ratio-image: 1.75; \"\/><\/p>\n<p>\n        P\u00c5 PLASS: Milit\u00e6rt personell fra flere land har de siste dagene ankommet Gr\u00f8nland. Bildet viser et transportfly av typen Lockheed C-130J Super Hercules fra det danske flyv\u00e5penet parkert p\u00e5 rullebanen ved Nuuk internasjonale lufthavn torsdag. Foto: Foto: Alessandro Rampazzo \/ AFP \/ NTB\n    <\/p>\n<p>\u00abSkjelt ut av Vance\u00bb\u00a0  <\/p>\n<p>Det er ogs\u00e5 nordmenn p\u00e5 plass.\u00a0<\/p>\n<p>&#8211; Vi har ogs\u00e5 m\u00f8tt norsk milit\u00e6rfolk, som bekreftet at de kom i natt. De satte seg inn i en bil sammen og skulle kj\u00f8re videre. Vi kan jo anta at de skal i et m\u00f8te, sier Hvidsten.\u00a0<\/p>\n<p>        P\u00c5 PLASS: Disse videobildene skal vise ankomsten til danske soldater i Nuuk p\u00e5 Gr\u00f8nland natt til torsdag 15. januar norsk tid. Video: X\/Orla Joelson. Reporter: Christina H. Korneliussen<\/p>\n<p>&#8211; Trolig skal de til Joint Arctic Command, hovedkvarteret til den milit\u00e6re innsatsstyrken p\u00e5 \u00f8ya, som ligger en kilometer unna hotellet.\u00a0<\/p>\n<p>For Nuuks innbyggerne g\u00e5r livet sin vante gang, melder Hvidsten, men som hun sier:\u00a0<\/p>\n<p>&#8211; Det er sikkert en lettelse at ikke m\u00f8tet i g\u00e5r gikk veldig d\u00e5rlig. S\u00e5nn er verden blitt; \u00abflott at de ikke ble skjelt ut av JD Vance, liksom\u00bb &#8211; men situasjonen er den samme, han vil fremdeles ha Gr\u00f8nland.\u00a0<\/p>\n<p>Bekreftet milit\u00e6rtrekk<\/p>\n<p>Det var onsdag at Forsvarsdepartementet bekreftet at de sender milit\u00e6rt personell til Gr\u00f8nland.\u00a0<\/p>\n<p>&#8211; Det p\u00e5g\u00e5r n\u00e5 dialog i NATO om hvordan vi kan forsterke sikkerheten i Arktis, ogs\u00e5 for omr\u00e5dene i og rundt Gr\u00f8nland, sa forsvarsminister Tore O. Sandvik til Dagbladet da.\u00a0<\/p>\n<p>        \u00abSTORT PROBLEM\u00bb: &#8211; Vi velger kongeriket Danmark, sa Gr\u00f8nlands regjeringssjef Jens-Frederik Nielsen, p\u00e5 en felles pressekonferanse med Mette Frederiksen tirsdag. Budskapet ble ikke godt mottatt av Donald Trump. Reporter: Jostein Sletten \/ Dagbladet<\/p>\n<p>&#8211; Det er ikke trukket noen konklusjoner enn\u00e5, men vi gj\u00f8r vurderinger i dialog med allierte. I denne sammenheng har Norge besluttet \u00e5 sende to personer fra Forsvaret til Gr\u00f8nland med det form\u00e5l \u00e5 kartlegge det videre samarbeidet mellom allierte, la han til.\u00a0<\/p>\n<p>        Tips oss!<br \/>Har du innspill til v\u00e5r dekning av denne saken? <a href=\"https:\/\/www.dagbladet.no\/info\" target=\"_blank\" rel=\"nofollow noopener\">Send til Dagbladet her<\/a> eller ring oss p\u00e5 <a href=\"https:\/\/www.dagbladet.no\/nyheter\/dansk-fotograf-kastet-ut-av-det-hvite-hus\/tel:+4724000000\" rel=\"nofollow noopener\" target=\"_blank\">24 00 00 00<\/a>.<\/p>\n<p>Den danske og den gr\u00f8nlandske bekreftet onsdag at det blir en \u00f8kt milit\u00e6r tilstedev\u00e6relse p\u00e5 \u00f8ya framover.<\/p>\n<p>Form\u00e5let skal v\u00e6re \u00e5 trene og operere i arktiske forhold og styrke fotfestet i Arktis, skrev den gr\u00f8nlandske regjeringen i en uttalelse.<\/p>\n<p>    <a itemprop=\"url\" href=\"https:\/\/www.dagbladet.no\/meninger\/nerver-i-nuuk\/84091312\" rel=\"nofollow noopener\" target=\"_blank\"><\/p>\n<p>        <img loading=\"lazy\" decoding=\"async\" src=\"https:\/\/www.europesays.com\/no\/wp-content\/uploads\/2026\/01\/84096419.webp.webp\" width=\"980\" height=\"441\" title=\"Nerver i Nuuk\" alt=\"\" class=\"lazyload\" style=\"--aspect-ratio-image: 2.22; \"\/><\/p>\n<p>        Nerver i Nuuk<\/p>\n<p>    <\/a><\/p>\n<p>Ogs\u00e5 Sverige har bekreftet at \u00abflere offiserer fra de svenske v\u00e6pnede styrkene ankommer Gr\u00f8nland\u00bb.<\/p>\n<p>&#8211; De er del av en gruppe fra flere allierte land. Sammen skal de forberede kommende elementer innenfor rammen av den danske \u00f8velsen Operation Arctic Endurance, skrev Sveriges statsminister Ulf Kristersson p\u00e5 X. Det er p\u00e5 Danmarks anmodning at Sverige sender personell fra de v\u00e6pnede styrkene, opplyste han videre.<\/p>\n<p>        KONTROVERSIELL: Statuen av den norskf\u00f8dte presten Hans Egede p\u00e5 Gr\u00f8nland er kontroversiell og har blitt utsatt for h\u00e6rverk gjentatte ganger. Video: Nicolai Alcaniz. Reporter: Sigrid Hvidsten<\/p>\n","protected":false},"excerpt":{"rendered":"Dagbladet p\u00e5 Gr\u00f8nland: Dagbladet m\u00f8tte Norges milit\u00e6re personell i Nuuk. De bekrefter at de landet i natt.\u00a0 I&hellip;\n","protected":false},"author":2,"featured_media":138345,"comment_status":"","ping_status":"","sticky":false,"template":"","format":"standard","meta":{"footnotes":""},"categories":[12],"tags":[20,21,1524,73,24,25,2112,15,22,23,13,30,28,29,14,16,26,27,50,412,42,43,44,45],"class_list":{"0":"post-138344","1":"post","2":"type-post","3":"status-publish","4":"format-standard","5":"has-post-thumbnail","7":"category-verden","8":"tag-breaking-news","9":"tag-breakingnews","10":"tag-danmark","11":"tag-det-hvite-hus","12":"tag-featured-news","13":"tag-featurednews","14":"tag-gronland","15":"tag-headlines","16":"tag-latest-news","17":"tag-latestnews","18":"tag-news","19":"tag-no","20":"tag-norge","21":"tag-norway","22":"tag-nyheter","23":"tag-overskrifter","24":"tag-top-stories","25":"tag-topstories","26":"tag-usa","27":"tag-utenriks","28":"tag-verden","29":"tag-world","30":"tag-world-news","31":"tag-worldnews"},"share_on_mastodon":{"url":"https:\/\/pubeurope.com\/@no\/115899598471666373","error":""},"_links":{"self":[{"href":"https:\/\/www.europesays.com\/no\/wp-json\/wp\/v2\/posts\/138344","targetHints":{"allow":["GET"]}}],"collection":[{"href":"https:\/\/www.europesays.com\/no\/wp-json\/wp\/v2\/posts"}],"about":[{"href":"https:\/\/www.europesays.com\/no\/wp-json\/wp\/v2\/types\/post"}],"author":[{"embeddable":true,"href":"https:\/\/www.europesays.com\/no\/wp-json\/wp\/v2\/users\/2"}],"replies":[{"embeddable":true,"href":"https:\/\/www.europesays.com\/no\/wp-json\/wp\/v2\/comments?post=138344"}],"version-history":[{"count":0,"href":"https:\/\/www.europesays.com\/no\/wp-json\/wp\/v2\/posts\/138344\/revisions"}],"wp:featuredmedia":[{"embeddable":true,"href":"https:\/\/www.europesays.com\/no\/wp-json\/wp\/v2\/media\/138345"}],"wp:attachment":[{"href":"https:\/\/www.europesays.com\/no\/wp-json\/wp\/v2\/media?parent=138344"}],"wp:term":[{"taxonomy":"category","embeddable":true,"href":"https:\/\/www.europesays.com\/no\/wp-json\/wp\/v2\/categories?post=138344"},{"taxonomy":"post_tag","embeddable":true,"href":"https:\/\/www.europesays.com\/no\/wp-json\/wp\/v2\/tags?post=138344"}],"curies":[{"name":"wp","href":"https:\/\/api.w.org\/{rel}","templated":true}]}}