{"id":138346,"date":"2026-01-15T14:31:08","date_gmt":"2026-01-15T14:31:08","guid":{"rendered":"https:\/\/www.europesays.com\/no\/138346\/"},"modified":"2026-01-15T14:31:08","modified_gmt":"2026-01-15T14:31:08","slug":"vestres-nye-helsereform-han-mangler-folk-til-a-gjennomfore-den","status":"publish","type":"post","link":"https:\/\/www.europesays.com\/no\/138346\/","title":{"rendered":"Vestres nye helsereform. Han mangler folk til \u00e5 gjennomf\u00f8re den"},"content":{"rendered":"\n<p class=\"_paragraph_o9xde_4 _paragraph_xtcu6_10 layout-component text-serif-m layout-normal text-serif-m layout-padded\">\u00abVi skal ha verdens beste helse- og omsorgstjenester\u00bb, sa helseminister <a href=\"https:\/\/www.vg.no\/tag\/jan-christian-vestre?utm_source=vg-article&amp;utm_medium=auto-tagger&amp;utm_campaign=Rj9m6W\" class=\"_link_o9xde_39\" rel=\"nofollow noopener\" target=\"_blank\">Jan Christian Vestre<\/a> (Ap) da han holdt den \u00e5rlige helsetalen tirsdag denne uken.<\/p>\n<p class=\"_paragraph_o9xde_4 _paragraph_xtcu6_10 layout-component text-serif-m layout-normal text-serif-m layout-padded\">Han skal \u00abgjennomf\u00f8re <a href=\"https:\/\/www.vg.no\/helse\/i\/d4lO0q\/helse-norge-frem-mot-2030-helseministerens-stoerste-endringer\" data-track-element-type=\"Link\" data-track-id=\"link:d4lO0q\" class=\"_link_o9xde_39\" rel=\"nofollow noopener\" target=\"_blank\">den st\u00f8rste helsereformen<\/a> p\u00e5 25 \u00e5r\u00bb. <\/p>\n<p class=\"_paragraph_o9xde_4 _paragraph_xtcu6_10 layout-component text-serif-m layout-normal text-serif-m layout-padded\">Vestre legger listen h\u00f8yt. Fremtiden er lys, retningen sympatisk. <\/p>\n<p class=\"_paragraph_o9xde_4 _paragraph_xtcu6_10 layout-component text-serif-m layout-normal text-serif-m layout-padded\">\u00abI 2030 har vi en sammenhengende helse- og omsorgstjeneste tilpasset folks hverdag, med korte ventetider, digitale l\u00f8sninger og mer valgfrihet\u00bb, sa han i talen.<\/p>\n<p class=\"_paragraph_o9xde_4 _paragraph_xtcu6_10 layout-component text-serif-m layout-normal text-serif-m layout-padded\">Dette er det lett \u00e5 juble over. <\/p>\n<p class=\"_paragraph_o9xde_4 _paragraph_xtcu6_10 layout-component text-serif-m layout-normal text-serif-m layout-padded\">Og det er tydelig at helseministeren vet hvor skoen trykker, b\u00e5de for de ansatte, pasienter, sykehus og kommuner. <\/p>\n<p><img alt=\"SIKTER H\u00d8YT: Det skortet ikke p\u00e5 ambisjonene da helseminister Jan Christian Vestre holdt \u00e5rets helsetale p\u00e5 Drammen sykehus tirsdag denne uken.   Foto: Ole Berg-Rusten \/ NTB\" class=\"_image_qp4xg_65 layout-component layout-normal\" data-fullscreen- data-track-element-type=\"Article image fullscreen\" data-track-name=\"ImageFullscreen\" decoding=\"async\" loading=\"lazy\" height=\"5760\" itemprop=\"image\"  src=\"https:\/\/www.europesays.com\/no\/wp-content\/uploads\/2026\/01\/be6377cd-3ded-4851-9d22-bc1a60c1e9da.png\"  style=\"object-position:0% 0%\" width=\"8640\"\/>SIKTER H\u00d8YT: Det skortet ikke p\u00e5 ambisjonene da helseminister Jan Christian Vestre holdt \u00e5rets helsetale p\u00e5 Drammen sykehus tirsdag denne uken.   Foto: Ole Berg-Rusten \/ NTB<\/p>\n<p class=\"_paragraph_o9xde_4 _paragraph_xtcu6_10 layout-component text-serif-m layout-normal text-serif-m layout-padded\">Ventetiden i helsevesenet skal markant ned frem mot 2030. Eldre skal f\u00e5 helsehjelp hjemme, slik at de slipper \u00e5 bli kasteball mellom sykehus og kommuner. I tillegg skal alle som trenger sykehjemsplass f\u00e5 det. <\/p>\n<p class=\"_paragraph_o9xde_4 _paragraph_xtcu6_10 layout-component text-serif-m layout-normal text-serif-m layout-padded\">Helseministeren skal i tillegg rydde opp i psykisk helsevern, behandlingskapasiteten skal opp og \u00abpasienter skal ha \u00e9n vei inn\u00bb. <\/p>\n<p class=\"_paragraph_o9xde_4 _paragraph_xtcu6_10 layout-component text-serif-m layout-normal text-serif-m layout-padded\">Ogs\u00e5 f\u00f8dsels- og barselomsorgen skal rustes opp. <\/p>\n<p class=\"_paragraph_o9xde_4 _paragraph_xtcu6_10 layout-component text-serif-m layout-normal text-serif-m layout-padded\">Kvinner skal m\u00f8te de samme fagfolkene gjennom svangerskap, f\u00f8dsel og barsel, slik at de slipper \u00e5 forklare seg p\u00e5 nytt og f\u00e5r st\u00f8rre trygghet.<\/p>\n<p class=\"_paragraph_o9xde_4 _paragraph_xtcu6_10 layout-component text-serif-m layout-normal text-serif-m layout-padded\">Og helsepersonell skal f\u00e5 bedre arbeidsvilk\u00e5r og ledelse, slik at de kan bruke mer tid p\u00e5 pasienter. Un\u00f8dvendig byr\u00e5krati skal fjernes, \u00absykefrav\u00e6ret m\u00e5 ned\u00bb, og mer fleksible arbeidstidsordninger skal testes og innf\u00f8res. <\/p>\n<p><img alt=\"FRISKERE BEFOLKNING: Helseministeren lover en friskere befolkning innen fire \u00e5r. I tillegg skal han s\u00f8rge for bedre helseberedskap i en urolig verden.   Foto: Ole Berg-Rusten \/ NTB\" class=\"_image_qp4xg_65 layout-component layout-normal\" data-fullscreen- data-track-element-type=\"Article image fullscreen\" data-track-name=\"ImageFullscreen\" decoding=\"async\" loading=\"lazy\" height=\"5760\" itemprop=\"image\"  src=\"https:\/\/www.europesays.com\/no\/wp-content\/uploads\/2026\/01\/493e99bd-3a9c-48fa-8fe2-8b63d868df1c.jpeg\"  style=\"object-position:0% 0%\" width=\"8640\"\/>FRISKERE BEFOLKNING: Helseministeren lover en friskere befolkning innen fire \u00e5r. I tillegg skal han s\u00f8rge for bedre helseberedskap i en urolig verden.   Foto: Ole Berg-Rusten \/ NTB<\/p>\n<p class=\"_paragraph_o9xde_4 _paragraph_xtcu6_10 layout-component text-serif-m layout-normal text-serif-m layout-padded\">Alt dette er vel og bra. <\/p>\n<p class=\"_paragraph_o9xde_4 _paragraph_xtcu6_10 layout-component text-serif-m layout-normal text-serif-m layout-padded\">Men hvordan skal han f\u00e5 det til? <\/p>\n<p class=\"_paragraph_o9xde_4 _paragraph_xtcu6_10 layout-component text-serif-m layout-normal text-serif-m layout-padded\">Vestres helsereform forutsetter et helsevesen med tid, kapasitet og nok fagfolk til \u00e5 samhandle tett, p\u00e5 tvers av niv\u00e5er, d\u00f8gnet rundt. <\/p>\n<p class=\"_paragraph_o9xde_4 _paragraph_xtcu6_10 layout-component text-serif-m layout-normal text-serif-m layout-padded\">Har han disse fagfolkene? <\/p>\n<p class=\"_paragraph_o9xde_4 _paragraph_xtcu6_10 layout-component text-serif-m layout-normal text-serif-m layout-padded\">Det har han ikke, og det er det st\u00f8rste problemet med Vestres ambisjoner. <\/p>\n<p class=\"_paragraph_o9xde_4 _paragraph_xtcu6_10 layout-component text-serif-m layout-normal text-serif-m layout-padded\">Det han gj\u00f8r er \u00e5 gi mer helseansvar til kommunene. Mer behandling skal skje n\u00e6r folk. Helseministeren er veldig opptatt av kommunenes ansvar for forebygging, men det g\u00e5r ikke an \u00e5 forebygge alderdom. <\/p>\n<p class=\"_paragraph_o9xde_4 _paragraph_xtcu6_10 layout-component text-serif-m layout-normal text-serif-m layout-padded\">Flere eldre skal alts\u00e5 f\u00f8lges opp hjemme, og f\u00e6rre skal legges inn p\u00e5 sykehus.<\/p>\n<p class=\"_paragraph_o9xde_4 _paragraph_xtcu6_10 layout-component text-serif-m layout-normal text-serif-m layout-padded\">Bare dager f\u00f8r helsetalen leverte <a href=\"https:\/\/www.vg.no\/nyheter\/i\/wrPaj1\/shazia-majid-om-kommunekommisjonen-som-vil-avvikle-laerernormen\" data-track-element-type=\"Link\" data-track-id=\"link:wrPaj1\" class=\"_link_o9xde_39\" rel=\"nofollow noopener\" target=\"_blank\">Kommunekommisjonen<\/a> sin <a href=\"https:\/\/www.regjeringen.no\/no\/dokumenter\/nou-2026-1\/id3145481\/\" class=\"_link_o9xde_39\" rel=\"nofollow noopener\" target=\"_blank\">rapport<\/a>, som er et utvalg nedsatt av regjeringen selv. <\/p>\n<p class=\"_paragraph_o9xde_4 _paragraph_xtcu6_10 layout-component text-serif-m layout-normal text-serif-m layout-padded\">Den sl\u00e5r beina under helseministerens ambisjoner. <\/p>\n<p class=\"_paragraph_o9xde_4 _paragraph_xtcu6_10 layout-component text-serif-m layout-normal text-serif-m layout-padded\">Kommunene sliter allerede med \u00e5 rekruttere kvalifisert helsepersonell og oppfylle dagens krav. <\/p>\n<p class=\"_paragraph_o9xde_4 _paragraph_xtcu6_10 layout-component text-serif-m layout-normal text-serif-m layout-padded\">Kommisjonen g\u00e5r derfor til det drastiske skrittet og foresl\u00e5r \u00e5 fjerne lovfestede kompetansekrav i helse- og omsorgstjenestene, blant annet krav om at kommunene skal ha tilknyttet lege, sykepleier, jordmor og psykolog. <\/p>\n<p class=\"_paragraph_o9xde_4 _paragraph_xtcu6_10 layout-component text-serif-m layout-normal text-serif-m layout-padded\">Vi har en akutt bemanningskrise. <\/p>\n<p class=\"_paragraph_o9xde_4 _paragraph_xtcu6_10 layout-component text-serif-m layout-normal text-serif-m layout-padded\">Likevel lover Vestre mer avansert helsehjelp lokalt. <\/p>\n<p class=\"_paragraph_o9xde_4 _paragraph_xtcu6_10 layout-component text-serif-m layout-normal text-serif-m layout-padded\">Gapet mellom hans ambisjoner og dagens og fremtidens virkelighet nevnes knapt i helsetalen. <\/p>\n<p class=\"_paragraph_o9xde_4 _paragraph_xtcu6_10 layout-component text-serif-m layout-normal text-serif-m layout-padded\">Virkeligheten er at det allerede i 2019 manglet tusenvis av helsepersonell, blant annet 5 500 sykepleiere, if\u00f8lge <a href=\"https:\/\/www.regjeringen.no\/contentassets\/337fef958f2148bebd326f0749a1213d\/no\/pdfs\/nou202320230004000dddpdfs.pdf\" class=\"_link_o9xde_39\" rel=\"nofollow noopener\" target=\"_blank\">Helsepersonellkommisjonen<\/a>. <\/p>\n<p class=\"_paragraph_o9xde_4 _paragraph_xtcu6_10 layout-component text-serif-m layout-normal text-serif-m layout-padded\">Og verre skal det bli. <\/p>\n<p class=\"_paragraph_o9xde_4 _paragraph_xtcu6_10 layout-component text-serif-m layout-normal text-serif-m layout-padded\">SSB beregner at det frem mot 2040 kommer til \u00e5 mangle 70 000 ansatte i helsevesenet. Over 54 000 av dem er sykepleiere og helsefagarbeidere. <\/p>\n<p class=\"_paragraph_o9xde_4 _paragraph_xtcu6_10 layout-component text-serif-m layout-normal text-serif-m layout-padded\">Det har v\u00e6rt <a href=\"https:\/\/www.altinget.no\/artikkel\/ssb-forsker-mener-helsepersonellkommisjonen-ikke-har-dekning-for-paastanden-om-faerre-ansatte-per-pasient\" class=\"_link_o9xde_39\" rel=\"nofollow noopener\" target=\"_blank\">uenighet om tallene<\/a>, men det er ikke tvil om det er \u00f8kende mangel p\u00e5 helsepersonell. <\/p>\n<p class=\"_paragraph_o9xde_4 _paragraph_xtcu6_10 layout-component text-serif-m layout-normal text-serif-m layout-padded\">Vestre erkjenner bemanningskrisen, og viser til Helsepersonellplan 2040. Han \u00f8nsker en konkret og tidfestet plan for hvordan staten skal sikre nok helsepersonell de neste 15 \u00e5rene. <\/p>\n<p class=\"_paragraph_o9xde_4 _paragraph_xtcu6_10 layout-component text-serif-m layout-normal text-serif-m layout-padded\">Haken er at ambisjonene hans strekker seg fire \u00e5r frem i tid. <\/p>\n<p class=\"_paragraph_o9xde_4 _paragraph_xtcu6_10 layout-component text-serif-m layout-normal text-serif-m layout-padded\">Mens l\u00f8sningen p\u00e5 den st\u00f8rste flaskehalsen skyves til 2040. <\/p>\n<p class=\"_paragraph_o9xde_4 _paragraph_xtcu6_10 layout-component text-serif-m layout-normal text-serif-m layout-padded\">Men reformen er ikke helt uten fors\u00f8k p\u00e5 l\u00f8sninger. Jan Christian Vestre peker p\u00e5 flere grep som skal avlaste et helsevesen som knaker i sammenf\u00f8yningene. <\/p>\n<p class=\"_paragraph_o9xde_4 _paragraph_xtcu6_10 layout-component text-serif-m layout-normal text-serif-m layout-padded\">Fors\u00f8k som kan f\u00f8re til at flere \u00f8nsker \u00e5 jobbe i helse-Norge. <\/p>\n<p class=\"_paragraph_o9xde_4 _paragraph_xtcu6_10 layout-component text-serif-m layout-normal text-serif-m layout-padded\">En av l\u00f8sningene p\u00e5 ressursmangel er digitalisering, det skal frigj\u00f8re tid. <\/p>\n<p class=\"_paragraph_o9xde_4 _paragraph_xtcu6_10 layout-component text-serif-m layout-normal text-serif-m layout-padded\">Helseministeren skal bruke minst 3 milliarder kroner \u00e5rlig p\u00e5 kunstig intelligens og medisinsk teknologi. Det vil hjelpe, men de omfattende behovene kan ikke erstattes av AI p\u00e5 Helsenorge.no.<\/p>\n<p class=\"_paragraph_o9xde_4 _paragraph_xtcu6_10 layout-component text-serif-m layout-normal text-serif-m layout-padded\">Vestre peker ogs\u00e5 p\u00e5 private og ideelle akt\u00f8rer som en del av l\u00f8sningen p\u00e5 lange ventetider og d\u00e5rlig kapasitet i offentlig helsevesen. <\/p>\n<p class=\"_paragraph_o9xde_4 _paragraph_xtcu6_10 layout-component text-serif-m layout-normal text-serif-m layout-padded\">Det er definitivt viktig \u00e5 utnytte den samlede kapasiteten p\u00e5 en bedre m\u00e5te. <\/p>\n<p class=\"_paragraph_o9xde_4 _paragraph_xtcu6_10 layout-component text-serif-m layout-normal text-serif-m layout-padded\">Men private helsetilbud skaper ikke nytt helsepersonell. <\/p>\n<p class=\"_paragraph_o9xde_4 _paragraph_xtcu6_10 layout-component text-serif-m layout-normal text-serif-m layout-padded\">De bruker de samme legene og jordm\u00f8drene \u2013 enten de er ansatt i offentlig eller privat sektor. Kapasiteten flyttes, den \u00f8kes ikke. <\/p>\n<p class=\"_paragraph_o9xde_4 _paragraph_xtcu6_10 layout-component text-serif-m layout-normal text-serif-m layout-padded\">Helseministeren er p\u00e5 rett spor. <\/p>\n<p class=\"_paragraph_o9xde_4 _paragraph_xtcu6_10 layout-component text-serif-m layout-normal text-serif-m layout-padded\">Men han mangler det aller viktigste: folk. <\/p>\n<p class=\"_paragraph_o9xde_4 _paragraph_xtcu6_10 layout-component text-serif-m layout-normal text-serif-m layout-padded\">F\u00f8r det problemet l\u00f8ses, er det grenser for hvor langt visjonene rekker.<\/p>\n<p><img alt=\"BEMANNINGSKRISE: Helsevesenet trenger en reform. Norge kommer til \u00e5 f\u00e5 prek\u00e6r mangel p\u00e5 helsepersonell i \u00e5rene fremover.   Foto: Jonas Been Henriksen \/ NTB\" class=\"_image_qp4xg_65 layout-component layout-normal\" data-fullscreen- data-track-element-type=\"Article image fullscreen\" data-track-name=\"ImageFullscreen\" decoding=\"async\" loading=\"lazy\" height=\"3835\" itemprop=\"image\"  src=\"https:\/\/www.europesays.com\/no\/wp-content\/uploads\/2026\/01\/82520972-7a47-44c1-b3db-089d20345f87.jpeg\"  style=\"object-position:0% 0%\" width=\"5752\"\/>BEMANNINGSKRISE: Helsevesenet trenger en reform. Norge kommer til \u00e5 f\u00e5 prek\u00e6r mangel p\u00e5 helsepersonell i \u00e5rene fremover.   Foto: Jonas Been Henriksen \/ NTB   Dette er en kommentar. Kommentaren gir uttrykk for skribentens holdning. <\/p>\n","protected":false},"excerpt":{"rendered":"\u00abVi skal ha verdens beste helse- og omsorgstjenester\u00bb, sa helseminister Jan Christian Vestre (Ap) da han holdt den&hellip;\n","protected":false},"author":2,"featured_media":138347,"comment_status":"","ping_status":"","sticky":false,"template":"","format":"standard","meta":{"footnotes":""},"categories":[10],"tags":[15786,20,21,24,25,3066,15,14702,15785,2900,1511,661,22,23,13,30,28,29,14,16,3067,948,26,27],"class_list":{"0":"post-138346","1":"post","2":"type-post","3":"status-publish","4":"format-standard","5":"has-post-thumbnail","7":"category-norge","8":"tag-barsel","9":"tag-breaking-news","10":"tag-breakingnews","11":"tag-featured-news","12":"tag-featurednews","13":"tag-fodsel","14":"tag-headlines","15":"tag-helsehjelp","16":"tag-helsepersonellkommisjonen","17":"tag-helsevesen","18":"tag-jan-christian-vestre","19":"tag-kommune","20":"tag-latest-news","21":"tag-latestnews","22":"tag-news","23":"tag-no","24":"tag-norge","25":"tag-norway","26":"tag-nyheter","27":"tag-overskrifter","28":"tag-svangerskap","29":"tag-sykehus","30":"tag-top-stories","31":"tag-topstories"},"share_on_mastodon":{"url":"https:\/\/pubeurope.com\/@no\/115899602245603192","error":""},"_links":{"self":[{"href":"https:\/\/www.europesays.com\/no\/wp-json\/wp\/v2\/posts\/138346","targetHints":{"allow":["GET"]}}],"collection":[{"href":"https:\/\/www.europesays.com\/no\/wp-json\/wp\/v2\/posts"}],"about":[{"href":"https:\/\/www.europesays.com\/no\/wp-json\/wp\/v2\/types\/post"}],"author":[{"embeddable":true,"href":"https:\/\/www.europesays.com\/no\/wp-json\/wp\/v2\/users\/2"}],"replies":[{"embeddable":true,"href":"https:\/\/www.europesays.com\/no\/wp-json\/wp\/v2\/comments?post=138346"}],"version-history":[{"count":0,"href":"https:\/\/www.europesays.com\/no\/wp-json\/wp\/v2\/posts\/138346\/revisions"}],"wp:featuredmedia":[{"embeddable":true,"href":"https:\/\/www.europesays.com\/no\/wp-json\/wp\/v2\/media\/138347"}],"wp:attachment":[{"href":"https:\/\/www.europesays.com\/no\/wp-json\/wp\/v2\/media?parent=138346"}],"wp:term":[{"taxonomy":"category","embeddable":true,"href":"https:\/\/www.europesays.com\/no\/wp-json\/wp\/v2\/categories?post=138346"},{"taxonomy":"post_tag","embeddable":true,"href":"https:\/\/www.europesays.com\/no\/wp-json\/wp\/v2\/tags?post=138346"}],"curies":[{"name":"wp","href":"https:\/\/api.w.org\/{rel}","templated":true}]}}