{"id":138354,"date":"2026-01-15T14:40:07","date_gmt":"2026-01-15T14:40:07","guid":{"rendered":"https:\/\/www.europesays.com\/no\/138354\/"},"modified":"2026-01-15T14:40:07","modified_gmt":"2026-01-15T14:40:07","slug":"riksvei-4-gjovik-bil-pa-riksvei-4-skal-ha-mistet-hjulet","status":"publish","type":"post","link":"https:\/\/www.europesays.com\/no\/138354\/","title":{"rendered":"Riksvei 4, Gj\u00f8vik | Bil p\u00e5 riksvei 4 skal ha mistet hjulet"},"content":{"rendered":"\n<p>Innringeren opplyser at det er en bil som har havarert og at hjulet til bilen ligger et stykke unna bilen.<\/p>\n<p>Bilen st\u00e5r i retning Gj\u00f8vik fra Raufoss. Det skal v\u00e6re mulig \u00e5 kj\u00f8re forbi. <\/p>\n<p>Det er uklart hva som er \u00e5rsaken til at bilen har f\u00e5tt tr\u00f8bbel.<\/p>\n<p>Operasjonssentralen i Innlandet politidistrikt hadde ikke h\u00f8rt om hendelsen i 14.40-tida. <\/p>\n<p>De varsler at det er mange trafikale utfordringer i distriktet og at mindre hendelser ikke bestandig blir meldt til dem.<\/p>\n","protected":false},"excerpt":{"rendered":"Innringeren opplyser at det er en bil som har havarert og at hjulet til bilen ligger et stykke&hellip;\n","protected":false},"author":2,"featured_media":138355,"comment_status":"","ping_status":"","sticky":false,"template":"","format":"standard","meta":{"footnotes":""},"categories":[10],"tags":[36,20,21,24,25,1088,15,22,23,13,30,28,29,14,16,2316,13827,1510,26,27,8573],"class_list":{"0":"post-138354","1":"post","2":"type-post","3":"status-publish","4":"format-standard","5":"has-post-thumbnail","7":"category-norge","8":"tag-art","9":"tag-breaking-news","10":"tag-breakingnews","11":"tag-featured-news","12":"tag-featurednews","13":"tag-gjovik","14":"tag-headlines","15":"tag-latest-news","16":"tag-latestnews","17":"tag-news","18":"tag-no","19":"tag-norge","20":"tag-norway","21":"tag-nyheter","22":"tag-overskrifter","23":"tag-raufoss","24":"tag-riksvei-4","25":"tag-story","26":"tag-top-stories","27":"tag-topstories","28":"tag-vestre-toten"},"share_on_mastodon":{"url":"https:\/\/pubeurope.com\/@no\/115899637725367494","error":""},"_links":{"self":[{"href":"https:\/\/www.europesays.com\/no\/wp-json\/wp\/v2\/posts\/138354","targetHints":{"allow":["GET"]}}],"collection":[{"href":"https:\/\/www.europesays.com\/no\/wp-json\/wp\/v2\/posts"}],"about":[{"href":"https:\/\/www.europesays.com\/no\/wp-json\/wp\/v2\/types\/post"}],"author":[{"embeddable":true,"href":"https:\/\/www.europesays.com\/no\/wp-json\/wp\/v2\/users\/2"}],"replies":[{"embeddable":true,"href":"https:\/\/www.europesays.com\/no\/wp-json\/wp\/v2\/comments?post=138354"}],"version-history":[{"count":0,"href":"https:\/\/www.europesays.com\/no\/wp-json\/wp\/v2\/posts\/138354\/revisions"}],"wp:featuredmedia":[{"embeddable":true,"href":"https:\/\/www.europesays.com\/no\/wp-json\/wp\/v2\/media\/138355"}],"wp:attachment":[{"href":"https:\/\/www.europesays.com\/no\/wp-json\/wp\/v2\/media?parent=138354"}],"wp:term":[{"taxonomy":"category","embeddable":true,"href":"https:\/\/www.europesays.com\/no\/wp-json\/wp\/v2\/categories?post=138354"},{"taxonomy":"post_tag","embeddable":true,"href":"https:\/\/www.europesays.com\/no\/wp-json\/wp\/v2\/tags?post=138354"}],"curies":[{"name":"wp","href":"https:\/\/api.w.org\/{rel}","templated":true}]}}