{"id":138364,"date":"2026-01-15T14:48:07","date_gmt":"2026-01-15T14:48:07","guid":{"rendered":"https:\/\/www.europesays.com\/no\/138364\/"},"modified":"2026-01-15T14:48:07","modified_gmt":"2026-01-15T14:48:07","slug":"seier-for-bemanningsbyra-mn24-no","status":"publish","type":"post","link":"https:\/\/www.europesays.com\/no\/138364\/","title":{"rendered":"Seier for bemanningsbyr\u00e5 &#8211; mn24.no"},"content":{"rendered":"<ol>\n<li><a href=\"https:\/\/news.google.com\/rss\/articles\/CBMib0FVX3lxTE9ScW5ZZlVTLTFramRFeXNtRFBGa05mUEg4Y0VhcGU2Ml9sd1FZakFNaWdoNTg5b1NyZkkwVlliam9Hc0JSM3MtQnlXUFdjVWxxREZUU3ZSNzBzend4VHIyWlNXTjZoRk1RRjlNWTAwaw?oc=5\" target=\"_blank\" rel=\"nofollow noopener\">Seier for bemanningsbyr\u00e5<\/a>&nbsp;&nbsp;mn24.no<\/li>\n<li><a href=\"https:\/\/news.google.com\/rss\/articles\/CBMinwFBVV95cUxQdGhaejNkcUF5UmV0cmViQ1FldFFCZTJISklGRFgwM1dzUVp1UHNkRl9BeE1fejhjVnE5TFI1TG02a0REMHdfS2t5UHM5YVdodDdfcG44LVMwWWVwVHFLdGs3Mjg2dl9FQmlPU09VUUhXYktKaG9kcnpGYWdOYVB0ak54TENTYjVtTmVGLThScUpBcmtvYURZVFFCekNZYWM?oc=5\" target=\"_blank\" rel=\"nofollow noopener\">Br\u00f8nn\u00f8y har ikke brukt kritisert bemanningsbyr\u00e5<\/a>&nbsp;&nbsp;banett.no<\/li>\n<li><a href=\"https:\/\/news.google.com\/rss\/articles\/CBMiwwFBVV95cUxNWWppVU1TMk1vLUJJbDRBSTZJRG43ZEs1R1h4VDVEQ3hLUExvZ0FZUU9zbXEtOWZfclVmbXY0ZldVSktrT1pOV3c4bDVDMTlpVEVZREFJaHp5UTN6d204WXNjWmRHRzRWTkJBbHFUR1BMWE5xNDlHVDhVelBJYy00RUl3YlRpUGNZNWdVMnNzWE55YTVnOUN5MDgyaTlLWnFZOHpEUjVjN2hBTGFhS1pBRjJ2dXdNOE11TW81Nm5uODhUelk?oc=5\" target=\"_blank\" rel=\"nofollow noopener\">Inspekt\u00f8rer sjekker om vikarbyr\u00e5ene f\u00f8lger loven<\/a>&nbsp;&nbsp;FriFagbevegelse<\/li>\n<li><a href=\"https:\/\/news.google.com\/rss\/articles\/CBMisAFBVV95cUxNMnQ5bzdDT3N4X2xNaXBVeXlNTWJDUlBZMlg5VHNmMUdaWHJCZGRLNlJrN3IxNVRMSjJnMTdxa0JDRlBuSkJVTTZUTVBOcDNxUzUtQjVBNDhQZzcxbUZ5VjRwcjM3V2RiWkYyZk5EU1lpcy1WSWVvNHNUWVR2VWhPemgxZEtJeVExbmNPUVdfRzhQTG96Nk56MW9XWUJrMW14bU1FRU1RdlB5YXA3OGVLSg?oc=5\" target=\"_blank\" rel=\"nofollow noopener\">Marco saks\u00f8kte arbeidsgiveren, men tapte p\u00e5 alle punkter mot vikarbyr\u00e5et<\/a>&nbsp;&nbsp;Fagbladet<\/li>\n<li><a href=\"https:\/\/news.google.com\/rss\/articles\/CBMilAFBVV95cUxQdERoT3NpczBtdnZwTlVJdF94QkRwQkY1UXBnYmFwOUxZYmpnc1c4S2lQcWU2b3NJRE5IZ09VVFNaU0VZT0VtM0t1R04zUy03NEptX2x4UUxkMzdMazU2aG1EX2hWX3ZSZ3doNDhYYVlMUDJvVWxSU1hSbTVoUWVPUzVBVGpwWFpMZlhVOE02aDJ6MndX?oc=5\" target=\"_blank\" rel=\"nofollow noopener\">Sa opp. Da fikk Daryna (23) en regning p\u00e5 170 000 kroner<\/a>&nbsp;&nbsp;mn24.no<\/li>\n<\/ol>\n","protected":false},"excerpt":{"rendered":"Seier for bemanningsbyr\u00e5&nbsp;&nbsp;mn24.no Br\u00f8nn\u00f8y har ikke brukt kritisert bemanningsbyr\u00e5&nbsp;&nbsp;banett.no Inspekt\u00f8rer sjekker om vikarbyr\u00e5ene f\u00f8lger loven&nbsp;&nbsp;FriFagbevegelse Marco saks\u00f8kte arbeidsgiveren,&hellip;\n","protected":false},"author":2,"featured_media":138365,"comment_status":"","ping_status":"","sticky":false,"template":"","format":"standard","meta":{"footnotes":""},"categories":[5],"tags":[20,21,24,25,15,19,22,23,17,18,13,30,28,29,14,16,26,27],"class_list":{"0":"post-138364","1":"post","2":"type-post","3":"status-publish","4":"format-standard","5":"has-post-thumbnail","7":"category-overskrifter","8":"tag-breaking-news","9":"tag-breakingnews","10":"tag-featured-news","11":"tag-featurednews","12":"tag-headlines","13":"tag-hovedoppslag","14":"tag-latest-news","15":"tag-latestnews","16":"tag-main-news","17":"tag-mainnews","18":"tag-news","19":"tag-no","20":"tag-norge","21":"tag-norway","22":"tag-nyheter","23":"tag-overskrifter","24":"tag-top-stories","25":"tag-topstories"},"share_on_mastodon":{"url":"https:\/\/pubeurope.com\/@no\/115899669411931861","error":""},"_links":{"self":[{"href":"https:\/\/www.europesays.com\/no\/wp-json\/wp\/v2\/posts\/138364","targetHints":{"allow":["GET"]}}],"collection":[{"href":"https:\/\/www.europesays.com\/no\/wp-json\/wp\/v2\/posts"}],"about":[{"href":"https:\/\/www.europesays.com\/no\/wp-json\/wp\/v2\/types\/post"}],"author":[{"embeddable":true,"href":"https:\/\/www.europesays.com\/no\/wp-json\/wp\/v2\/users\/2"}],"replies":[{"embeddable":true,"href":"https:\/\/www.europesays.com\/no\/wp-json\/wp\/v2\/comments?post=138364"}],"version-history":[{"count":0,"href":"https:\/\/www.europesays.com\/no\/wp-json\/wp\/v2\/posts\/138364\/revisions"}],"wp:featuredmedia":[{"embeddable":true,"href":"https:\/\/www.europesays.com\/no\/wp-json\/wp\/v2\/media\/138365"}],"wp:attachment":[{"href":"https:\/\/www.europesays.com\/no\/wp-json\/wp\/v2\/media?parent=138364"}],"wp:term":[{"taxonomy":"category","embeddable":true,"href":"https:\/\/www.europesays.com\/no\/wp-json\/wp\/v2\/categories?post=138364"},{"taxonomy":"post_tag","embeddable":true,"href":"https:\/\/www.europesays.com\/no\/wp-json\/wp\/v2\/tags?post=138364"}],"curies":[{"name":"wp","href":"https:\/\/api.w.org\/{rel}","templated":true}]}}