{"id":138368,"date":"2026-01-15T14:51:07","date_gmt":"2026-01-15T14:51:07","guid":{"rendered":"https:\/\/www.europesays.com\/no\/138368\/"},"modified":"2026-01-15T14:51:07","modified_gmt":"2026-01-15T14:51:07","slug":"ex-atlus-utviklere-viser-frem-nytt-skole-rpg-senere-denne-maneden","status":"publish","type":"post","link":"https:\/\/www.europesays.com\/no\/138368\/","title":{"rendered":"Ex-Atlus-utviklere viser frem nytt &laquo;skole-RPG&raquo; senere denne m\u00e5neden &#8211;"},"content":{"rendered":"<p>Vi forventer at det blir et veldig stort \u00e5r for Persona -serien, samtidig som utvikleren Atlus forbereder seg p\u00e5 \u00e5 feire 30-\u00e5rsjubileet til den elskede JRPG-franchisen. Men fans av Persona b\u00f8r helt klart forberede seg p\u00e5 enda mer p\u00e5 denne fronten, ettersom det n\u00e5 er blitt avsl\u00f8rt at det neste prosjektet fra Compile Heart &#8211; et studio som best\u00e5r av flere tidligereAtlus -utviklere, inkludert medgrunnlegger og Persona -seriens medskaper Kouji Okada &#8211; vil bli presentert for verden s\u00e5 snart som om et par uker.<\/p>\n<p>Dette har blitt bekreftet ved lanseringen av et <a href=\"https:\/\/www.compileheart.com\/vc\/\" target=\"_blank\" rel=\"nofollow noopener\">nytt nettsted<\/a> dedikert til dette kommende spillet. Vi har ikke mye \u00e5 g\u00e5 p\u00e5 om offisiell informasjon enn\u00e5, men folkene p\u00e5 <a href=\"https:\/\/www.gematsu.com\/2026\/01\/compile-heart-to-announce-new-school-rpg-by-megami-tensei-co-creator-kouji-okada-on-january-29\" target=\"_blank\" rel=\"nofollow noopener\">Gematsu<\/a> har oversatt en stor del av det japanske nettstedet, noe som betyr at vi har noen fristende titbits \u00e5 dele.<\/p>\n<p>For det f\u00f8rste sies dette kommende prosjektet \u00e5 bli beskrevet som en &laquo;school RPG&raquo; noe som tyder p\u00e5 at det vil ha en Persona-lignende stil. Utover dette skal Okada ha omtalt prosjektet som et &laquo;siste budskap til neste generasjon&raquo;. Nettstedet bekrefter da ogs\u00e5 hvem som jobber med spillet, med Okada tilknyttet som prosjektprodusent, mens Persona veteran Tadashi Satomi tar p\u00e5 seg scenariooppgaver, Megami Tensei veteran Tsukasa Masuko er lydkomponist, og til slutt h\u00e5ndterer Ilya Kuvshinov karakterdesign.<\/p>\n<p>Den offisielle avsl\u00f8ringen for dette prosjektet er planlagt til 29. januar, alts\u00e5 om n\u00f8yaktig to uker.<\/p>\n","protected":false},"excerpt":{"rendered":"Vi forventer at det blir et veldig stort \u00e5r for Persona -serien, samtidig som utvikleren Atlus forbereder seg&hellip;\n","protected":false},"author":2,"featured_media":138369,"comment_status":"","ping_status":"","sticky":false,"template":"","format":"standard","meta":{"footnotes":""},"categories":[57],"tags":[30,28,29,65,63,64,66,70,69,67,68],"class_list":{"0":"post-138368","1":"post","2":"type-post","3":"status-publish","4":"format-standard","5":"has-post-thumbnail","7":"category-vitenskap-og-teknologi","8":"tag-no","9":"tag-norge","10":"tag-norway","11":"tag-science","12":"tag-science-and-technology","13":"tag-scienceandtechnology","14":"tag-technology","15":"tag-teknologi","16":"tag-vitenskap","17":"tag-vitenskap-og-teknologi","18":"tag-vitenskapteknologi"},"share_on_mastodon":{"url":"https:\/\/pubeurope.com\/@no\/115899681007364527","error":""},"_links":{"self":[{"href":"https:\/\/www.europesays.com\/no\/wp-json\/wp\/v2\/posts\/138368","targetHints":{"allow":["GET"]}}],"collection":[{"href":"https:\/\/www.europesays.com\/no\/wp-json\/wp\/v2\/posts"}],"about":[{"href":"https:\/\/www.europesays.com\/no\/wp-json\/wp\/v2\/types\/post"}],"author":[{"embeddable":true,"href":"https:\/\/www.europesays.com\/no\/wp-json\/wp\/v2\/users\/2"}],"replies":[{"embeddable":true,"href":"https:\/\/www.europesays.com\/no\/wp-json\/wp\/v2\/comments?post=138368"}],"version-history":[{"count":0,"href":"https:\/\/www.europesays.com\/no\/wp-json\/wp\/v2\/posts\/138368\/revisions"}],"wp:featuredmedia":[{"embeddable":true,"href":"https:\/\/www.europesays.com\/no\/wp-json\/wp\/v2\/media\/138369"}],"wp:attachment":[{"href":"https:\/\/www.europesays.com\/no\/wp-json\/wp\/v2\/media?parent=138368"}],"wp:term":[{"taxonomy":"category","embeddable":true,"href":"https:\/\/www.europesays.com\/no\/wp-json\/wp\/v2\/categories?post=138368"},{"taxonomy":"post_tag","embeddable":true,"href":"https:\/\/www.europesays.com\/no\/wp-json\/wp\/v2\/tags?post=138368"}],"curies":[{"name":"wp","href":"https:\/\/api.w.org\/{rel}","templated":true}]}}