{"id":138370,"date":"2026-01-15T14:52:08","date_gmt":"2026-01-15T14:52:08","guid":{"rendered":"https:\/\/www.europesays.com\/no\/138370\/"},"modified":"2026-01-15T14:52:08","modified_gmt":"2026-01-15T14:52:08","slug":"boligmangel-prisrekord-boligmangel-driver-prisene-til-rekorder","status":"publish","type":"post","link":"https:\/\/www.europesays.com\/no\/138370\/","title":{"rendered":"Boligmangel, Prisrekord | Boligmangel driver prisene til rekorder"},"content":{"rendered":"\n<p>En fireromsleilighet i Odda ble sist uke solgt for 3,5 millioner kroner. Den ble f\u00f8rst lagt ut til 2,6 millioner kroner.<\/p>\n<p><b>Den gikk dermed hele 34 prosent over prisantydning, og var if\u00f8lge Solgt.no den boligen som gikk mest over sist uke.<\/b><\/p>\n<p>\u2013 Da vi hadde 20 stykker p\u00e5 visning, tenkte jeg salget ville g\u00e5 opp mot tre millioner kanskje. Det gikk over det jeg forventet, forteller eiendomsmegler i Nordvik, Torstein M\u00e6land, til Nettavisen.<\/p>\n<p>Leiligheten er p\u00e5 86 kvadratmeter, med en balkong p\u00e5 seks kvadratmeter. Det er totalt tre soverom, i tillegg til vaskerom, stue, kj\u00f8kken, gang, bad og bod.<\/p>\n<p>I annonsen blir den beskrevet som en \u00abinnholdsrik 4-roms m\/vestvendt, solrik balkong. Praktisk og arealeffektiv planl\u00f8sning. Peis. Garasje. 4 min til buss\u00bb<\/p>\n<p>   <img decoding=\"async\" width=\"1920\" height=\"1080\" fetchpriority=\"low\"  loading=\"lazy\"  src=\"https:\/\/www.europesays.com\/no\/wp-content\/uploads\/2026\/01\/Torstein+M%C3%A6land_+1789+WEB.JPG\" alt=\"\" class=\"brick-c-cFOWSL\" style=\"--brick-image-ratio: 1920 \/ 1080;\"\/><\/p>\n<p>      BOLIGMARKED: Eiendomsmegler Torstein M\u00e6land forteller at boligene fyker raskt av markedet i Odda.<br \/>\n      Foto: Kolonihaven\n    <\/p>\n<p>  Stor interesse<\/p>\n<p>Samme kveld som visningen meldte fire seg p\u00e5 budkrigen.<\/p>\n<p>\u2013 De begynte \u00e5 by over prisantydning fra start, forteller M\u00e6land.<\/p>\n<p>Han har tidligere solgt to leiligheter i naboblokken som l\u00e5 i tredje etasje. Disse gikk for rundt 2,5 millioner kroner.<\/p>\n<p>\u2013 Denne ligger i f\u00f8rste etasje, i tillegg har den tre soverom, noe som kan v\u00e6re grunnen til at den ble solgt for mer. Denne er mer for den eldre garde.<\/p>\n<p><b>Les ogs\u00e5:<a href=\"https:\/\/www.nettavisen.no\/kjendis\/johannes-hosflot-klabo-selger-hytta-pa-skeikampen\/s\/5-95-2807762\" rel=\"Follow nofollow noopener\" target=\"_blank\"> Selger hytta p\u00e5 Skeikampen: \u2013 Med tungt hjerte<\/a><\/b><\/p>\n<p>Leiligheten ligger 20 minutters gange fra sentrum av Odda, hvor du if\u00f8lge annonsen finner \u00abalt\u00bb du trenger i hverdagen.<\/p>\n<p>M\u00e6land forklarer at det er stor mangel p\u00e5 leiligheter til salgs, spesielt p\u00e5 bakkeplan.<\/p>\n<p>\u2013 Vi merker at det er mye mer press p\u00e5 leiligheter, spesielt sentrumsn\u00e6rt. Det kommer veldig mange p\u00e5 visning. Det er helt ok standard p\u00e5 leiligheten, hvor du m\u00e5 nok regne med litt oppussing, forklarer M\u00e6land.<\/p>\n<p>Han legger til at omr\u00e5det leiligheten ligger i, er et sv\u00e6rt attraktivt omr\u00e5de i Odda.<\/p>\n<p>Stadig nye rekorder<\/p>\n<p>\u2013 Prisene har bare \u00f8kt og \u00f8kt, og det er vanskelig \u00e5 si n\u00e5r det tar slutt. Hver m\u00e5ned og hvert \u00e5r settes det nesten rekord i prisstigning.<\/p>\n<p>De siste fire-fem \u00e5rene har det v\u00e6rt en stadig vekst i boligsalget i Odda. Da det er betydelig lite nyboliger p\u00e5 markedet, er det stor kamp om bruktboligene s\u00e5 fort de kommer for salg.<\/p>\n<p>Spesielt leiligheter har det v\u00e6rt en veldig stor ettersp\u00f8rsel etter.<\/p>\n<p><b>Les ogs\u00e5: <a href=\"https:\/\/www.nettavisen.no\/heim\/historiske-tall-pa-finn-eiendom-ikke-bare-om-kjop-og-salg\/s\/5-95-2801092\" rel=\"Follow nofollow noopener\" target=\"_blank\">Boligene nordmenn dr\u00f8mmer seg bort i<\/a><\/b><\/p>\n<p><b>Les flere boligsaker hos <a href=\"https:\/\/heim.na.no\/\" rel=\"Follow nofollow noopener\" target=\"_blank\">Nettavisen Heim. <\/a><\/b><\/p>\n<p>\u2013 Det g\u00e5r relativt raskt med eneboliger og rekkehus, men leiligheter er absolutt det som er mest attraktivt om dagen<\/p>\n<p>Det har v\u00e6rt flere tilfeller hvor det har g\u00e5tt over millionen over prisantydning n\u00e5. Jeg solgte nylig et rekkehus som l\u00e5 ute til nesten rekordpris, 3,65 millioner kroner, i samme nabolag. Den gikk for fire millioner, forteller M\u00e6land.<\/p>\n<p>Grunnen til at det er en del boliger som g\u00e5r langt over, er f\u00f8rst og fremst den store ettersp\u00f8rselen.<\/p>\n<p>\u2013 Det er lite til salgs, og mange vil kj\u00f8pe. Slik har det v\u00e6rt i mange \u00e5r n\u00e5, spesielt med leiligheter. Det samler seg opp mange som vil kj\u00f8pe, mens det er f\u00e5 objekter tilgjengelig.<\/p>\n<p>   <img decoding=\"async\" width=\"1600\" height=\"1067\" fetchpriority=\"low\"  loading=\"lazy\"  src=\"https:\/\/www.europesays.com\/no\/wp-content\/uploads\/2026\/01\/Odda.jpg\" alt=\"\" class=\"brick-c-cFOWSL\" style=\"--brick-image-ratio: 1600 \/ 1067;\"\/><\/p>\n<p>      BELIGGENHET: En av de viktigste faktorene til prisveksten er at flere \u00f8nsker seg til sentrum av Odda.<br \/>\n      Foto: Inderhaug Boligfoto\n    <\/p>\n<p>  Forskjell p\u00e5 generasjoner<\/p>\n<p>\u2013 F\u00f8rstegangskj\u00f8pere er ute etter alt av rekkehus, enebolig, leiligheter, bare for \u00e5 komme seg inn i markedet og ha et sted \u00e5 bo. De eldre vil derimot nesten kun ha leiligheter, virker det som.<\/p>\n<p>Det er et voksende \u00f8nske om \u00e5 bo sentralt og i leilighet hos b\u00e5de den eldre generasjonen og f\u00f8rstegangskj\u00f8pere i Odda.<\/p>\n<p>Leiligheter i f\u00f8rste etasje er det spesielt stor konkurranse om blant den eldre garden.<\/p>\n","protected":false},"excerpt":{"rendered":"En fireromsleilighet i Odda ble sist uke solgt for 3,5 millioner kroner. Den ble f\u00f8rst lagt ut til&hellip;\n","protected":false},"author":2,"featured_media":138371,"comment_status":"","ping_status":"","sticky":false,"template":"","format":"standard","meta":{"footnotes":""},"categories":[56],"tags":[60,61,62,30,28,29],"class_list":{"0":"post-138370","1":"post","2":"type-post","3":"status-publish","4":"format-standard","5":"has-post-thumbnail","7":"category-naeringsliv","8":"tag-business","9":"tag-economy","10":"tag-naeringsliv","11":"tag-no","12":"tag-norge","13":"tag-norway"},"share_on_mastodon":{"url":"https:\/\/pubeurope.com\/@no\/115899684882975571","error":""},"_links":{"self":[{"href":"https:\/\/www.europesays.com\/no\/wp-json\/wp\/v2\/posts\/138370","targetHints":{"allow":["GET"]}}],"collection":[{"href":"https:\/\/www.europesays.com\/no\/wp-json\/wp\/v2\/posts"}],"about":[{"href":"https:\/\/www.europesays.com\/no\/wp-json\/wp\/v2\/types\/post"}],"author":[{"embeddable":true,"href":"https:\/\/www.europesays.com\/no\/wp-json\/wp\/v2\/users\/2"}],"replies":[{"embeddable":true,"href":"https:\/\/www.europesays.com\/no\/wp-json\/wp\/v2\/comments?post=138370"}],"version-history":[{"count":0,"href":"https:\/\/www.europesays.com\/no\/wp-json\/wp\/v2\/posts\/138370\/revisions"}],"wp:featuredmedia":[{"embeddable":true,"href":"https:\/\/www.europesays.com\/no\/wp-json\/wp\/v2\/media\/138371"}],"wp:attachment":[{"href":"https:\/\/www.europesays.com\/no\/wp-json\/wp\/v2\/media?parent=138370"}],"wp:term":[{"taxonomy":"category","embeddable":true,"href":"https:\/\/www.europesays.com\/no\/wp-json\/wp\/v2\/categories?post=138370"},{"taxonomy":"post_tag","embeddable":true,"href":"https:\/\/www.europesays.com\/no\/wp-json\/wp\/v2\/tags?post=138370"}],"curies":[{"name":"wp","href":"https:\/\/api.w.org\/{rel}","templated":true}]}}