{"id":138372,"date":"2026-01-15T14:53:32","date_gmt":"2026-01-15T14:53:32","guid":{"rendered":"https:\/\/www.europesays.com\/no\/138372\/"},"modified":"2026-01-15T14:53:32","modified_gmt":"2026-01-15T14:53:32","slug":"ekspert-vi-ma-vise-at-vi-er-klare-til-a-forsvare-svalbard-teknisk-ukeblad","status":"publish","type":"post","link":"https:\/\/www.europesays.com\/no\/138372\/","title":{"rendered":"Ekspert: Vi m\u00e5 vise at vi er klare til \u00e5 forsvare Svalbard &#8211; Teknisk Ukeblad"},"content":{"rendered":"<ol>\n<li><a href=\"https:\/\/news.google.com\/rss\/articles\/CBMilgFBVV95cUxNUGIwQ1Z6YmRBbkVBZmgwUExfcHR5ZkpJNWptd2ZfdEZZZE5IVDB1QmN0QkVnVHVPV21yMElLNTBxRXhFdF9xMW5PWEpZOWJTWmhtRHVUN1duZHpDLW1TeEhLQ3otdkZYSHlVTG9adERNUG13SUZFeEpuMkJnYW1ZQWhaZ0J0b2UyYXU1UXM0LXNfV3ZIa1E?oc=5\" target=\"_blank\" rel=\"nofollow noopener\">Ekspert: Vi m\u00e5 vise at vi er klare til \u00e5 forsvare Svalbard<\/a>&nbsp;&nbsp;Teknisk Ukeblad<\/li>\n<li><a href=\"https:\/\/news.google.com\/rss\/articles\/CBMihwFBVV95cUxPWENSMVVZS1FmTmE5dk9BQjNDbElYZTcwNUZ1YnVUanI4bnM1TUU0Q2VCU0VieWNZcWJUN0xpUDhDZm5NckpfdTNMUjJEWFF0M29RYWx6WkxwU3pPRnRIdmZJaWo4cTlsYTJkdmZFX3hYa2YzZVVNS2Jhd24tWTRUYXI3WWVuTkk?oc=5\" target=\"_blank\" rel=\"nofollow noopener\">Avsl\u00f8rer m\u00f8te: Fikk Svalbard-forsikring<\/a>&nbsp;&nbsp;Dagbladet<\/li>\n<li><a href=\"https:\/\/news.google.com\/rss\/articles\/CBMitwFBVV95cUxOcmRueEVpRDcxR3FnOE5aRXhtSy1RZE5CRDdCeEFIVUhIQkl0cU9fbzhrWThwMTRmYk9nY0N4SG85czROcXByOGJkTlA2YkwyNTRMR05ETE9kWlNqOXRaTTNtYm02UEF3VXpoWWFrUGlWdmxQdjVjY3ZqMlJqRUNMZ25jRk9QakNPRWJhR0hDM3JLZ3Q2T2ZsajdhYWpmX0FhOUJGbWI3bm1WQ09UMXN0SkxlSjBIZ1U?oc=5\" target=\"_blank\" rel=\"nofollow noopener\">Forsvarsministeren: Kroatisk president alene om Svalbard-uttalelser<\/a>&nbsp;&nbsp;adressa.no<\/li>\n<li><a href=\"https:\/\/news.google.com\/rss\/articles\/CBMijAFBVV95cUxNdkQ3SmVROXQyWWhRUzk1dms4NTRNMXAtaHRCMER0dmh4YmFMVkdGVVdqZGJIeVlKRk8xeVZZWjJLSVRHYUtPMkZMaGN5enNRNi1XNlR1OFZhMURNSUZldnVnZ0N1T0RiMzhfWEtUbmcyNkpMcW1ocW0yQUFQdTlYa2U3VkhTOHctQ2VkcA?oc=5\" target=\"_blank\" rel=\"nofollow noopener\">Reagerer p\u00e5 Svalbard-utspill: \u2013 Uakseptabelt<\/a>&nbsp;&nbsp;Dagsavisen<\/li>\n<li><a href=\"https:\/\/news.google.com\/rss\/articles\/CBMiiAFBVV95cUxOZjBHdlBDazdobEY1ZTBxLXRBS05RekxPTnE3dDhiel9iNTRkWG5FUm9lcjBSZEVXNWZDb25mc1pPYXBDMm9iTnVsczU3NXVRMXBXSHJqMm5qbHkzNWFzYVUzN2Nqd0pyeHBwMTBMZFlsQzZuSHNQTWFYRjFsTUQyM2ZJMGN6RDUt?oc=5\" target=\"_blank\" rel=\"nofollow noopener\">Kroatias president: \u2013\u2060 La dem ta Svalbard, ikke Gr\u00f8nland<\/a>&nbsp;&nbsp;VG<\/li>\n<\/ol>\n","protected":false},"excerpt":{"rendered":"Ekspert: Vi m\u00e5 vise at vi er klare til \u00e5 forsvare Svalbard&nbsp;&nbsp;Teknisk Ukeblad Avsl\u00f8rer m\u00f8te: Fikk Svalbard-forsikring&nbsp;&nbsp;Dagbladet Forsvarsministeren:&hellip;\n","protected":false},"author":2,"featured_media":138373,"comment_status":"","ping_status":"","sticky":false,"template":"","format":"standard","meta":{"footnotes":""},"categories":[12],"tags":[20,21,24,25,226,15,22,23,13,30,28,29,14,16,26,27,42,43,44,45],"class_list":{"0":"post-138372","1":"post","2":"type-post","3":"status-publish","4":"format-standard","5":"has-post-thumbnail","7":"category-verden","8":"tag-breaking-news","9":"tag-breakingnews","10":"tag-featured-news","11":"tag-featurednews","12":"tag-forsvar","13":"tag-headlines","14":"tag-latest-news","15":"tag-latestnews","16":"tag-news","17":"tag-no","18":"tag-norge","19":"tag-norway","20":"tag-nyheter","21":"tag-overskrifter","22":"tag-top-stories","23":"tag-topstories","24":"tag-verden","25":"tag-world","26":"tag-world-news","27":"tag-worldnews"},"share_on_mastodon":{"url":"https:\/\/pubeurope.com\/@no\/115899688847825445","error":""},"_links":{"self":[{"href":"https:\/\/www.europesays.com\/no\/wp-json\/wp\/v2\/posts\/138372","targetHints":{"allow":["GET"]}}],"collection":[{"href":"https:\/\/www.europesays.com\/no\/wp-json\/wp\/v2\/posts"}],"about":[{"href":"https:\/\/www.europesays.com\/no\/wp-json\/wp\/v2\/types\/post"}],"author":[{"embeddable":true,"href":"https:\/\/www.europesays.com\/no\/wp-json\/wp\/v2\/users\/2"}],"replies":[{"embeddable":true,"href":"https:\/\/www.europesays.com\/no\/wp-json\/wp\/v2\/comments?post=138372"}],"version-history":[{"count":0,"href":"https:\/\/www.europesays.com\/no\/wp-json\/wp\/v2\/posts\/138372\/revisions"}],"wp:featuredmedia":[{"embeddable":true,"href":"https:\/\/www.europesays.com\/no\/wp-json\/wp\/v2\/media\/138373"}],"wp:attachment":[{"href":"https:\/\/www.europesays.com\/no\/wp-json\/wp\/v2\/media?parent=138372"}],"wp:term":[{"taxonomy":"category","embeddable":true,"href":"https:\/\/www.europesays.com\/no\/wp-json\/wp\/v2\/categories?post=138372"},{"taxonomy":"post_tag","embeddable":true,"href":"https:\/\/www.europesays.com\/no\/wp-json\/wp\/v2\/tags?post=138372"}],"curies":[{"name":"wp","href":"https:\/\/api.w.org\/{rel}","templated":true}]}}