{"id":138382,"date":"2026-01-15T15:03:08","date_gmt":"2026-01-15T15:03:08","guid":{"rendered":"https:\/\/www.europesays.com\/no\/138382\/"},"modified":"2026-01-15T15:03:08","modified_gmt":"2026-01-15T15:03:08","slug":"nyheter-trafikk-frykter-speilblanke-veger-meteorologen-haper-pa-en-ting","status":"publish","type":"post","link":"https:\/\/www.europesays.com\/no\/138382\/","title":{"rendered":"Nyheter, Trafikk | Frykter speilblanke veger: Meteorologen h\u00e5per p\u00e5 \u00e9n ting"},"content":{"rendered":"\n<p>Etter det store sn\u00f8fallet natt til onsdag, har det igjen v\u00e6rt kaldt i Gudbrandsdalen onsdag kveld og natt til torsdag.<\/p>\n<p><b>Men torsdag kveld sl\u00e5r v\u00e6ret helt om.<\/b><\/p>\n<p>10-15 centimeter sn\u00f8<\/p>\n<p>Fra torsdag kveld begynner det \u00e5 sn\u00f8 igjen, og utover fredag er det meldt varmegrader i store deler av dalen. Nedb\u00f8ren som kommer, kan komme som sn\u00f8, sludd eller regn.<\/p>\n<p>\u2013 Vi ser for oss at det begynner som sn\u00f8 fredag morgen og vil v\u00e6re sn\u00f8 lenge. Men det kan bli en blanda nedb\u00f8rsform etter hvert med sludd og mer v\u00e5t sn\u00f8, sier statsmeteorolog H\u00e5kon Mjelstad.<\/p>\n<p>Han sier at det hadde v\u00e6rt en stor fordel om nedb\u00f8ren forblir som sn\u00f8.<\/p>\n<p>\u2013 Det gj\u00f8r det litt enklere. Det kan bli utfordrende f\u00f8remessig hvis det blir skikkelig v\u00e5tt, sier han.<\/p>\n<p>Sjansen for at nedb\u00f8ren kommer som sn\u00f8 \u00f8ker jo lenger opp i Gudbrandsdalen man kommer, legger han til. Totalt kan det komme opp mot 15 centimeter sn\u00f8 fredag.<\/p>\n<p>\u2013 Entrepren\u00f8rene har nok sett dette her og skal pr\u00f8ve \u00e5 h\u00e5ndtere det best mulig slik at det blir farbart, sier meteorologen.<\/p>\n<p>   <img decoding=\"async\" width=\"2759\" height=\"1934\" fetchpriority=\"low\"  loading=\"lazy\"  src=\"https:\/\/www.europesays.com\/no\/wp-content\/uploads\/2026\/01\/15_bilberginger_i_sn_v_ret.jpg\" alt=\"\" class=\"brick-c-cFOWSL\" style=\"--brick-image-ratio: 2759 \/ 1934;\"\/><\/p>\n<p>      Entrepren\u00f8rene er i beredskap denne uka.<br \/>\n      Foto: Vidar Heitk\u00f8tter (arkivfoto)\n    <\/p>\n<p>  Frykter speilblanke veger<\/p>\n<p>Etter varmegrader og nedb\u00f8r fredag, er det ventet \u00e5 bli kaldere igjen inn mot l\u00f8rdag. Det kan gj\u00f8re at den v\u00e5te nedb\u00f8ren fryser til is p\u00e5 vegene. Norges automobilforbund (Naf) frykter at det blir speilblanke veger.<\/p>\n<p>Med kald bakke og regnv\u00e6r, fryser regnet p\u00e5 bakken. Da blir det s\u00e5peglatt.<\/p>\n<p>\u2013 Er det underkj\u00f8lt regn er faktisk det lureste du kan gj\u00f8re \u00e5 la bilen st\u00e5. Vegene blir som sk\u00f8ytebaner n\u00e5r regnet fryser p\u00e5 bakken. Da er det vanskelig \u00e5 beholde kontrollen p\u00e5 bilen, forklarer Nils S\u00f8dal i Naf i en pressemelding.<\/p>\n<p>De oppfordrer samtlige bilister som skal ferdes i trafikken om \u00e5 tilpasse farten etter forholdene og holde begge hendene p\u00e5 rattet.<\/p>\n<p>\u2013 Det er det viktigste du gj\u00f8r, sier S\u00f8dal.<\/p>\n<p>            Slik tester du veggrepet trygt<\/p>\n<p>M\u00e5 du ut \u00e5 kj\u00f8re er det lurt \u00e5 teste f\u00f8ret for \u00e5 sjekke hvor glatt det faktisk er. Tre enkle \u00f8velser gir deg svarene, men husk at du m\u00e5 ha god oversikt og ingen biler rett bak deg.<\/p>\n<ul>\n<li>Kjenn p\u00e5 motstand i rattet. Om bilen har elektronisk stabilitetsprogram, gj\u00f8r en liten og litt br\u00e5 rattbevegelse i svingen. Slipper hjulene er det ordentlig glatt. F\u00f8lger bilen rattbevegelsen har du godt feste.<\/li>\n<li>Kjenn p\u00e5 veigrepet n\u00e5r du gasser. Slipper hjulene lett er det skikkelig glatt.<\/li>\n<li>Korte pr\u00f8vebremsinger. Sklir bilen langt f\u00f8r den stopper, gjelder det \u00e5 v\u00e6re p\u00e5passelig. <\/li>\n<\/ul>\n","protected":false},"excerpt":{"rendered":"Etter det store sn\u00f8fallet natt til onsdag, har det igjen v\u00e6rt kaldt i Gudbrandsdalen onsdag kveld og natt&hellip;\n","protected":false},"author":2,"featured_media":138383,"comment_status":"","ping_status":"","sticky":false,"template":"","format":"standard","meta":{"footnotes":""},"categories":[10],"tags":[36,20,21,1434,834,24,25,1428,15,22,23,1433,1427,1431,13,30,1159,28,29,14,16,1429,1161,1430,1432,1160,1510,26,27,224,1102],"class_list":{"0":"post-138382","1":"post","2":"type-post","3":"status-publish","4":"format-standard","5":"has-post-thumbnail","7":"category-norge","8":"tag-art","9":"tag-breaking-news","10":"tag-breakingnews","11":"tag-dovre","12":"tag-e6","13":"tag-featured-news","14":"tag-featurednews","15":"tag-gausdal","16":"tag-headlines","17":"tag-latest-news","18":"tag-latestnews","19":"tag-lesja","20":"tag-lillehammer","21":"tag-lom","22":"tag-news","23":"tag-no","24":"tag-nord-fron","25":"tag-norge","26":"tag-norway","27":"tag-nyheter","28":"tag-overskrifter","29":"tag-oyer","30":"tag-ringebu","31":"tag-sel","32":"tag-skjak","33":"tag-sor-fron","34":"tag-story","35":"tag-top-stories","36":"tag-topstories","37":"tag-trafikk","38":"tag-vaga"},"share_on_mastodon":{"url":"https:\/\/pubeurope.com\/@no\/115899728069441897","error":""},"_links":{"self":[{"href":"https:\/\/www.europesays.com\/no\/wp-json\/wp\/v2\/posts\/138382","targetHints":{"allow":["GET"]}}],"collection":[{"href":"https:\/\/www.europesays.com\/no\/wp-json\/wp\/v2\/posts"}],"about":[{"href":"https:\/\/www.europesays.com\/no\/wp-json\/wp\/v2\/types\/post"}],"author":[{"embeddable":true,"href":"https:\/\/www.europesays.com\/no\/wp-json\/wp\/v2\/users\/2"}],"replies":[{"embeddable":true,"href":"https:\/\/www.europesays.com\/no\/wp-json\/wp\/v2\/comments?post=138382"}],"version-history":[{"count":0,"href":"https:\/\/www.europesays.com\/no\/wp-json\/wp\/v2\/posts\/138382\/revisions"}],"wp:featuredmedia":[{"embeddable":true,"href":"https:\/\/www.europesays.com\/no\/wp-json\/wp\/v2\/media\/138383"}],"wp:attachment":[{"href":"https:\/\/www.europesays.com\/no\/wp-json\/wp\/v2\/media?parent=138382"}],"wp:term":[{"taxonomy":"category","embeddable":true,"href":"https:\/\/www.europesays.com\/no\/wp-json\/wp\/v2\/categories?post=138382"},{"taxonomy":"post_tag","embeddable":true,"href":"https:\/\/www.europesays.com\/no\/wp-json\/wp\/v2\/tags?post=138382"}],"curies":[{"name":"wp","href":"https:\/\/api.w.org\/{rel}","templated":true}]}}