{"id":138385,"date":"2026-01-15T15:05:11","date_gmt":"2026-01-15T15:05:11","guid":{"rendered":"https:\/\/www.europesays.com\/no\/138385\/"},"modified":"2026-01-15T15:05:11","modified_gmt":"2026-01-15T15:05:11","slug":"magnus-brevig-hoppskandalen-utestengt-i-18-maneder-etter-hoppskandalen-i-vm","status":"publish","type":"post","link":"https:\/\/www.europesays.com\/no\/138385\/","title":{"rendered":"Magnus Brevig, Hoppskandalen | Utestengt i 18 m\u00e5neder etter hoppskandalen i VM"},"content":{"rendered":"\n<p>Det opplyser Det internasjonale ski- og sn\u00f8brettforbundet (FIS) <a href=\"https:\/\/www.fis-ski.com\/inside-fis\/news\/2025-26\/ski-jumping-fis-ethics-committee-decision-on-the-case-of-brevig-lobben-and-livelten\" rel=\"Follow nofollow noopener\" target=\"_blank\">i en pressemelding torsdag<\/a>.<\/p>\n<p>Dommen p\u00e5 18 m\u00e5neders utestengelse gjelder for trener Magnus Brevig, samt Thomas Lobben og Adrian Livelten.<\/p>\n<p>Trioen ilegges ogs\u00e5 en bot p\u00e5 60.000 kroner hver, heter det fra den etiske komiteen i FIS. Den aktuelle komiteen har tatt avgj\u00f8relsen om straffen, etter en innstilling fra styret i organisasjonen.<\/p>\n<p>De tre har v\u00e6rt suspendert siden 12. mars 2025 og disse dagene trekkes fra dommen p\u00e5 18 m\u00e5neders utestengelse.<\/p>\n<p>    Skapte stor skandale i Trondheim<\/p>\n<p>Brevig var landslagstrener under hoppjukset som fant sted under VM i Trondheim i mars. Lobben var assistenttrener, mens Livelten var hopplandslagets skredder.<\/p>\n<p><b>Les ogs\u00e5: <a href=\"https:\/\/www.nettavisen.no\/sport\/aksel-lund-svindal-tok-opp-barnehagestrid-pa-nrk-skjer-ikke-pa-min-vakt\/s\/5-95-2825214\" rel=\"Follow nofollow noopener\" target=\"_blank\">Aksel Lund Svindal med klar barnehage-beskjed: \u2013 Skjer ikke <\/a><\/b><\/p>\n<p>Det var under mesterskapet i Norge det ble avsl\u00f8rt at de tre hadde sydd inn en skjult tr\u00e5d i draktene til Marius Lindvik og Johann Andr\u00e9 Forfang. Den skulle stive opp hoppdressen og gi lengre hopp for de norske profilene.<\/p>\n<p>Det ble imidlertid fanget p\u00e5 film og publisert i sosiale medier. Det f\u00f8rste til store protester fra nasjoner som \u00d8sterrike, Polen og Slovenia og det hele utviklet seg til en stor skandale.<\/p>\n<p>I en uttalelse til VG sier Brevig, Lobben og Livelten at de anerkjenner at det som skjedde var feil, men:<\/p>\n<p>\u00abSamtidig, opplever vi reaksjonen som uforholdsmessig streng sammenlignet med tidligere praksis i tilsvarende saker, og vi har vanskelig for \u00e5 forst\u00e5 at vi behandles annerledes enn andre i sammenlignbare situasjoner. Vi mener derfor at avgj\u00f8relsen er urimelig streng og at vi i praksis blir gjort til syndebukker for et st\u00f8rre systemproblem\u00bb.<\/p>\n<p><b>Les ogs\u00e5<a href=\"https:\/\/www.nettavisen.no\/sport\/bryter-loven-med-iptv-dette-svarer-okokrim\/s\/5-95-2824378\" rel=\"Follow nofollow noopener\" target=\"_blank\">: Nordmannen bryter loven: Dette svarer \u00d8kokrim <\/a><\/b><\/p>\n<p>Brevig-advokat: Vurderer \u00e5 anke til CAS<\/p>\n<p>Magnus Brevigs advokat, P\u00e5l Kleven, sier til VG at de n\u00e5 vurderer \u00e5 anke saken til Idrettens voldgiftsrett (CAS).<\/p>\n<p>I avgj\u00f8relsen fra FIS poengteres det at alvoret i saken regnes som s\u00e6rlig stort fordi regelbruddet fant sted i et verdensmesterskap, at handlingen var bevisst, at skihoppingens omd\u00f8mme ble skadet og at forbundet mener det er viktig \u00e5 sette foten ned for hva som er uakseptabelt i skihopping, som hovedgrunner for den strenge straffen mot den norske trioen.<\/p>\n<p>Brevig, Lobben og Livelten har allerede mistet jobben i Norges Skiforbund i kj\u00f8lvannet av VM-skandalen.<\/p>\n","protected":false},"excerpt":{"rendered":"Det opplyser Det internasjonale ski- og sn\u00f8brettforbundet (FIS) i en pressemelding torsdag. Dommen p\u00e5 18 m\u00e5neders utestengelse gjelder&hellip;\n","protected":false},"author":2,"featured_media":138386,"comment_status":"","ping_status":"","sticky":false,"template":"","format":"standard","meta":{"footnotes":""},"categories":[59],"tags":[30,28,29,83,82],"class_list":{"0":"post-138385","1":"post","2":"type-post","3":"status-publish","4":"format-standard","5":"has-post-thumbnail","7":"category-sport","8":"tag-no","9":"tag-norge","10":"tag-norway","11":"tag-sport","12":"tag-sports"},"share_on_mastodon":{"url":"https:\/\/pubeurope.com\/@no\/115899735950099106","error":""},"_links":{"self":[{"href":"https:\/\/www.europesays.com\/no\/wp-json\/wp\/v2\/posts\/138385","targetHints":{"allow":["GET"]}}],"collection":[{"href":"https:\/\/www.europesays.com\/no\/wp-json\/wp\/v2\/posts"}],"about":[{"href":"https:\/\/www.europesays.com\/no\/wp-json\/wp\/v2\/types\/post"}],"author":[{"embeddable":true,"href":"https:\/\/www.europesays.com\/no\/wp-json\/wp\/v2\/users\/2"}],"replies":[{"embeddable":true,"href":"https:\/\/www.europesays.com\/no\/wp-json\/wp\/v2\/comments?post=138385"}],"version-history":[{"count":0,"href":"https:\/\/www.europesays.com\/no\/wp-json\/wp\/v2\/posts\/138385\/revisions"}],"wp:featuredmedia":[{"embeddable":true,"href":"https:\/\/www.europesays.com\/no\/wp-json\/wp\/v2\/media\/138386"}],"wp:attachment":[{"href":"https:\/\/www.europesays.com\/no\/wp-json\/wp\/v2\/media?parent=138385"}],"wp:term":[{"taxonomy":"category","embeddable":true,"href":"https:\/\/www.europesays.com\/no\/wp-json\/wp\/v2\/categories?post=138385"},{"taxonomy":"post_tag","embeddable":true,"href":"https:\/\/www.europesays.com\/no\/wp-json\/wp\/v2\/tags?post=138385"}],"curies":[{"name":"wp","href":"https:\/\/api.w.org\/{rel}","templated":true}]}}