{"id":138387,"date":"2026-01-15T15:09:08","date_gmt":"2026-01-15T15:09:08","guid":{"rendered":"https:\/\/www.europesays.com\/no\/138387\/"},"modified":"2026-01-15T15:09:08","modified_gmt":"2026-01-15T15:09:08","slug":"ingen-planer-om-a-sparke-fed-sjef-powell","status":"publish","type":"post","link":"https:\/\/www.europesays.com\/no\/138387\/","title":{"rendered":"Ingen planer om \u00e5 sparke Fed-sjef Powell"},"content":{"rendered":"\n<p class=\"_lead_snl99_2 _lead_1fmmc_55 layout-component layout-normal body-large layout-component layout-wide layout-padded _wide_17hqh_1 layout-padded\">\u2013 Det er for tidlig, sier USA-presidenten til Reuters.<\/p>\n<p><img alt=\"President Donald Trump og sentralbanksjef Jerome Powell.\u00a0\" class=\"_image_c08te_90 layout-component layout-wide\" data-fullscreen- data-track-element-type=\"Article image fullscreen\" data-track-name=\"ImageFullscreen\" fetchpriority=\"high\" decoding=\"sync\" loading=\"eager\" height=\"3744\" itemprop=\"image\"  src=\"https:\/\/www.europesays.com\/no\/wp-content\/uploads\/2026\/01\/9507528c-dfa8-45bf-86fc-55d18c2dba25.jpeg\"  style=\"object-position:0% 0%\" width=\"5616\"\/>President Donald Trump og sentralbanksjef Jerome Powell.\u00a0Vis mer<\/p>\n<p> Foto: Kent Nishimura \/ Reuters \/ NTB<\/p>\n<p class=\"_paragraph_snl99_4 _paragraph_1fmmc_7 layout-component layout-normal body-medium layout-padded\">I et intervju med <a href=\"https:\/\/www.reuters.com\/world\/us\/trump-says-he-has-no-plan-fire-feds-powell-despite-investigation-2026-01-15\/\" class=\"_link_snl99_43\" rel=\"nofollow noopener\" target=\"_blank\">nyhetsbyr\u00e5et<\/a> ble Donald Trump konfrontert med sp\u00f8rsm\u00e5let om Fed-sjef Jerome Powell skal sparkes.<\/p>\n<p class=\"_paragraph_snl99_4 _paragraph_1fmmc_7 layout-component layout-normal body-medium layout-padded\">\u2013 Jeg har ingen planer om \u00e5 gj\u00f8re det, svarte Trump.<\/p>\n<p class=\"_paragraph_snl99_4 _paragraph_1fmmc_7 layout-component layout-normal body-medium layout-padded\">\u2013 Akkurat n\u00e5 er vi i en slags venteposisjon med ham, og vi skal bestemme hva vi gj\u00f8r. Men jeg kan ikke g\u00e5 inn p\u00e5 det. Det er for tidlig, fortsatte presidenten.<\/p>\n<p class=\"_paragraph_snl99_4 _paragraph_1fmmc_7 layout-component layout-normal body-medium layout-padded\">Det spekuleres p\u00e5 om den mye omtalte <a href=\"https:\/\/e24.no\/boers-og-finans\/i\/bOnOnv\/aapner-etterforskning-av-fed-sjef-jerome-powell\" class=\"_link_snl99_43\" rel=\"nofollow noopener\" target=\"_blank\">etterforskningen<\/a> av Powell henger sammen med Trumps \u00f8nske om \u00e5 <a href=\"https:\/\/e24.no\/internasjonal-oekonomi\/i\/y5R50R\/dette-er-feiden-mellom-trump-og-sentralbanken\" class=\"_link_snl99_43\" rel=\"nofollow noopener\" target=\"_blank\">p\u00e5virke pengepoltikken<\/a> i USA. Presidenten avviser n\u00e5 kritikken.<\/p>\n<p> \u2013 Jeg bryr meg ikke<\/p>\n<p class=\"_paragraph_snl99_4 _paragraph_1fmmc_7 layout-component layout-normal body-medium layout-padded\">Eksperter, <a href=\"https:\/\/e24.no\/boers-og-finans\/i\/rrLmbR\/europeiske-sentralbanksjefer-staar-i-full-solidaritet-med-powell\" class=\"_link_snl99_43\" rel=\"nofollow noopener\" target=\"_blank\">sentralbanksjefer<\/a> og <a href=\"https:\/\/e24.no\/internasjonal-oekonomi\/i\/lnEJrL\/dimon-stoetter-powell-er-ikke-en-god-ide\" class=\"_link_snl99_43\" rel=\"nofollow noopener\" target=\"_blank\">akt\u00f8rer i finansmarkedene<\/a> frykter at etterforskningen vil svekke Feds uavhengighet. Samtidig mener noen at det handler om politisk press for \u00e5 senke styringsrenten f\u00f8r mellomvalget i USA. <\/p>\n<p class=\"_paragraph_snl99_4 _paragraph_1fmmc_7 layout-component layout-normal body-medium layout-padded\">Noen rentekutt kan gj\u00f8re velgerne forn\u00f8yde, s\u00e6rlig fordi mange svarer at presidenten ikke har gjort nok for \u00e5 dempe dyrtiden.<\/p>\n<p class=\"_paragraph_snl99_4 _paragraph_1fmmc_7 layout-component layout-normal body-medium layout-padded\">Det er Trump selv uenig i. Han avfeier kritikken, ogs\u00e5 fra politikere han trenger st\u00f8tte fra i Senatet for \u00e5 f\u00e5 godkjent en ny sentralbanksjef.<\/p>\n<p class=\"_paragraph_snl99_4 _paragraph_1fmmc_7 layout-component layout-normal body-medium layout-padded\">\u2013 Jeg bryr meg ikke. De b\u00f8r v\u00e6re lojale, sa han til Reuters.<\/p>\n<p class=\"_paragraph_snl99_4 _paragraph_1fmmc_7 layout-component layout-normal body-medium layout-padded\">Samtidig avviser han at etterforskningen kan svekke dollaren eller f\u00f8re til h\u00f8yere inflasjon. Det er noe flere eksperter har advart mot dersom tilliten til Feds uavhengighet blir svekket.<\/p>\n<p class=\"_paragraph_snl99_4 _paragraph_1fmmc_7 layout-component layout-normal body-medium layout-padded\">\u2013 Jeg bryr meg ikke, gjentok Trump.<\/p>\n<p class=\"_paragraph_snl99_4 _paragraph_1fmmc_7 layout-component layout-normal body-medium layout-padded\">Det er uklart hvem Powell skal skiftes ut med i mai. Trump har likevel pekt p\u00e5 to favoritter: Kevin Warsh, som tidligere har sittet i Fed-styret, og Kevin Hassett, direkt\u00f8r for Det hvite hus\u2019 nasjonale \u00f8konomiske r\u00e5d. <\/p>\n<p><img alt=\"KANDIDATER. Kevin Hassett (venstre), Christopher Waller (midten) og Kevin Warsh (h\u00f8yre) er alle aktuelle kandidater som den nye sentralbanksjefen.\" class=\"_image_c08te_90 layout-component layout-normal\" data-fullscreen- data-track-element-type=\"Article image fullscreen\" data-track-name=\"ImageFullscreen\" decoding=\"async\" loading=\"lazy\" height=\"534\" itemprop=\"image\"  src=\"https:\/\/www.europesays.com\/no\/wp-content\/uploads\/2026\/01\/34aa87dc-f1fb-4952-bd7d-25aa99a8d6e3.jpeg\"  style=\"object-position:0% 0%\" width=\"800\"\/>KANDIDATER. Kevin Hassett (venstre), Christopher Waller (midten) og Kevin Warsh (h\u00f8yre) er alle aktuelle kandidater som den nye sentralbanksjefen.Vis mer<\/p>\n<p>Foto: Foto: Mandel Ngan (AFP\/NTB), Ann Saphir (Reuters\/NTB).<\/p>\n<p> Politisk press<\/p>\n<p class=\"_paragraph_snl99_4 _paragraph_1fmmc_7 layout-component layout-normal body-medium layout-padded\">Etterforskningen skal v\u00e6re knyttet til sentralbanksjefens vitnem\u00e5l til Senatets bankkomit\u00e9 i fjor sommer, som blant annet handlet om oppussingen av bygningene som huser sentralbanken, Federal Reserve, i Washington D.C.<\/p>\n<p class=\"_paragraph_snl99_4 _paragraph_1fmmc_7 layout-component layout-normal body-medium layout-padded\">Men Powell selv mener etterforskningen egentlig skyldes helt andre ting.<\/p>\n<p class=\"_paragraph_snl99_4 _paragraph_1fmmc_7 layout-component layout-normal body-medium layout-padded\">\u2013 Trusselen om straffeforf\u00f8lgelse er en konsekvens av at Federal Reserve setter renten basert p\u00e5 v\u00e5r beste vurdering av hva som tjener allmennheten, i stedet for \u00e5 f\u00f8lge presidentens preferanser, sa han i <a href=\"https:\/\/www.federalreserve.gov\/newsevents\/speech\/powell20260111a.htm\" class=\"_link_snl99_43\" rel=\"nofollow noopener\" target=\"_blank\">uttalelse<\/a>.<\/p>\n<p class=\"_paragraph_snl99_4 _paragraph_1fmmc_7 layout-component layout-normal body-medium layout-padded\">\u2013 Dette handler om hvorvidt Fed vil v\u00e6re i stand til \u00e5 fortsette \u00e5 sette renten basert p\u00e5 fakta og \u00f8konomiske forhold \u2013 eller om pengepolitikken i stedet vil styres av politisk press og trusler, fortsatte Powell.<\/p>\n<p class=\"_paragraph_snl99_4 _paragraph_1fmmc_7 layout-component layout-normal body-medium layout-padded\">Feiden mellom Trump og Powell startet f\u00f8r etterforskningen. Presidenten har lenge presset p\u00e5 for raskere og flere rentekutt, og har ogs\u00e5 kritisert kostnads\u00f8kningene knyttet til renoveringen av Fed-bygningene.<\/p>\n","protected":false},"excerpt":{"rendered":"\u2013 Det er for tidlig, sier USA-presidenten til Reuters. President Donald Trump og sentralbanksjef Jerome Powell.\u00a0Vis mer Foto:&hellip;\n","protected":false},"author":2,"featured_media":138388,"comment_status":"","ping_status":"","sticky":false,"template":"","format":"standard","meta":{"footnotes":""},"categories":[12],"tags":[20,21,24,25,2755,15,232,22,23,13,30,28,29,14,16,26,27,766,50,42,43,44,45],"class_list":{"0":"post-138387","1":"post","2":"type-post","3":"status-publish","4":"format-standard","5":"has-post-thumbnail","7":"category-verden","8":"tag-breaking-news","9":"tag-breakingnews","10":"tag-featured-news","11":"tag-featurednews","12":"tag-federal-reserve","13":"tag-headlines","14":"tag-jerome-powell","15":"tag-latest-news","16":"tag-latestnews","17":"tag-news","18":"tag-no","19":"tag-norge","20":"tag-norway","21":"tag-nyheter","22":"tag-overskrifter","23":"tag-top-stories","24":"tag-topstories","25":"tag-trump","26":"tag-usa","27":"tag-verden","28":"tag-world","29":"tag-world-news","30":"tag-worldnews"},"share_on_mastodon":{"url":"https:\/\/pubeurope.com\/@no\/115899751785359611","error":""},"_links":{"self":[{"href":"https:\/\/www.europesays.com\/no\/wp-json\/wp\/v2\/posts\/138387","targetHints":{"allow":["GET"]}}],"collection":[{"href":"https:\/\/www.europesays.com\/no\/wp-json\/wp\/v2\/posts"}],"about":[{"href":"https:\/\/www.europesays.com\/no\/wp-json\/wp\/v2\/types\/post"}],"author":[{"embeddable":true,"href":"https:\/\/www.europesays.com\/no\/wp-json\/wp\/v2\/users\/2"}],"replies":[{"embeddable":true,"href":"https:\/\/www.europesays.com\/no\/wp-json\/wp\/v2\/comments?post=138387"}],"version-history":[{"count":0,"href":"https:\/\/www.europesays.com\/no\/wp-json\/wp\/v2\/posts\/138387\/revisions"}],"wp:featuredmedia":[{"embeddable":true,"href":"https:\/\/www.europesays.com\/no\/wp-json\/wp\/v2\/media\/138388"}],"wp:attachment":[{"href":"https:\/\/www.europesays.com\/no\/wp-json\/wp\/v2\/media?parent=138387"}],"wp:term":[{"taxonomy":"category","embeddable":true,"href":"https:\/\/www.europesays.com\/no\/wp-json\/wp\/v2\/categories?post=138387"},{"taxonomy":"post_tag","embeddable":true,"href":"https:\/\/www.europesays.com\/no\/wp-json\/wp\/v2\/tags?post=138387"}],"curies":[{"name":"wp","href":"https:\/\/api.w.org\/{rel}","templated":true}]}}