{"id":138389,"date":"2026-01-15T15:10:07","date_gmt":"2026-01-15T15:10:07","guid":{"rendered":"https:\/\/www.europesays.com\/no\/138389\/"},"modified":"2026-01-15T15:10:07","modified_gmt":"2026-01-15T15:10:07","slug":"forde-naeringsliv-innovasjon-norge-legg-ned-kontoret-i-forde","status":"publish","type":"post","link":"https:\/\/www.europesays.com\/no\/138389\/","title":{"rendered":"F\u00f8rde, N\u00e6ringsliv | Innovasjon Norge legg ned kontoret i F\u00f8rde"},"content":{"rendered":"\n<p>I ei pressemelding kjem det fram at Innovasjon Norge legg ned kontoret i F\u00f8rde. <\/p>\n<p>Dette kjem som f\u00f8lge av store kutt i statsbudsjettet, som har gjort at Innovasjon Norge m\u00e5 redusere b\u00e5de bemanning og aktivitet.<\/p>\n<p><a href=\"https:\/\/www.shifter.no\/nyheter\/nye-kutt-i-innovasjon-norge-gruendersenter-og-stockholmskontor-legges-ned\/447816\" rel=\"Follow nofollow noopener\" target=\"_blank\">Shifter<\/a> melde nyheita f\u00f8rst. <\/p>\n<p>P\u00e5 landsbasis skal Innovasjon Norge nedbemanne med 100- 110 \u00e5rsverk. <\/p>\n<p>Dei tilsette fekk beskjeden p\u00e5 eit allm\u00f8te torsdag. <\/p>\n<p>Firda kjem tilbake med meir. <\/p>\n","protected":false},"excerpt":{"rendered":"I ei pressemelding kjem det fram at Innovasjon Norge legg ned kontoret i F\u00f8rde. Dette kjem som f\u00f8lge&hellip;\n","protected":false},"author":2,"featured_media":231,"comment_status":"","ping_status":"","sticky":false,"template":"","format":"standard","meta":{"footnotes":""},"categories":[10],"tags":[36,20,21,24,25,3687,15,12131,22,23,62,13,30,28,29,14,16,1510,26,27],"class_list":{"0":"post-138389","1":"post","2":"type-post","3":"status-publish","4":"format-standard","5":"has-post-thumbnail","7":"category-norge","8":"tag-art","9":"tag-breaking-news","10":"tag-breakingnews","11":"tag-featured-news","12":"tag-featurednews","13":"tag-forde","14":"tag-headlines","15":"tag-innovasjon-norge","16":"tag-latest-news","17":"tag-latestnews","18":"tag-naeringsliv","19":"tag-news","20":"tag-no","21":"tag-norge","22":"tag-norway","23":"tag-nyheter","24":"tag-overskrifter","25":"tag-story","26":"tag-top-stories","27":"tag-topstories"},"share_on_mastodon":{"url":"https:\/\/pubeurope.com\/@no\/115899755574621613","error":""},"_links":{"self":[{"href":"https:\/\/www.europesays.com\/no\/wp-json\/wp\/v2\/posts\/138389","targetHints":{"allow":["GET"]}}],"collection":[{"href":"https:\/\/www.europesays.com\/no\/wp-json\/wp\/v2\/posts"}],"about":[{"href":"https:\/\/www.europesays.com\/no\/wp-json\/wp\/v2\/types\/post"}],"author":[{"embeddable":true,"href":"https:\/\/www.europesays.com\/no\/wp-json\/wp\/v2\/users\/2"}],"replies":[{"embeddable":true,"href":"https:\/\/www.europesays.com\/no\/wp-json\/wp\/v2\/comments?post=138389"}],"version-history":[{"count":0,"href":"https:\/\/www.europesays.com\/no\/wp-json\/wp\/v2\/posts\/138389\/revisions"}],"wp:featuredmedia":[{"embeddable":true,"href":"https:\/\/www.europesays.com\/no\/wp-json\/wp\/v2\/media\/231"}],"wp:attachment":[{"href":"https:\/\/www.europesays.com\/no\/wp-json\/wp\/v2\/media?parent=138389"}],"wp:term":[{"taxonomy":"category","embeddable":true,"href":"https:\/\/www.europesays.com\/no\/wp-json\/wp\/v2\/categories?post=138389"},{"taxonomy":"post_tag","embeddable":true,"href":"https:\/\/www.europesays.com\/no\/wp-json\/wp\/v2\/tags?post=138389"}],"curies":[{"name":"wp","href":"https:\/\/api.w.org\/{rel}","templated":true}]}}