{"id":138390,"date":"2026-01-15T15:13:09","date_gmt":"2026-01-15T15:13:09","guid":{"rendered":"https:\/\/www.europesays.com\/no\/138390\/"},"modified":"2026-01-15T15:13:09","modified_gmt":"2026-01-15T15:13:09","slug":"slik-blir-ol-pa-tv","status":"publish","type":"post","link":"https:\/\/www.europesays.com\/no\/138390\/","title":{"rendered":"Slik blir OL p\u00e5 TV"},"content":{"rendered":"\n<p class=\"_lead_o9xde_2 _lead_xtcu6_50 layout-component text-serif-m layout-normal text-serif-l layout-component layout-wide layout-padded _wide_17hqh_1 layout-padded\">Den nybakte tobarnsmoren gj\u00f8r lynraskt TV-comeback og den tidligere skiskytterkongen debuterer som ekspert. Slik blir OL p\u00e5 NRK.<\/p>\n<p><img alt=\" Foto: Geir Olsen \/ NTB\" class=\"_image_qp4xg_65 layout-component layout-wide\" data-fullscreen- data-track-element-type=\"Article image fullscreen\" data-track-name=\"ImageFullscreen\" fetchpriority=\"high\" decoding=\"sync\" loading=\"eager\" height=\"5337\" itemprop=\"image\"  src=\"https:\/\/www.europesays.com\/no\/wp-content\/uploads\/2026\/01\/6fb18955-656c-41d4-97fb-389857bf92d4.jpeg\"  style=\"object-position:0% 0%\" width=\"8003\"\/> Foto: Geir Olsen \/ NTB<\/p>\n<ul aria-hidden=\"true\" class=\"_images_ntbth_112\">\n<li><a class=\"_link_ntbth_117\" href=\"https:\/\/www.vg.no\/forfatter\/herman-kristoffersen-boerresen\" style=\"z-index:1\" title=\"Herman Kristoffersen B\u00f8rresen\" rel=\"nofollow noopener\" target=\"_blank\"><img alt=\"Bilde av Herman Kristoffersen B\u00f8rresen\" class=\"_image_ntbth_93\" fetchpriority=\"low\" loading=\"lazy\" decoding=\"async\" itemprop=\"image\"  src=\"https:\/\/www.europesays.com\/no\/wp-content\/uploads\/2026\/01\/1768489988_347_48824835-8c7c-49b5-9708-6ecdd10ff3c8.png\"  width=\"480\"\/><\/a><\/li>\n<\/ul>\n<p> Oppdatert torsdag 15. januar kl. 15:50    <\/p>\n<ul class=\"_list_o9xde_3 _list_64s2r_85 _unordered_o9xde_106 text-sans-m\">\n<li class=\"_item_o9xde_30\">Nybakte tobarnsmoren Therese Johaug gj\u00f8r raskt TV-comeback som NRK-ekspert under OL 2026.<\/li>\n<li class=\"_item_o9xde_30\">Tidligere skiskytterkonge Johannes Thingnes B\u00f8 debuterer ogs\u00e5 som ekspert.<\/li>\n<li class=\"_item_o9xde_30\">NRK har sikret seg flere kjente navn til sin OL-dekning, inkludert P\u00e5l Golberg, Marte Olsbu R\u00f8iseland og Tarjei B\u00f8.<\/li>\n<\/ul>\n<p>Vis mer <\/p>\n<p class=\"_paragraph_o9xde_4 _paragraph_xtcu6_10 layout-component text-serif-m layout-normal text-serif-m layout-padded\">Vinter-<a href=\"https:\/\/www.vg.no\/tag\/ol-2026?utm_source=vg-article&amp;utm_medium=auto-tagger&amp;utm_campaign=431XEq\" class=\"_link_o9xde_39\" rel=\"nofollow noopener\" target=\"_blank\">OL 2026<\/a> arrangeres fra 6. til 22. februar i Italia. I Norge deles TV-rettighetene mellom NRK og Discovery.<\/p>\n<p class=\"_paragraph_o9xde_4 _paragraph_xtcu6_10 layout-component text-serif-m layout-normal text-serif-m layout-padded\">NRK har lagt opp kabalen og har med mange velkjente eksperter p\u00e5 plass for \u00e5 f\u00f8lge de st\u00f8rste \u00f8velsene i lekene. Flere av disse var de st\u00f8rste medaljegrossistene i OL i Beijing i 2022.<\/p>\n<p class=\"_paragraph_o9xde_4 _paragraph_xtcu6_10 layout-component text-serif-m layout-normal text-serif-m layout-padded\">Blant disse finner vi Therese Johaug, P\u00e5l Golberg, Marte Olsbu R\u00f8iseland, Johannes Thingnes B\u00f8 og Tarjei B\u00f8. At br\u00f8drene B\u00f8 skulle til OL som eksperter ble offentliggjort tidligere i vinter.<\/p>\n<p class=\"_paragraph_o9xde_4 _paragraph_xtcu6_10 layout-component text-serif-m layout-normal text-serif-m layout-padded\">\u2013 Vi gleder oss veldig til \u00e5 f\u00e5 Therese Johaug med p\u00e5 OL-laget v\u00e5rt. N\u00f8yaktig hvor mye hun skal jobbe og hvordan dette blir, er naturligvis litt for tidlig \u00e5 si noe om, sier Kristine Norvik Skeide, OL-sjef i NRK.<\/p>\n<p class=\"_paragraph_o9xde_4 _paragraph_xtcu6_10 layout-component text-serif-m layout-normal text-serif-m layout-padded\">\u2013 Det blir utrolig spennende \u00e5 pr\u00f8ve seg som ekspert under \u00e5rets olympiske vinterleker. Jeg ser frem til \u00e5 f\u00f8lge v\u00e5re fremste ut\u00f8vere i jakten p\u00e5 medaljer. OL er noe helt spesielt og l\u00f8pene i Anterselva vil bli noe vi kommer til \u00e5 huske i lang tid. Hvis Norge skal bli beste nasjon i OL m\u00e5 skiskytterne ta ansvar fra start, og det har jeg stor tro p\u00e5 at de klarer, sier Johannes Thingnes B\u00f8.<\/p>\n<p class=\"_paragraph_o9xde_4 _paragraph_xtcu6_10 layout-component text-serif-m layout-normal text-serif-m layout-padded\">I tillegg til disse vil navn som Maren Lundby (hopp), Johan Remen Evensen (hopp), J\u00f8rgen<br \/>Graabak (kombinert), Christoffer Svae (curling), Even Wetten (sk\u00f8yter), Jonas Greve (snowboard) og Nina L\u00f8seth (alpint) f\u00f8lge sine idretter i OL for NRK.<\/p>\n<p><img alt=\"Johannes Thingnes B\u00f8 med \u00abHedersprisen\u00bb etter Idrettsgallaen 10. januar.  Foto: MARIUS SIMENSEN \/ Bildbyr\u00e5n\" class=\"_image_qp4xg_65 layout-component layout-normal\" data-fullscreen- data-track-element-type=\"Article image fullscreen\" data-track-name=\"ImageFullscreen\" decoding=\"async\" loading=\"lazy\" height=\"4089\" itemprop=\"image\"  src=\"https:\/\/www.europesays.com\/no\/wp-content\/uploads\/2026\/01\/dd6e54bc-51c7-4b39-9512-57ae7685177c.png\"  style=\"object-position:0% 0%\" width=\"6134\"\/>Johannes Thingnes B\u00f8 med \u00abHedersprisen\u00bb etter Idrettsgallaen 10. januar.  Foto: MARIUS SIMENSEN \/ Bildbyr\u00e5n<\/p>\n<p class=\"_paragraph_o9xde_4 _paragraph_xtcu6_10 layout-component text-serif-m layout-normal text-serif-m layout-padded\">Vil du lese mer om sport? N\u00e5 f\u00e5r du en helt egen sportsavis fra VG! Sportsavisen er p\u00e5 40 sider, og gir deg innsikt, stjernem\u00f8ter og reportasjer &#8211; og alt du trenger \u00e5 vite foran hver eneste sportshelg. Avisen kan kj\u00f8pes i dagligvarebutikker eller <a href=\"https:\/\/butikk.vg.no\/products\/sportsavisen-15-januar\" class=\"_link_o9xde_39\" rel=\"nofollow noopener\" target=\"_blank\">bestilles i v\u00e5r nettbutikk (gratis frakt!). <\/a><\/p>\n<p><img alt=\"\" class=\"_image_qp4xg_65 layout-component layout-normal\" data-fullscreen- data-track-element-type=\"Article image fullscreen\" data-track-name=\"ImageFullscreen\" decoding=\"async\" loading=\"lazy\" height=\"4724\" itemprop=\"image\"  src=\"https:\/\/www.europesays.com\/no\/wp-content\/uploads\/2026\/01\/1d6105c2-6fa6-43ca-bae4-1df3c7c29ad9.png\"  style=\"object-position:0% 0%\" width=\"3307\"\/>    <\/p>\n","protected":false},"excerpt":{"rendered":"Den nybakte tobarnsmoren gj\u00f8r lynraskt TV-comeback og den tidligere skiskytterkongen debuterer som ekspert. Slik blir OL p\u00e5 NRK.&hellip;\n","protected":false},"author":2,"featured_media":138391,"comment_status":"","ping_status":"","sticky":false,"template":"","format":"standard","meta":{"footnotes":""},"categories":[59],"tags":[767,30,28,29,10469,83,82,6328,3428,399],"class_list":{"0":"post-138390","1":"post","2":"type-post","3":"status-publish","4":"format-standard","5":"has-post-thumbnail","7":"category-sport","8":"tag-johannes-thingnes-bo","9":"tag-no","10":"tag-norge","11":"tag-norway","12":"tag-ol-2026","13":"tag-sport","14":"tag-sports","15":"tag-therese-johaug","16":"tag-vinter-ol","17":"tag-vintersport"},"share_on_mastodon":{"url":"https:\/\/pubeurope.com\/@no\/115899767440889308","error":""},"_links":{"self":[{"href":"https:\/\/www.europesays.com\/no\/wp-json\/wp\/v2\/posts\/138390","targetHints":{"allow":["GET"]}}],"collection":[{"href":"https:\/\/www.europesays.com\/no\/wp-json\/wp\/v2\/posts"}],"about":[{"href":"https:\/\/www.europesays.com\/no\/wp-json\/wp\/v2\/types\/post"}],"author":[{"embeddable":true,"href":"https:\/\/www.europesays.com\/no\/wp-json\/wp\/v2\/users\/2"}],"replies":[{"embeddable":true,"href":"https:\/\/www.europesays.com\/no\/wp-json\/wp\/v2\/comments?post=138390"}],"version-history":[{"count":0,"href":"https:\/\/www.europesays.com\/no\/wp-json\/wp\/v2\/posts\/138390\/revisions"}],"wp:featuredmedia":[{"embeddable":true,"href":"https:\/\/www.europesays.com\/no\/wp-json\/wp\/v2\/media\/138391"}],"wp:attachment":[{"href":"https:\/\/www.europesays.com\/no\/wp-json\/wp\/v2\/media?parent=138390"}],"wp:term":[{"taxonomy":"category","embeddable":true,"href":"https:\/\/www.europesays.com\/no\/wp-json\/wp\/v2\/categories?post=138390"},{"taxonomy":"post_tag","embeddable":true,"href":"https:\/\/www.europesays.com\/no\/wp-json\/wp\/v2\/tags?post=138390"}],"curies":[{"name":"wp","href":"https:\/\/api.w.org\/{rel}","templated":true}]}}