{"id":138394,"date":"2026-01-15T15:17:33","date_gmt":"2026-01-15T15:17:33","guid":{"rendered":"https:\/\/www.europesays.com\/no\/138394\/"},"modified":"2026-01-15T15:17:33","modified_gmt":"2026-01-15T15:17:33","slug":"fase-to-av-gaza-plan-iverksettes","status":"publish","type":"post","link":"https:\/\/www.europesays.com\/no\/138394\/","title":{"rendered":"Fase to av Gaza-plan iverksettes"},"content":{"rendered":"<p>    USAs spesialutsending Steve Witkoff bekreftet onsdag at fase to av fredsplanen for Gazastripen n\u00e5 iverksettes.<\/p>\n<p>\n        Israelske soldater ved grensa mellom S\u00f8r-Israel og Gazastripen i september. Mye av bygningsmassen i Gaza ligger i ruiner etter to \u00e5r med krig og israelske angrep.<br \/>\n        Ohad Zwigenberg \/ AP \/ NTB\n    <\/p>\n<p class=\"kicker t30 tertiary color_mobile_tertiary\" style=\"\">Verden<\/p>\n<p>Den nye fasen omfatter blant annet avv\u00e6pning av Hamas, innsettelse av en overgangsregjering og gjenoppbygging av Gaza.<\/p>\n<p>\n\u2013 USA forventer at Hamas fullt ut oppfyller sine forpliktelser, inkludert umiddelbar tilbakelevering av det siste avd\u00f8de gisselet. Hvis ikke, vil det f\u00e5 alvorlige konsekvenser, skriver Witkoff p\u00e5 <a href=\"https:\/\/x.com\/SEPeaceMissions\/status\/2011478211075391845\" target=\"_blank\" rel=\"nofollow\">X<\/a>.<\/p>\n<p>I henhold til planen som ble meglet fram i oktober, skal Gaza ledes av en palestinsk teknokratisk regjering p\u00e5 15 medlemmer. Regjeringen vil st\u00e5 under tilsyn av et s\u00e5kalt fredspanel ledet av USAs president Donald Trump.<\/p>\n<p>Egypts utenriksminister Badr Abdelatty opplyste onsdag at alle 15 medlemmene er blitt godkjent av partene, og at han h\u00e5per regjeringen snart kan overta styringen i Gaza.<\/p>\n<p>Palestinas tidligere utenriksminister Nabil Shaath (87) skal lede overgangsregjeringen, if\u00f8lge en felles uttalelse fra meklerne Egypt, Tyrkia og Qatar. De \u00f8vrige 14 medlemmene er forel\u00f8pig ikke offentliggjort.<\/p>\n<p>Hamas var onsdag i samtaler i Kairo om forberedelse av fase to. I en felles uttalelse med Islamsk jihad uttrykte de st\u00f8tte til innsatsen med \u00e5 danne det de kalte en palestinsk overgangsregjering og sa at gruppen skal bidra til \u00e5 skape \u00abet passende milj\u00f8\u00bb slik at den kan starte sitt arbeid. <\/p>\n<p>Den palestinske selvstyremyndigheten p\u00e5 den okkuperte Vestbredden kom onsdag ogs\u00e5 med st\u00f8tte til overgangsregjeringen.<\/p>\n","protected":false},"excerpt":{"rendered":"USAs spesialutsending Steve Witkoff bekreftet onsdag at fase to av fredsplanen for Gazastripen n\u00e5 iverksettes. Israelske soldater ved&hellip;\n","protected":false},"author":2,"featured_media":138395,"comment_status":"","ping_status":"","sticky":false,"template":"","format":"standard","meta":{"footnotes":""},"categories":[12],"tags":[20,21,24,25,15,22,23,13,30,28,29,14,16,26,27,42,43,44,45],"class_list":{"0":"post-138394","1":"post","2":"type-post","3":"status-publish","4":"format-standard","5":"has-post-thumbnail","7":"category-verden","8":"tag-breaking-news","9":"tag-breakingnews","10":"tag-featured-news","11":"tag-featurednews","12":"tag-headlines","13":"tag-latest-news","14":"tag-latestnews","15":"tag-news","16":"tag-no","17":"tag-norge","18":"tag-norway","19":"tag-nyheter","20":"tag-overskrifter","21":"tag-top-stories","22":"tag-topstories","23":"tag-verden","24":"tag-world","25":"tag-world-news","26":"tag-worldnews"},"share_on_mastodon":{"url":"https:\/\/pubeurope.com\/@no\/115899783123074713","error":""},"_links":{"self":[{"href":"https:\/\/www.europesays.com\/no\/wp-json\/wp\/v2\/posts\/138394","targetHints":{"allow":["GET"]}}],"collection":[{"href":"https:\/\/www.europesays.com\/no\/wp-json\/wp\/v2\/posts"}],"about":[{"href":"https:\/\/www.europesays.com\/no\/wp-json\/wp\/v2\/types\/post"}],"author":[{"embeddable":true,"href":"https:\/\/www.europesays.com\/no\/wp-json\/wp\/v2\/users\/2"}],"replies":[{"embeddable":true,"href":"https:\/\/www.europesays.com\/no\/wp-json\/wp\/v2\/comments?post=138394"}],"version-history":[{"count":0,"href":"https:\/\/www.europesays.com\/no\/wp-json\/wp\/v2\/posts\/138394\/revisions"}],"wp:featuredmedia":[{"embeddable":true,"href":"https:\/\/www.europesays.com\/no\/wp-json\/wp\/v2\/media\/138395"}],"wp:attachment":[{"href":"https:\/\/www.europesays.com\/no\/wp-json\/wp\/v2\/media?parent=138394"}],"wp:term":[{"taxonomy":"category","embeddable":true,"href":"https:\/\/www.europesays.com\/no\/wp-json\/wp\/v2\/categories?post=138394"},{"taxonomy":"post_tag","embeddable":true,"href":"https:\/\/www.europesays.com\/no\/wp-json\/wp\/v2\/tags?post=138394"}],"curies":[{"name":"wp","href":"https:\/\/api.w.org\/{rel}","templated":true}]}}