{"id":138398,"date":"2026-01-15T15:20:07","date_gmt":"2026-01-15T15:20:07","guid":{"rendered":"https:\/\/www.europesays.com\/no\/138398\/"},"modified":"2026-01-15T15:20:07","modified_gmt":"2026-01-15T15:20:07","slug":"ny-trener-klar-for-molde-rbnett-no","status":"publish","type":"post","link":"https:\/\/www.europesays.com\/no\/138398\/","title":{"rendered":"Ny trener klar for Molde &#8211; rbnett.no"},"content":{"rendered":"<ol>\n<li><a href=\"https:\/\/news.google.com\/rss\/articles\/CBMieEFVX3lxTFBFY2V3VEtDNXloaFRpTVpTcmdGaldZVXA3NWdzSll6MDlBS0ZzankxT0xTQ3ZYaWdJN2liVFBRaHc1d0dGWnpOOTRHdWJQV3VrOXVveUtoa2lWRms5ZVg5eXhfaWpEWHAzM2dmS29sMlRtczNYZVJLTA?oc=5\" target=\"_blank\" rel=\"nofollow noopener\">Ny trener klar for Molde<\/a>&nbsp;&nbsp;rbnett.no<\/li>\n<li><a href=\"https:\/\/news.google.com\/rss\/articles\/CBMiyAFBVV95cUxQVm1vXzVfREh1Yi1FTmtnVlF0akJKYl9FN09YRmFiOFB2bjhtcWlQWFg5VTl2ek9RQ2JwbDIwWWFOQ0ZkTTZlWFlqR2g1RGl3RnpXOEZ2OEVtTl9NZGFZbVUtSDNGb1hTUDhHVEJlT3Z1ZHMwMU0zcnNSZV9HSHI3NEtsSWpjalM0WFV5a1NVNG8wdTRXTXZxa3ZnSzNYOXQ2NkIybUNmVkJhXzhfNl9UTi1NQUNFWXI1Nk1BZm92X1BrTm1ZQjBmYg?oc=5\" target=\"_blank\" rel=\"nofollow noopener\">Assistent\u00adtrenar Martin Falk har hatt \u00e5rets f\u00f8rste trening for MFK i p\u00e5vente av Sindre Tjelmeland<\/a>&nbsp;&nbsp;NRK<\/li>\n<li><a href=\"https:\/\/news.google.com\/rss\/articles\/CBMizwFBVV95cUxPazBRblhCa1J1ck8tUnBWekw0d2xUSDFpc0ozUEppeUNFR2hGZ3M4OVZhcGxJTi02Y0gzVFJ3NzBDQ1M4UWRHYmtRUjZSLTQyREJJOVlpa0xrQTdjazB4UVM3NUtIdW9WbEdidF9nZndqcHYtc1pXd0JmMHZBVGJFcjRoX1VSdVFMV1Ftak9ldWtOMlBhckxhS2NxdkRSLXRkLTRSVGFKVlFEWDcweHczWWVpUVNidHp3TWc5dTItNnRUQ3dCeWJ6NW4xMmJBS1U?oc=5\" target=\"_blank\" rel=\"nofollow noopener\">Rune tok valet om \u00e5 reisa fr\u00e5 damene sine \u2013 og fekk med seg ei klar melding fr\u00e5 dottera p\u00e5 vegen<\/a>&nbsp;&nbsp;Sogn Avis<\/li>\n<li><a href=\"https:\/\/news.google.com\/rss\/articles\/CBMikAFBVV95cUxQMW5CdURmMVdaclNCSVBuRXZiZy1fU0oxakF4U19JRF95RGh2UW52VzdzQWtxaTl6bE90Szc2U3VvTWY5eDRQTWdnMHZxMmVoc2V3aDNnYUZvV2lReEltMlBpOXYxUXB5SEJjVjQ2UjJyZUJaMGQ2dzk3SWpNc05DelVIdWFVcU9Jdk1IQTVWRWU?oc=5\" target=\"_blank\" rel=\"nofollow noopener\">Bolseth g\u00e5r til Molde etter 24 \u00e5r i Sogndal Fotball<\/a>&nbsp;&nbsp;Firda<\/li>\n<li><a href=\"https:\/\/news.google.com\/rss\/articles\/CBMic0FVX3lxTE1Dd3pfS1hGQWdDVG9fc1pzSEFJbVFMcmtjRVVwb2IxNGoxTGJWQ2ljYWRfN252Z2N5T2RTVzdqWXVVU1Joa2hVQnRoVEoxUnZQNno5bVl6T1FpWlZ0MFNzRExXZUprTGIyN0twOWhtVktyQW8?oc=5\" target=\"_blank\" rel=\"nofollow noopener\">Marius B\u00f8e blir ny assistenttrener<\/a>&nbsp;&nbsp;moldefk.no<\/li>\n<\/ol>\n","protected":false},"excerpt":{"rendered":"Ny trener klar for Molde&nbsp;&nbsp;rbnett.no Assistent\u00adtrenar Martin Falk har hatt \u00e5rets f\u00f8rste trening for MFK i p\u00e5vente av&hellip;\n","protected":false},"author":2,"featured_media":138399,"comment_status":"","ping_status":"","sticky":false,"template":"","format":"standard","meta":{"footnotes":""},"categories":[59],"tags":[30,28,29,83,82],"class_list":{"0":"post-138398","1":"post","2":"type-post","3":"status-publish","4":"format-standard","5":"has-post-thumbnail","7":"category-sport","8":"tag-no","9":"tag-norge","10":"tag-norway","11":"tag-sport","12":"tag-sports"},"share_on_mastodon":{"url":"https:\/\/pubeurope.com\/@no\/115899794905898738","error":""},"_links":{"self":[{"href":"https:\/\/www.europesays.com\/no\/wp-json\/wp\/v2\/posts\/138398","targetHints":{"allow":["GET"]}}],"collection":[{"href":"https:\/\/www.europesays.com\/no\/wp-json\/wp\/v2\/posts"}],"about":[{"href":"https:\/\/www.europesays.com\/no\/wp-json\/wp\/v2\/types\/post"}],"author":[{"embeddable":true,"href":"https:\/\/www.europesays.com\/no\/wp-json\/wp\/v2\/users\/2"}],"replies":[{"embeddable":true,"href":"https:\/\/www.europesays.com\/no\/wp-json\/wp\/v2\/comments?post=138398"}],"version-history":[{"count":0,"href":"https:\/\/www.europesays.com\/no\/wp-json\/wp\/v2\/posts\/138398\/revisions"}],"wp:featuredmedia":[{"embeddable":true,"href":"https:\/\/www.europesays.com\/no\/wp-json\/wp\/v2\/media\/138399"}],"wp:attachment":[{"href":"https:\/\/www.europesays.com\/no\/wp-json\/wp\/v2\/media?parent=138398"}],"wp:term":[{"taxonomy":"category","embeddable":true,"href":"https:\/\/www.europesays.com\/no\/wp-json\/wp\/v2\/categories?post=138398"},{"taxonomy":"post_tag","embeddable":true,"href":"https:\/\/www.europesays.com\/no\/wp-json\/wp\/v2\/tags?post=138398"}],"curies":[{"name":"wp","href":"https:\/\/api.w.org\/{rel}","templated":true}]}}