{"id":138402,"date":"2026-01-15T15:25:16","date_gmt":"2026-01-15T15:25:16","guid":{"rendered":"https:\/\/www.europesays.com\/no\/138402\/"},"modified":"2026-01-15T15:25:16","modified_gmt":"2026-01-15T15:25:16","slug":"digitale-tanks-det-mest-alvorlige-angrepet","status":"publish","type":"post","link":"https:\/\/www.europesays.com\/no\/138402\/","title":{"rendered":"\u00abDigitale tanks\u00bb: \u2013 Det mest alvorlige angrepet"},"content":{"rendered":"<p>\u00abDette var det mest alvorlige angrepet p\u00e5 v\u00e5r energiinfrastruktur, rettet mot \u00e5 kutte innbyggernes tilgang p\u00e5 elektrisitet mot slutten av desember.\u00bb<\/p>\n<p>Det\u00a0sa Polens visestatsminister Krzysztof Gawkowski i et intervju\u00a0med den polske radiostasjonen <a href=\"https:\/\/www.rmf24.pl\/tylko-w-rmf24\/popoludniowa-rozmowa\/news-polsce-grozil-blackout-gawkowski-cyfrowe-czolgi-juz-tu-sa,nId,8057521\" target=\"_blank\" rel=\"nofollow noopener\">RMF24<\/a>\u00a0p\u00e5 tirsdag. Han\u00a0kalte angrepet en form for \u00abdigitale tanks\u00bb som krysset grensen mellom landene.<\/p>\n<p>\u00abVi var veldig n\u00e6r et str\u00f8mbrudd\u00bb, sa visestatsministeren.<\/p>\n<p>Gawkowski var krystallklar p\u00e5 hvem som var ansvarlig for angrepene.<\/p>\n<p>\u00abAlt peker mot at vi har \u00e5 gj\u00f8re med russisk sabotasje, som m\u00e5 kalles sitt ekte navn \u2013 et fors\u00f8k p\u00e5 \u00e5 destabilisere Polen\u00bb<\/p>\n<p>Cyberangrepene ble gjort i en periode med d\u00e5rlige v\u00e6rforhold, som vanskeliggjorde stabiliseringstiltakene av str\u00f8mnettet ytterligere.<\/p>\n<p class=\"subhead\" data-element-type=\"subhead\" data-element-label=\"Mellomtittel\">Et av mange angrep<\/p>\n<p>Tidligere har Polens energiminister\u00a0Mi\u0142osz Motyka bekreftet at flere cyberangrep p\u00e5 landets elektrisitetsnett fant sted mot slutten av 2025, men at de var mislykkede.<\/p>\n<p>Det er ikke f\u00f8rste gang Polens elektrisitetsnett har v\u00e6rt m\u00e5l for cyberangrep. I august angrep hackere et vannkraftverk i n\u00e6rheten av Gdansk. Den gang lyktes hackerne med \u00e5 manipulere kontrollsystemene, og p\u00e5tvang en nedstenging av kraftverkets generator og rotor.<\/p>\n<p>Gawkowski vektla imidlertid at Polens digitale sikkerhetssystemer er robuste og klare for \u00e5 respondere p\u00e5 fremtidige angrep, og at det \u00aber ingen grunn til<\/p>\n","protected":false},"excerpt":{"rendered":"\u00abDette var det mest alvorlige angrepet p\u00e5 v\u00e5r energiinfrastruktur, rettet mot \u00e5 kutte innbyggernes tilgang p\u00e5 elektrisitet mot&hellip;\n","protected":false},"author":2,"featured_media":138403,"comment_status":"","ping_status":"","sticky":false,"template":"","format":"standard","meta":{"footnotes":""},"categories":[12],"tags":[20,21,24,25,15,22,23,13,30,28,29,14,16,26,27,42,43,44,45],"class_list":{"0":"post-138402","1":"post","2":"type-post","3":"status-publish","4":"format-standard","5":"has-post-thumbnail","7":"category-verden","8":"tag-breaking-news","9":"tag-breakingnews","10":"tag-featured-news","11":"tag-featurednews","12":"tag-headlines","13":"tag-latest-news","14":"tag-latestnews","15":"tag-news","16":"tag-no","17":"tag-norge","18":"tag-norway","19":"tag-nyheter","20":"tag-overskrifter","21":"tag-top-stories","22":"tag-topstories","23":"tag-verden","24":"tag-world","25":"tag-world-news","26":"tag-worldnews"},"share_on_mastodon":{"url":"https:\/\/pubeurope.com\/@no\/115899814699899553","error":""},"_links":{"self":[{"href":"https:\/\/www.europesays.com\/no\/wp-json\/wp\/v2\/posts\/138402","targetHints":{"allow":["GET"]}}],"collection":[{"href":"https:\/\/www.europesays.com\/no\/wp-json\/wp\/v2\/posts"}],"about":[{"href":"https:\/\/www.europesays.com\/no\/wp-json\/wp\/v2\/types\/post"}],"author":[{"embeddable":true,"href":"https:\/\/www.europesays.com\/no\/wp-json\/wp\/v2\/users\/2"}],"replies":[{"embeddable":true,"href":"https:\/\/www.europesays.com\/no\/wp-json\/wp\/v2\/comments?post=138402"}],"version-history":[{"count":0,"href":"https:\/\/www.europesays.com\/no\/wp-json\/wp\/v2\/posts\/138402\/revisions"}],"wp:featuredmedia":[{"embeddable":true,"href":"https:\/\/www.europesays.com\/no\/wp-json\/wp\/v2\/media\/138403"}],"wp:attachment":[{"href":"https:\/\/www.europesays.com\/no\/wp-json\/wp\/v2\/media?parent=138402"}],"wp:term":[{"taxonomy":"category","embeddable":true,"href":"https:\/\/www.europesays.com\/no\/wp-json\/wp\/v2\/categories?post=138402"},{"taxonomy":"post_tag","embeddable":true,"href":"https:\/\/www.europesays.com\/no\/wp-json\/wp\/v2\/tags?post=138402"}],"curies":[{"name":"wp","href":"https:\/\/api.w.org\/{rel}","templated":true}]}}