{"id":138404,"date":"2026-01-15T15:26:09","date_gmt":"2026-01-15T15:26:09","guid":{"rendered":"https:\/\/www.europesays.com\/no\/138404\/"},"modified":"2026-01-15T15:26:09","modified_gmt":"2026-01-15T15:26:09","slug":"trafikk-ulykker-trafikkulykke-person-kritisk-skadd","status":"publish","type":"post","link":"https:\/\/www.europesays.com\/no\/138404\/","title":{"rendered":"Trafikk, Ulykker | Trafikkulykke \u2013 person kritisk skadd"},"content":{"rendered":"\n<p>Torsdag klokka 13.28 meldte S\u00f8r-\u00d8st politidistrikt om en trafikkulykke p\u00e5 Her\u00f8ya.<\/p>\n<p>\u2013 Det har v\u00e6rt en veldig alvorlig trafikkulykke her p\u00e5 Her\u00f8yavegen. Vi mottok melding halv to om en front- mot front ulykke mellom en lastebil og en personbil. Vi har en f\u00f8rer i personbilen som satt fastklemt og vedkommende er kj\u00f8rt til sykehuset i Skien, sier innsatsleder Arnhild Saubrekka Holmlimo til TA.<\/p>\n<p>En person satt fastklemt, med smerter i mage og brystregionen.<\/p>\n<p>   <img decoding=\"async\" width=\"2048\" height=\"1536\" fetchpriority=\"low\"  loading=\"lazy\"  src=\"https:\/\/www.europesays.com\/no\/wp-content\/uploads\/2026\/01\/8df9f3f8-4801-4435-a194-7742b5801478s.jpg\" alt=\"\" class=\"brick-c-cFOWSL\" style=\"--brick-image-ratio: 2048 \/ 1536;\"\/><\/p>\n<p>  Fraktet bort i ambulanse<\/p>\n<p>Grunnet alvorlighetsgraden ble det bestilt luftambulanse. Det skal kun v\u00e6re f\u00f8rer i bilen.<\/p>\n<p>If\u00f8lge TAs fotograf p\u00e5 stedet er f\u00f8reren kj\u00f8rt bort i ambulanse. F\u00f8reren var bevisstl\u00f8s da hun ble frigjort.<\/p>\n<p>F\u00f8reren av lastebilen har vondt i et bein, men skal v\u00e6re uskadet. Vedkommende blir unders\u00f8kt av helsepersonell.<\/p>\n<p>   <img decoding=\"async\" width=\"2048\" height=\"1536\" fetchpriority=\"low\"  loading=\"lazy\"  src=\"https:\/\/www.europesays.com\/no\/wp-content\/uploads\/2026\/01\/6f40f8ee-45a9-4bfc-932f-3bd1a7cb0df2.jpeg\" alt=\"\" class=\"brick-c-cFOWSL\" style=\"--brick-image-ratio: 2048 \/ 1536;\"\/><\/p>\n<p>  Stengt vei<\/p>\n<p>Bilberger er bestilt til begge kj\u00f8ret\u00f8yene.<\/p>\n<p>\u2013 Vegen forblir stengt til begge kj\u00f8ret\u00f8yene er tauet bort. F\u00f8rer av bilen er kj\u00f8rt til Skien sykehus og det er ukjent pr n\u00e5 om det blir videre transport. Dette avgj\u00f8res av helsevesenet, melder operasjonsleder i en oppdatering klokka 14.26.<\/p>\n<p>\u2013 Vi har rekvivert bergningsbiler for \u00e5 f\u00e5 ryddet opp og \u00e5pne trafikken. Vi er n\u00f8dt til \u00e5 gj\u00f8re en jobb her for \u00e5 fastsl\u00e5 hva som har skjedd, sier innsatsleder.<\/p>\n<p>Vil det bli gjort ytterligere unders\u00f8kelser p\u00e5 stedet? <\/p>\n<p>\u2013 Vi kommer til \u00e5 gj\u00f8re n\u00f8dvendige unders\u00f8kelser.<\/p>\n<p>    Vil du se neste video?<\/p>\n<p>    <a href=\"https:\/\/www.ta.no\/vid-20260110-225637-481-mp4-2\/v\/5-50-2258312\" class=\"recommend-poster\" data-adp-clicklabel=\"video-recommend\" data-adp-clickvalue=\"poster\" rel=\"nofollow noopener\" target=\"_blank\"><br \/>\n      <img decoding=\"async\" width=\"200\" height=\"200\" loading=\"lazy\" src=\"https:\/\/www.europesays.com\/no\/wp-content\/uploads\/2026\/01\/v-i-6900336a-0469-4e8a-aeed-822d62caed61-1.jpg\" alt=\"\" class=\"brick-c-cFOWSL\" style=\"--brick-image-ratio: 200 \/ 200;\"\/><\/p>\n<p>R\u00f8ykutvikling i Brevik0:26<\/p>\n<p>    <\/a><\/p>\n<p>Saken oppdateres<\/p>\n","protected":false},"excerpt":{"rendered":"Torsdag klokka 13.28 meldte S\u00f8r-\u00d8st politidistrikt om en trafikkulykke p\u00e5 Her\u00f8ya. \u2013 Det har v\u00e6rt en veldig alvorlig&hellip;\n","protected":false},"author":2,"featured_media":138405,"comment_status":"","ping_status":"","sticky":false,"template":"","format":"standard","meta":{"footnotes":""},"categories":[10],"tags":[36,20,21,24,25,15,22,23,13,30,28,29,14,16,1370,1510,26,27,224,1204],"class_list":{"0":"post-138404","1":"post","2":"type-post","3":"status-publish","4":"format-standard","5":"has-post-thumbnail","7":"category-norge","8":"tag-art","9":"tag-breaking-news","10":"tag-breakingnews","11":"tag-featured-news","12":"tag-featurednews","13":"tag-headlines","14":"tag-latest-news","15":"tag-latestnews","16":"tag-news","17":"tag-no","18":"tag-norge","19":"tag-norway","20":"tag-nyheter","21":"tag-overskrifter","22":"tag-porsgrunn","23":"tag-story","24":"tag-top-stories","25":"tag-topstories","26":"tag-trafikk","27":"tag-ulykker"},"share_on_mastodon":{"url":"https:\/\/pubeurope.com\/@no\/115899818525478176","error":""},"_links":{"self":[{"href":"https:\/\/www.europesays.com\/no\/wp-json\/wp\/v2\/posts\/138404","targetHints":{"allow":["GET"]}}],"collection":[{"href":"https:\/\/www.europesays.com\/no\/wp-json\/wp\/v2\/posts"}],"about":[{"href":"https:\/\/www.europesays.com\/no\/wp-json\/wp\/v2\/types\/post"}],"author":[{"embeddable":true,"href":"https:\/\/www.europesays.com\/no\/wp-json\/wp\/v2\/users\/2"}],"replies":[{"embeddable":true,"href":"https:\/\/www.europesays.com\/no\/wp-json\/wp\/v2\/comments?post=138404"}],"version-history":[{"count":0,"href":"https:\/\/www.europesays.com\/no\/wp-json\/wp\/v2\/posts\/138404\/revisions"}],"wp:featuredmedia":[{"embeddable":true,"href":"https:\/\/www.europesays.com\/no\/wp-json\/wp\/v2\/media\/138405"}],"wp:attachment":[{"href":"https:\/\/www.europesays.com\/no\/wp-json\/wp\/v2\/media?parent=138404"}],"wp:term":[{"taxonomy":"category","embeddable":true,"href":"https:\/\/www.europesays.com\/no\/wp-json\/wp\/v2\/categories?post=138404"},{"taxonomy":"post_tag","embeddable":true,"href":"https:\/\/www.europesays.com\/no\/wp-json\/wp\/v2\/tags?post=138404"}],"curies":[{"name":"wp","href":"https:\/\/api.w.org\/{rel}","templated":true}]}}