{"id":138415,"date":"2026-01-15T15:41:09","date_gmt":"2026-01-15T15:41:09","guid":{"rendered":"https:\/\/www.europesays.com\/no\/138415\/"},"modified":"2026-01-15T15:41:09","modified_gmt":"2026-01-15T15:41:09","slug":"far-kastet-telefon-pa-sonn-fikk-alvorlige-skader-fvn-no","status":"publish","type":"post","link":"https:\/\/www.europesays.com\/no\/138415\/","title":{"rendered":"(+) Far kastet telefon p\u00e5 s\u00f8nn. Fikk alvorlige skader. &#8211; fvn.no"},"content":{"rendered":"<ol>\n<li><a href=\"https:\/\/news.google.com\/rss\/articles\/CBMiggFBVV95cUxORVEtbks3X3diVzdqT29ERE9nbk9JVUFSV2tyRHpZejJ0QnR4ZFZWR1lrM3YyNlh6RmFHZ0VLaDBYdjB5Sm5fdTdITUI0ZEhvRkFJcTR3bVBTdGVPVGRuT3VEckhXMkR4eU1mN0c3UG03QWZGczZrXzVBeEh2SmJGVlJ3?oc=5\" target=\"_blank\" rel=\"nofollow noopener\">(+) Far kastet telefon p\u00e5 s\u00f8nn. Fikk alvorlige skader.<\/a>&nbsp;&nbsp;fvn.no<\/li>\n<li><a href=\"https:\/\/news.google.com\/rss\/articles\/CBMingFBVV95cUxNVngzN25USXoxYlBjS3FhSXRKMmo3NTI1SFNXMFA5N2V0WG9FRGR0UTB2QUZEbVhfS2RsRnJSdWxxQUJFWkFDWjJhNFFrRnpuZkd6b0U0ZUJiQTJ2aWVPTnR5dTdmZ1VtOVlyREdHVUxpeXNrajlSZnpBb29EU21jZmViQmpubjI1azRxWlVnNmhmQ3p1aFo2ZGs5TmJ6dw?oc=5\" target=\"_blank\" rel=\"nofollow noopener\">Far d\u00f8mt for \u00e5 ha knust s\u00f8nnens tenner med mobiltelefonen<\/a>&nbsp;&nbsp;NRK<\/li>\n<li><a href=\"https:\/\/news.google.com\/rss\/articles\/CBMikwFBVV95cUxQZ2FPdFdxZDdpRXIzdHMzQk9uQ3J0RlV0X3RPX0xWd29MdjQ4YUdxbFFmOWdNUlpFd0tGQ2FrTjhZeUpQRUwxaG1wVzJqZVJWdnI5STl3WXRCUjl4ZndtNlBwZjJNQmNWclZ0VGFZQUo5dGg4Mlc0UndOVDZNSEh3WEhqcnMxOUI3M3VJVWFjRjRtckk?oc=5\" target=\"_blank\" rel=\"nofollow noopener\">Knuste s\u00f8nnens tenner med mobilen<\/a>&nbsp;&nbsp;agderposten.no<\/li>\n<li><a href=\"https:\/\/news.google.com\/rss\/articles\/CBMiZ0FVX3lxTE1seFhCZDNLNkZBVENHSmFZVUFlRUZWdXRtaXAtWkphM0tSemVpbU43QTZPajBQQ0gwY1pldWM0SE9ISDdRYkNlcl90bXhhejk3bmo4SkdxMlFZcERXbkZGUW9tS0p2TUE?oc=5\" target=\"_blank\" rel=\"nofollow noopener\">Tiltalt for \u00e5 ha knust s\u00f8nnens tenner<\/a>&nbsp;&nbsp;Agder Press<\/li>\n<li><a href=\"https:\/\/news.google.com\/rss\/articles\/CBMinAFBVV95cUxQMk0tQXp4MGNYVDhhTTZQU1dkNWs2UUN5Q2dkNThRaW5ESk9RdnJ2SVBTcTJXaktoNG44VDdNcGVHRzRGUXdpTVVmRHRVUm5aRXpSM3NkelBPNnYyMjdTVDltZko2cDZFVjBKMGN6Z2tzN2ozUVNGZVg5YndBeTRsdy1vekVkZzJtVW04eTBrN0FEd3lia3Q0V3hMVzk?oc=5\" target=\"_blank\" rel=\"nofollow noopener\">Knuste s\u00f8nnens tenner \u2013 mener hendelsen var et uhell<\/a>&nbsp;&nbsp;agderposten.no<\/li>\n<\/ol>\n","protected":false},"excerpt":{"rendered":"(+) Far kastet telefon p\u00e5 s\u00f8nn. Fikk alvorlige skader.&nbsp;&nbsp;fvn.no Far d\u00f8mt for \u00e5 ha knust s\u00f8nnens tenner med&hellip;\n","protected":false},"author":2,"featured_media":1271,"comment_status":"","ping_status":"","sticky":false,"template":"","format":"standard","meta":{"footnotes":""},"categories":[10],"tags":[5832,20,21,24,25,15,22,23,6720,13,30,28,29,14,16,26,27],"class_list":{"0":"post-138415","1":"post","2":"type-post","3":"status-publish","4":"format-standard","5":"has-post-thumbnail","7":"category-norge","8":"tag-agder-tingrett","9":"tag-breaking-news","10":"tag-breakingnews","11":"tag-featured-news","12":"tag-featurednews","13":"tag-headlines","14":"tag-latest-news","15":"tag-latestnews","16":"tag-mobiltelefon","17":"tag-news","18":"tag-no","19":"tag-norge","20":"tag-norway","21":"tag-nyheter","22":"tag-overskrifter","23":"tag-top-stories","24":"tag-topstories"},"share_on_mastodon":{"url":"https:\/\/pubeurope.com\/@no\/115899877425810251","error":""},"_links":{"self":[{"href":"https:\/\/www.europesays.com\/no\/wp-json\/wp\/v2\/posts\/138415","targetHints":{"allow":["GET"]}}],"collection":[{"href":"https:\/\/www.europesays.com\/no\/wp-json\/wp\/v2\/posts"}],"about":[{"href":"https:\/\/www.europesays.com\/no\/wp-json\/wp\/v2\/types\/post"}],"author":[{"embeddable":true,"href":"https:\/\/www.europesays.com\/no\/wp-json\/wp\/v2\/users\/2"}],"replies":[{"embeddable":true,"href":"https:\/\/www.europesays.com\/no\/wp-json\/wp\/v2\/comments?post=138415"}],"version-history":[{"count":0,"href":"https:\/\/www.europesays.com\/no\/wp-json\/wp\/v2\/posts\/138415\/revisions"}],"wp:featuredmedia":[{"embeddable":true,"href":"https:\/\/www.europesays.com\/no\/wp-json\/wp\/v2\/media\/1271"}],"wp:attachment":[{"href":"https:\/\/www.europesays.com\/no\/wp-json\/wp\/v2\/media?parent=138415"}],"wp:term":[{"taxonomy":"category","embeddable":true,"href":"https:\/\/www.europesays.com\/no\/wp-json\/wp\/v2\/categories?post=138415"},{"taxonomy":"post_tag","embeddable":true,"href":"https:\/\/www.europesays.com\/no\/wp-json\/wp\/v2\/tags?post=138415"}],"curies":[{"name":"wp","href":"https:\/\/api.w.org\/{rel}","templated":true}]}}