{"id":138420,"date":"2026-01-15T15:48:07","date_gmt":"2026-01-15T15:48:07","guid":{"rendered":"https:\/\/www.europesays.com\/no\/138420\/"},"modified":"2026-01-15T15:48:07","modified_gmt":"2026-01-15T15:48:07","slug":"irene-av-hellas-dod-prinsesse-irene-av-hellas-83-er-dod","status":"publish","type":"post","link":"https:\/\/www.europesays.com\/no\/138420\/","title":{"rendered":"Irene av Hellas, D\u00f8d | Prinsesse Irene av Hellas (83) er d\u00f8d"},"content":{"rendered":"\n<p>Prinsessen gikk bort 15. januar, skriver kongehuset, if\u00f8lge <a href=\"https:\/\/www.lecturas.com\/realeza\/muere-irene-de-grecia-a-los-83-anos-dejando-sola-y-desolada-a-su-hermana-la-reina-sofia_168479\" rel=\"Follow nofollow noopener\" target=\"_blank\">Lecturas<\/a>.<\/p>\n<p>\u2013 Deres Majesteter Kongen og Dronningen, samt Hennes Majestet Dronning Sofia, har den tunge plikt \u00e5 meddele at Hennes Kongelige H\u00f8yhet prinsesse Irene av Hellas har g\u00e5tt bort klokken 11.40 i dag i Zarzuela-palasset i Madrid, heter det i meldingen. <\/p>\n<p>Prinsessen gikk bort etter lang tids sykdom, if\u00f8lge avisen. <\/p>\n<p>Det er ventet en ny melding fra kongehuset om bisettelsen vil finne sted i Spania eller Hellas.<\/p>\n<p><b>Les ogs\u00e5: <a href=\"https:\/\/www.nettavisen.no\/kjendis\/joe-rogan-raser-mot-donald-trumps-ice-agenter-skal-vi-virkelig-vare-som-gestapo\/s\/5-95-2826513\" rel=\"Follow nofollow noopener\" target=\"_blank\">Joe Rogan sammenligner ICE med Gestapo: \u2013 Er det dette vi \u00f8nsker?<\/a><\/b><\/p>\n<p><a href=\"https:\/\/www.seher.no\/kjendis\/prinsessen-er-dod\/84103198\" rel=\"Follow nofollow noopener\" target=\"_blank\">Se og H\u00f8r<\/a> omtalte nyheten f\u00f8rst i Norge. <\/p>\n<p>Prinsessen ble f\u00f8dt i Cape Town i S\u00f8r-Afrika mens den greske kongefamilien var i eksil under andre verdenskrig. <\/p>\n<p>Irene er s\u00f8ster av den tidligere spanske dronningen Sofia, som abdiserte i 2014. <\/p>\n<p>Hun var dermed ogs\u00e5 tanten til kong Felipe, som mottok nyheten da han var p\u00e5 jobb. <\/p>\n<p>Dronning Sofia var imidlertid ved sin s\u00f8sters side til siste sekund, if\u00f8lge Lecturas.<\/p>\n","protected":false},"excerpt":{"rendered":"Prinsessen gikk bort 15. januar, skriver kongehuset, if\u00f8lge Lecturas. \u2013 Deres Majesteter Kongen og Dronningen, samt Hennes Majestet&hellip;\n","protected":false},"author":2,"featured_media":138421,"comment_status":"","ping_status":"","sticky":false,"template":"","format":"standard","meta":{"footnotes":""},"categories":[12],"tags":[20,21,24,25,15,22,23,13,30,28,29,14,16,26,27,42,43,44,45],"class_list":{"0":"post-138420","1":"post","2":"type-post","3":"status-publish","4":"format-standard","5":"has-post-thumbnail","7":"category-verden","8":"tag-breaking-news","9":"tag-breakingnews","10":"tag-featured-news","11":"tag-featurednews","12":"tag-headlines","13":"tag-latest-news","14":"tag-latestnews","15":"tag-news","16":"tag-no","17":"tag-norge","18":"tag-norway","19":"tag-nyheter","20":"tag-overskrifter","21":"tag-top-stories","22":"tag-topstories","23":"tag-verden","24":"tag-world","25":"tag-world-news","26":"tag-worldnews"},"share_on_mastodon":{"url":"https:\/\/pubeurope.com\/@no\/115899905090118685","error":""},"_links":{"self":[{"href":"https:\/\/www.europesays.com\/no\/wp-json\/wp\/v2\/posts\/138420","targetHints":{"allow":["GET"]}}],"collection":[{"href":"https:\/\/www.europesays.com\/no\/wp-json\/wp\/v2\/posts"}],"about":[{"href":"https:\/\/www.europesays.com\/no\/wp-json\/wp\/v2\/types\/post"}],"author":[{"embeddable":true,"href":"https:\/\/www.europesays.com\/no\/wp-json\/wp\/v2\/users\/2"}],"replies":[{"embeddable":true,"href":"https:\/\/www.europesays.com\/no\/wp-json\/wp\/v2\/comments?post=138420"}],"version-history":[{"count":0,"href":"https:\/\/www.europesays.com\/no\/wp-json\/wp\/v2\/posts\/138420\/revisions"}],"wp:featuredmedia":[{"embeddable":true,"href":"https:\/\/www.europesays.com\/no\/wp-json\/wp\/v2\/media\/138421"}],"wp:attachment":[{"href":"https:\/\/www.europesays.com\/no\/wp-json\/wp\/v2\/media?parent=138420"}],"wp:term":[{"taxonomy":"category","embeddable":true,"href":"https:\/\/www.europesays.com\/no\/wp-json\/wp\/v2\/categories?post=138420"},{"taxonomy":"post_tag","embeddable":true,"href":"https:\/\/www.europesays.com\/no\/wp-json\/wp\/v2\/tags?post=138420"}],"curies":[{"name":"wp","href":"https:\/\/api.w.org\/{rel}","templated":true}]}}