{"id":138437,"date":"2026-01-15T16:17:08","date_gmt":"2026-01-15T16:17:08","guid":{"rendered":"https:\/\/www.europesays.com\/no\/138437\/"},"modified":"2026-01-15T16:17:08","modified_gmt":"2026-01-15T16:17:08","slug":"front-mot-front-ulykke-i-risor-nrk-sorlandet-lokale-nyheter-tv-og-radio","status":"publish","type":"post","link":"https:\/\/www.europesays.com\/no\/138437\/","title":{"rendered":"Front mot front-ulykke i Ris\u00f8r \u2013 NRK S\u00f8rlandet \u2013 Lokale nyheter, TV og radio"},"content":{"rendered":"<p>\u2013 Det fremst\u00e5r som en alvorlig ulykke.<\/p>\n<p>Det sier operasjonsleder i Agder politidistrikt Arve Johan Myklebust om front-mot front-ulykken som har skjedd p\u00e5 fylkesvei 416 i Ris\u00f8r.<\/p>\n<p>Tre personer er kj\u00f8rt til sykehus.<\/p>\n<p>\u2013 If\u00f8lge helsevesenet er to pasienter alvorlig til kritisk skadd, sier operasjonsleder Myklebust.<\/p>\n<p>Veien er sperret og vil \u00e5pnes igjen rundt klokken fem. Det skal v\u00e6re lange k\u00f8er p\u00e5 stedet.<\/p>\n<p>Politiet gj\u00f8r n\u00e5 unders\u00f8kelser p\u00e5 stedet og bilberger er bestilt.<\/p>\n<p>Det var like f\u00f8r klokken fire at politiet meldte om ulykken.<\/p>\n<p>De siste dagene har det kommet mye sn\u00f8, sludd og regn p\u00e5 S\u00f8rlandet som har f\u00f8rt til vanskelige kj\u00f8reforhold flere steder i distriktet.<\/p>\n<p>Gjennom dagen har det v\u00e6rt flere mindre ulykker p\u00e5 S\u00f8rlandet.<\/p>\n<p>Torsdag ettermiddag kolliderte to biler i Ris\u00f8r.<\/p>\n<p><a class=\"login-banner-hack\" href=\"https:\/\/www.nrk.no\/logginn?context=article-plug\" style=\"padding: 0; border: none; display: none\" rel=\"nofollow noopener\" target=\"_blank\"><\/p>\n<p>            <img decoding=\"async\"   src=\"data:image\/gif;base64,R0lGODlhAQABAIAAAAAAAP\/\/\/yH5BAEAAAAALAAAAAABAAEAAAIBRAA7\" alt=\"Oppfordring til \u00e5 logge p\u00e5 NRKs tjenester\" title=\"Foto: Odd Arne Olderbakk\"\/><\/p>\n<p>            <img decoding=\"async\"   src=\"data:image\/gif;base64,R0lGODlhAQABAIAAAAAAAP\/\/\/yH5BAEAAAAALAAAAAABAAEAAAIBRAA7\" alt=\"Oppfordring til \u00e5 logge p\u00e5 NRKs tjenester\" title=\"Foto: Odd Arne Olderbakk\"\/><\/p>\n<p><\/a><\/p>\n<p>Publisert<\/p>\n<p>15.01.2026, kl. 16.04<\/p>\n<p>Oppdatert<\/p>\n<p>15.01.2026, kl. 17.06<\/p>\n","protected":false},"excerpt":{"rendered":"\u2013 Det fremst\u00e5r som en alvorlig ulykke. Det sier operasjonsleder i Agder politidistrikt Arve Johan Myklebust om front-mot&hellip;\n","protected":false},"author":2,"featured_media":138438,"comment_status":"","ping_status":"","sticky":false,"template":"","format":"standard","meta":{"footnotes":""},"categories":[10],"tags":[20,21,24,25,15,22,23,13,30,28,29,14,16,26,27],"class_list":{"0":"post-138437","1":"post","2":"type-post","3":"status-publish","4":"format-standard","5":"has-post-thumbnail","7":"category-norge","8":"tag-breaking-news","9":"tag-breakingnews","10":"tag-featured-news","11":"tag-featurednews","12":"tag-headlines","13":"tag-latest-news","14":"tag-latestnews","15":"tag-news","16":"tag-no","17":"tag-norge","18":"tag-norway","19":"tag-nyheter","20":"tag-overskrifter","21":"tag-top-stories","22":"tag-topstories"},"share_on_mastodon":{"url":"https:\/\/pubeurope.com\/@no\/115900019004867880","error":""},"_links":{"self":[{"href":"https:\/\/www.europesays.com\/no\/wp-json\/wp\/v2\/posts\/138437","targetHints":{"allow":["GET"]}}],"collection":[{"href":"https:\/\/www.europesays.com\/no\/wp-json\/wp\/v2\/posts"}],"about":[{"href":"https:\/\/www.europesays.com\/no\/wp-json\/wp\/v2\/types\/post"}],"author":[{"embeddable":true,"href":"https:\/\/www.europesays.com\/no\/wp-json\/wp\/v2\/users\/2"}],"replies":[{"embeddable":true,"href":"https:\/\/www.europesays.com\/no\/wp-json\/wp\/v2\/comments?post=138437"}],"version-history":[{"count":0,"href":"https:\/\/www.europesays.com\/no\/wp-json\/wp\/v2\/posts\/138437\/revisions"}],"wp:featuredmedia":[{"embeddable":true,"href":"https:\/\/www.europesays.com\/no\/wp-json\/wp\/v2\/media\/138438"}],"wp:attachment":[{"href":"https:\/\/www.europesays.com\/no\/wp-json\/wp\/v2\/media?parent=138437"}],"wp:term":[{"taxonomy":"category","embeddable":true,"href":"https:\/\/www.europesays.com\/no\/wp-json\/wp\/v2\/categories?post=138437"},{"taxonomy":"post_tag","embeddable":true,"href":"https:\/\/www.europesays.com\/no\/wp-json\/wp\/v2\/tags?post=138437"}],"curies":[{"name":"wp","href":"https:\/\/api.w.org\/{rel}","templated":true}]}}