{"id":138462,"date":"2026-01-15T16:53:11","date_gmt":"2026-01-15T16:53:11","guid":{"rendered":"https:\/\/www.europesays.com\/no\/138462\/"},"modified":"2026-01-15T16:53:11","modified_gmt":"2026-01-15T16:53:11","slug":"truer-med-a-bruke-opprorsloven-i-minnesota","status":"publish","type":"post","link":"https:\/\/www.europesays.com\/no\/138462\/","title":{"rendered":"Truer med \u00e5 bruke oppr\u00f8rsloven i Minnesota"},"content":{"rendered":"\n<p class=\"_lead_o9xde_2 _lead_xtcu6_50 layout-component text-serif-m layout-normal text-serif-l layout-component layout-wide layout-padded _wide_17hqh_1 layout-padded\">Hvis politikerne i Minnesota ikke gj\u00f8r som USAs president Donald Trump vil, truer han med \u00e5 ta i bruk den s\u00e5kalte oppr\u00f8rsloven fra 1807.<\/p>\n<p><img alt=\"President Donald Trump truer med \u00e5 ta i bruk oppr\u00f8rsloven for \u00e5 stanse oppt\u00f8yene i Minnesota.  Foto: Alex Brandon \/ AP \/ NTB\" class=\"_image_qp4xg_65 layout-component layout-wide\" data-fullscreen- data-track-element-type=\"Article image fullscreen\" data-track-name=\"ImageFullscreen\" fetchpriority=\"high\" decoding=\"sync\" loading=\"eager\" height=\"2580\" itemprop=\"image\"  src=\"https:\/\/www.europesays.com\/no\/wp-content\/uploads\/2026\/01\/0aa3d867-be47-4d8d-a5d4-d4ff55ee6c1c.jpeg\"  style=\"object-position:0% 0%\" width=\"3870\"\/>President Donald Trump truer med \u00e5 ta i bruk oppr\u00f8rsloven for \u00e5 stanse oppt\u00f8yene i Minnesota.  Foto: Alex Brandon \/ AP \/ NTB<\/p>\n<ul aria-hidden=\"true\" class=\"_images_ntbth_112\">\n<li><a class=\"_link_ntbth_117\" href=\"https:\/\/www.vg.no\/forfatter\/bendik-hansen\" style=\"z-index:2\" title=\"Bendik Hansen\" rel=\"nofollow noopener\" target=\"_blank\"><img alt=\"Bilde av Bendik Hansen\" class=\"_image_ntbth_93\" fetchpriority=\"low\" loading=\"lazy\" decoding=\"async\" itemprop=\"image\"  src=\"https:\/\/www.europesays.com\/no\/wp-content\/uploads\/2026\/01\/1768495990_688_236bc5a3-2236-4046-b957-81f29d024aa6.jpeg\"  width=\"480\"\/><\/a><\/li>\n<li><a class=\"_link_ntbth_117\" href=\"https:\/\/www.vg.no\/forfatter\/ntb\" style=\"z-index:1\" title=\"NTB\" rel=\"nofollow noopener\" target=\"_blank\"><img alt=\"Bilde av NTB\" class=\"_image_ntbth_93\" fetchpriority=\"low\" loading=\"lazy\" decoding=\"async\" itemprop=\"image\"  src=\"https:\/\/www.europesays.com\/no\/wp-content\/uploads\/2026\/01\/1768495990_623_c33980b0-5d07-4027-84a1-813f90a7c8d6.png\"  width=\"480\"\/><\/a><\/li>\n<\/ul>\n<p> Oppdatert torsdag 15. januar kl. 15:09    <\/p>\n<ul class=\"_list_o9xde_3 _list_64s2r_85 _unordered_o9xde_106 text-sans-m\">\n<li class=\"_item_o9xde_30\">Trump truer med \u00e5 bruke oppr\u00f8rsloven fra 1807 mot Minnesota-politikere.<\/li>\n<li class=\"_item_o9xde_30\">Anklager politikerne for korrupsjon og krever at de stopper oppviglere.<\/li>\n<li class=\"_item_o9xde_30\">Tidligere har han truet med samme lov under protester i Los Angeles.<\/li>\n<li class=\"_item_o9xde_30\">D\u00f8delig skyting av Renee Good av Ice-agent skaper kaos og protester.<\/li>\n<\/ul>\n<p>Vis mer <\/p>\n<p class=\"_paragraph_o9xde_4 _paragraph_xtcu6_10 layout-component text-serif-m layout-normal text-serif-m layout-padded\">Loven \u00e5pner for at presidenten bruker milit\u00e6rmakt innenfor USAs grenser for \u00e5 sl\u00e5 ned p\u00e5 oppr\u00f8r. Dette er en av de mest ekstreme fullmaktene en amerikansk president har tilgang til.<\/p>\n<p class=\"_paragraph_o9xde_4 _paragraph_xtcu6_10 layout-component text-serif-m layout-normal text-serif-m layout-padded\">I et <a href=\"https:\/\/truthsocial.com\/@realDonaldTrump\/posts\/115899252938886431\" class=\"_link_o9xde_39\" rel=\"nofollow noopener\" target=\"_blank\">Truth-innlegg<\/a> torsdag anklager han politikerne i Minnesota for \u00e5 v\u00e6re korrupte og truer med \u00e5 ta i bruk denne loven, dersom de ikke stopper det han p\u00e5st\u00e5r er profesjonelle oppviglere fra \u00e5 \u00abangripe\u00bb den f\u00f8derale migrantpolitistyrken Ice.<\/p>\n<p class=\"_paragraph_o9xde_4 _paragraph_xtcu6_10 layout-component text-serif-m layout-normal text-serif-m layout-padded\"><strong class=\"_strong_o9xde_25\">\u2013 De pr\u00f8ver bare \u00e5 gj\u00f8re jobben sin, mener den amerikanske presidenten.<\/strong><\/p>\n<p><img alt=\"Foto: Truth Social\" class=\"_image_qp4xg_65 layout-component layout-normal\" data-fullscreen- data-track-element-type=\"Article image fullscreen\" data-track-name=\"ImageFullscreen\" decoding=\"async\" loading=\"lazy\" height=\"382\" itemprop=\"image\"  src=\"https:\/\/www.europesays.com\/no\/wp-content\/uploads\/2026\/01\/eeb5840d-70dc-4c8f-a5fe-188faa242542.jpeg\"  style=\"object-position:0% 0%\" width=\"594\"\/>Foto: Truth Social<\/p>\n<p class=\"_paragraph_o9xde_4 _paragraph_xtcu6_10 layout-component text-serif-m layout-normal text-serif-m layout-padded\">Han peker p\u00e5 at mange tidligere presidenter har tatt i bruk loven, og han kaller det som skjer i Minnesota, for en \u00abparodi\u00bb.<\/p>\n<p class=\"_paragraph_o9xde_4 _paragraph_xtcu6_10 layout-component text-serif-m layout-normal text-serif-m layout-padded\">Trump har ogs\u00e5 tidligere truet med \u00e5 ta i bruk oppr\u00f8rsloven, da i forbindelse med demonstrasjoner i Los Angeles i sommer. <\/p>\n<p class=\"_paragraph_o9xde_4 _paragraph_xtcu6_10 layout-component text-serif-m layout-normal text-serif-m layout-padded\">Truslene har imidlertid s\u00e5 langt ikke blitt realisert. <\/p>\n<ul class=\"_list_o9xde_3 _list_xtcu6_9 _unordered_o9xde_106 layout-component text-serif-m layout-normal text-serif-m layout-padded\">\n<li class=\"_item_o9xde_30\"><strong class=\"_strong_o9xde_25\">Her kan du lese om <a href=\"https:\/\/www.vg.no\/nyheter\/i\/pPRAoX\/fra-gnist-til-brann-slik-begynte-kaoset-i-la\" data-track-element-type=\"Link\" data-track-id=\"link:pPRAoX\" class=\"_link_o9xde_39\" rel=\"nofollow noopener\" target=\"_blank\">hvordan det gikk fra gnist til brann i LA<\/a>, sist gang Trump kom med lignende type trusler.<\/strong><\/li>\n<\/ul>\n<p class=\"_paragraph_o9xde_4 _paragraph_xtcu6_10 layout-component text-serif-m layout-normal text-serif-m layout-padded\">If\u00f8lge ordf\u00f8rer i Minneapolis, Jacob Frey, er det <a href=\"https:\/\/www.vg.no\/nyheter\/i\/XM8E9W\/ice-agent-skjoet-migrant-i-beinet-i-minneapolis\" data-track-element-type=\"Link\" data-track-id=\"link:XM8E9W\" class=\"_link_o9xde_39\" rel=\"nofollow noopener\" target=\"_blank\">rundt 3000 Ice-agenter i omr\u00e5det<\/a>. <\/p>\n<p class=\"_paragraph_o9xde_4 _paragraph_xtcu6_10 layout-component text-serif-m layout-normal text-serif-m layout-padded\">Det sa han under en pressekonferanse i morges. <\/p>\n<p class=\"_paragraph_o9xde_4 _paragraph_xtcu6_10 layout-component text-serif-m layout-normal text-serif-m layout-padded\">If\u00f8lge\u00a0<a href=\"https:\/\/news.sky.com\/story\/minneapolis-latest-officials-giving-news-conference-after-ice-shooting-in-minneapolis-13494455\" class=\"_link_o9xde_39\" rel=\"nofollow noopener\" target=\"_blank\">Sky News<\/a>\u00a0fortalte han videre at Ice er til stede over hele byen, og delstaten, og at de sammen med grensekontrollene skaper kaos i omr\u00e5det.<\/p>\n<p>Dette er saken:<\/p>\n<p class=\"_paragraph_o9xde_4 _paragraph_xtcu6_10 _paragraph_16v91_10 layout-component text-serif-m layout-normal text-sans-m layout-padded\">Det har v\u00e6rt flere protester og demonstrasjoner i Minnesota etter at en agent fra ICE ICE ICE st\u00e5r for &laquo;Immigration and Customs Enforcement&raquo;, som er en amerikansk f\u00f8deral etat som h\u00e5ndhever lover knyttet til innvandring og toll.skj\u00f8t og drepte trebarnsmor Renee Nicole Good (37) onsdag forrige uke. <\/p>\n<p>Flere av protestene har endt i sammenst\u00f8t mellom demonstrantene og ICE. ICE-operasjonen i Minneapolis skal v\u00e6re\u00a0<a href=\"https:\/\/www.vg.no\/tag\/usa?utm_source=vg-article&amp;utm_medium=auto-tagger&amp;utm_campaign=QJmM44\" class=\"_link_o9xde_39\" rel=\"nofollow noopener\" target=\"_blank\">USAs<\/a>\u00a0st\u00f8rste immigrasjonsoperasjon noensinne.<\/p>\n<p>ICE-agentene er sendt til delstaten av president Donald Trump for \u00e5 f\u00e5 fart p\u00e5 presidentens st\u00f8rste valgl\u00f8fte: Massedeportering av migranter uten lovlig opphold. Trump sendte f\u00f8rst 2000 ICE-agenter til den sv\u00e6rt multikulturelle storbyen i Minnesota, som en reaksjon p\u00e5 <a href=\"https:\/\/www.cnn.com\/2026\/01\/05\/us\/minnesota-child-care-fraud-investigation\" class=\"_link_o9xde_39\" rel=\"nofollow noopener\" target=\"_blank\">svindelanklager<\/a>\u00a0mot somaliskeide barnehager i delstaten.<\/p>\n<p>Etter drapet p\u00e5 Good er det sendt flere hundre agenter til.<\/p>\n<p>Vis mer<\/p>\n<p class=\"_paragraph_o9xde_4 _paragraph_xtcu6_10 layout-component text-serif-m layout-normal text-serif-m layout-padded\">For en uke siden ble 37 \u00e5r gamle\u00a0<a href=\"https:\/\/www.vg.no\/nyheter\/i\/V6qqy6\/hennes-kone-ble-drept-av-ice-hun-straalte\" data-track-element-type=\"Link\" data-track-id=\"link:V6qqy6\" class=\"_link_o9xde_39\" rel=\"nofollow noopener\" target=\"_blank\">Renee Good skutt og drept av en Ice-agent<\/a>\u00a0i samme by. Good og hennes kone Becca var begge i bilen da de ble stoppet etter at de hadde<a href=\"https:\/\/www.vg.no\/nyheter\/i\/Arlzv3\/renee-nicole-good-ble-drept-av-ice-agent-i-minnesota\" data-track-element-type=\"Link\" data-track-id=\"link:Arlzv3\" class=\"_link_o9xde_39\" rel=\"nofollow noopener\" target=\"_blank\">\u00a0levert deres s\u00f8nn p\u00e5 skolen.<\/a><\/p>\n<p class=\"_paragraph_o9xde_4 _paragraph_xtcu6_10 layout-component text-serif-m layout-normal text-serif-m layout-padded\"><a href=\"https:\/\/tv.vg.no\/nyheter\/ny-video-skal-vise-ice-agentens-opptak?id=351915\" class=\"_link_o9xde_39\" rel=\"nofollow noopener\" target=\"_blank\">En video<\/a>\u00a0viser at det er en konfrontasjon mellom Good og ICE-agenten, f\u00f8r Good ble drept.<\/p>\n<p class=\"_paragraph_o9xde_4 _paragraph_xtcu6_10 layout-component text-serif-m layout-normal text-serif-m layout-padded\">Det utl\u00f8ste sterke reaksjoner over hele USA. Ogs\u00e5 da eskalerte demonstrasjoner til sammenst\u00f8t mellom demonstranter og politi.<\/p>\n<p class=\"_paragraph_o9xde_4 _paragraph_xtcu6_10 layout-component text-serif-m layout-normal text-serif-m layout-padded\">Sikkerhetsminister Kristi Noem har varslet at hun vil sende hundrevis av f\u00f8derale agenter for \u00e5 sikre arbeidet til Ice i delstaten Minnesota, der Minneapolis ligger. <\/p>\n","protected":false},"excerpt":{"rendered":"Hvis politikerne i Minnesota ikke gj\u00f8r som USAs president Donald Trump vil, truer han med \u00e5 ta i&hellip;\n","protected":false},"author":2,"featured_media":138463,"comment_status":"","ping_status":"","sticky":false,"template":"","format":"standard","meta":{"footnotes":""},"categories":[5],"tags":[20,21,55,24,25,15,19,6887,22,23,17,18,2119,13,30,28,29,14,16,26,27,50],"class_list":{"0":"post-138462","1":"post","2":"type-post","3":"status-publish","4":"format-standard","5":"has-post-thumbnail","7":"category-overskrifter","8":"tag-breaking-news","9":"tag-breakingnews","10":"tag-donald-trump","11":"tag-featured-news","12":"tag-featurednews","13":"tag-headlines","14":"tag-hovedoppslag","15":"tag-ice-immigration-and-customs-enforcement","16":"tag-latest-news","17":"tag-latestnews","18":"tag-main-news","19":"tag-mainnews","20":"tag-minnesota","21":"tag-news","22":"tag-no","23":"tag-norge","24":"tag-norway","25":"tag-nyheter","26":"tag-overskrifter","27":"tag-top-stories","28":"tag-topstories","29":"tag-usa"},"share_on_mastodon":{"url":"https:\/\/pubeurope.com\/@no\/115900160687795595","error":""},"_links":{"self":[{"href":"https:\/\/www.europesays.com\/no\/wp-json\/wp\/v2\/posts\/138462","targetHints":{"allow":["GET"]}}],"collection":[{"href":"https:\/\/www.europesays.com\/no\/wp-json\/wp\/v2\/posts"}],"about":[{"href":"https:\/\/www.europesays.com\/no\/wp-json\/wp\/v2\/types\/post"}],"author":[{"embeddable":true,"href":"https:\/\/www.europesays.com\/no\/wp-json\/wp\/v2\/users\/2"}],"replies":[{"embeddable":true,"href":"https:\/\/www.europesays.com\/no\/wp-json\/wp\/v2\/comments?post=138462"}],"version-history":[{"count":0,"href":"https:\/\/www.europesays.com\/no\/wp-json\/wp\/v2\/posts\/138462\/revisions"}],"wp:featuredmedia":[{"embeddable":true,"href":"https:\/\/www.europesays.com\/no\/wp-json\/wp\/v2\/media\/138463"}],"wp:attachment":[{"href":"https:\/\/www.europesays.com\/no\/wp-json\/wp\/v2\/media?parent=138462"}],"wp:term":[{"taxonomy":"category","embeddable":true,"href":"https:\/\/www.europesays.com\/no\/wp-json\/wp\/v2\/categories?post=138462"},{"taxonomy":"post_tag","embeddable":true,"href":"https:\/\/www.europesays.com\/no\/wp-json\/wp\/v2\/tags?post=138462"}],"curies":[{"name":"wp","href":"https:\/\/api.w.org\/{rel}","templated":true}]}}