{"id":138467,"date":"2026-01-15T16:59:09","date_gmt":"2026-01-15T16:59:09","guid":{"rendered":"https:\/\/www.europesays.com\/no\/138467\/"},"modified":"2026-01-15T16:59:09","modified_gmt":"2026-01-15T16:59:09","slug":"skole-laerernormen-tronder-avisa-vil-ha-full-fart-bakover","status":"publish","type":"post","link":"https:\/\/www.europesays.com\/no\/138467\/","title":{"rendered":"Skole, L\u00e6rernormen | Tr\u00f8nder-Avisa vil ha full fart bakover"},"content":{"rendered":"\n<p>Tr\u00f8nder-Avisa uttaler p\u00e5 lederplass at det er veldig, veldig bra at H\u00f8yre vil reformere offentlig sektor, og at de n\u00e5 b\u00f8r finne sammen med Arbeiderpartiet. Avisa baserer dette p\u00e5 kommunekommisjonens ferske delrapport som de mener gir gode svar p\u00e5 hvordan kommunene skal frigj\u00f8res fra \u00abun\u00f8dvendige nasjonale f\u00f8ringer og tvangstr\u00f8yer\u00bb.<\/p>\n<p>Utdanningsforbundet Tr\u00f8ndelag mener dette er en d\u00e5rlig id\u00e9. Kommunekommisjonens mest omtalte forslag er nemlig \u00e5 fjerne l\u00e6rernormen. Dersom det skjer, vil det f\u00e5 store konsekvenser for skolen og for elevene i Tr\u00f8ndelag. Det vil bety f\u00e6rre l\u00e6rere, st\u00f8rre klasser, og mindre tid til oppf\u00f8lging av hver elev. Det vil \u00f8ke forskjellene i skolen. Stikk i strid med det som er m\u00e5let med fellesskolen.<\/p>\n<p>Kommunenes interesseorganisasjon, KS, har jobbet for \u00e5 fjerne bemanningsnormer i velferden lenge. B\u00e5de i helsetjenestene, i barnehagen og i skolen. Derfor feirer de n\u00e5 med kake.<\/p>\n<p>  <a href=\"https:\/\/www.t-a.no\/5-116-2287607\" class=\"related-teaser default-opinion-teaser article--c-eRUmMG article--c-eRUmMG-jKCPdD-design-default article--c-eRUmMG-kpKLOW-cv\" rel=\"nofollow noopener\" target=\"_blank\"><\/p>\n<p>\n            Les ogs\u00e5<\/p>\n<p>              Reform-H\u00f8yre kan sette fart p\u00e5 sakene\n        <\/p>\n<p>  <\/a><\/p>\n<p>KS p\u00e5st\u00e5r at dagens l\u00e6rernorm er rigid og hindrer kommunene \u00e5 bruke ressurser p\u00e5 de skoler som trenger flere l\u00e6rere. Og at \u00e5 fjerne normen vil gi bedre tjenester. Det er feil. Og det er viktig at folk ikke lar seg lure til \u00e5 kj\u00f8pe denne fortellingen.<\/p>\n<p>L\u00e6rernormen er en minimumsnorm, og setter en grense for hvor mange elever det i gjennomsnitt kan v\u00e6re per l\u00e6rer p\u00e5 1.\u20134. trinn, og p\u00e5 5.\u201310. trinn. Den sikrer et minimum av ressurser til skolene, og den sikrer at det ikke er for mange elever per l\u00e6rer. Skolen har handlingsrom til \u00e5 prioritere fordeling av l\u00e6rere mellom klasser, og til bestemme hvordan undervisningen skal organiseres til det beste for elevene.<\/p>\n<p>Kommunene i Tr\u00f8ndelag har ogs\u00e5 frihet til \u00e5 styrke skoler som har behov for det, b\u00e5de med flere l\u00e6rere og andre ansatte, opp\u00e5 det som minimumsnormen forutsetter. Men det forutsetter at kommunene faktisk prioriterer skolen.<\/p>\n<p>Friheten Tr\u00f8nder-Avisa, og kommunene, ber om har v\u00e6rt pr\u00f8vd tidligere. I \u00e5rene etter 2003 fikk kommunene selv bestemme hvor mange elever det skulle v\u00e6re per l\u00e6rer, og fikk pengene fra staten som s\u00e5kalt \u00abfrie midler\u00bb. Det f\u00f8rte til f\u00e6rre l\u00e6rere, og en \u00f8kning av antall elever i hvert klasserom. Friheten f\u00f8rte alts\u00e5 til en nedprioritering av skolebudsjettene, og var en direkte \u00e5rsak til at Stortinget innf\u00f8rte l\u00e6rernormen.<\/p>\n<p>KS har n\u00e5 f\u00e5tt med seg flertallet i kommunekommisjonen p\u00e5 at dagens l\u00e6rernorm i skolen b\u00f8r skrotes. Det samme gjelder n\u00f8dvendige \u00f8remerkinger for \u00e5 sikre forsvarlig bemanning i barnehagen. Hvis KS vinner fram, vil det legge til rette for enda st\u00f8rre kutt i velferdstjenestene til barn og unge i kommunene i \u00e5rene som kommer. At KS feirer med kake, er usmakelig.<\/p>\n<p>Arbeiderpartiet gikk til valg p\u00e5 \u00e5 videref\u00f8re dagens l\u00e6rernorm. Det er vi glade for. Utdanningsforbundet Tr\u00f8ndelag forventer at Arbeiderpartiet f\u00f8lger opp sitt eget programvedtak, og vi ber regjeringen v\u00e6re tydelig p\u00e5 at barn og unge ikke skal v\u00e6re de som m\u00e5 betale prisen n\u00e5r kommunene skal effektiviseres.<\/p>\n","protected":false},"excerpt":{"rendered":"Tr\u00f8nder-Avisa uttaler p\u00e5 lederplass at det er veldig, veldig bra at H\u00f8yre vil reformere offentlig sektor, og at&hellip;\n","protected":false},"author":2,"featured_media":138468,"comment_status":"","ping_status":"","sticky":false,"template":"","format":"standard","meta":{"footnotes":""},"categories":[10],"tags":[36,20,21,37,24,25,15,22,23,15788,13,30,28,29,14,1533,16,41,804,26,27,1485],"class_list":{"0":"post-138467","1":"post","2":"type-post","3":"status-publish","4":"format-standard","5":"has-post-thumbnail","7":"category-norge","8":"tag-art","9":"tag-breaking-news","10":"tag-breakingnews","11":"tag-debatt","12":"tag-featured-news","13":"tag-featurednews","14":"tag-headlines","15":"tag-latest-news","16":"tag-latestnews","17":"tag-laerernormen","18":"tag-news","19":"tag-no","20":"tag-norge","21":"tag-norway","22":"tag-nyheter","23":"tag-opinion","24":"tag-overskrifter","25":"tag-politikk","26":"tag-skole","27":"tag-top-stories","28":"tag-topstories","29":"tag-tronderdebatt"},"share_on_mastodon":{"url":"https:\/\/pubeurope.com\/@no\/115900184269272372","error":""},"_links":{"self":[{"href":"https:\/\/www.europesays.com\/no\/wp-json\/wp\/v2\/posts\/138467","targetHints":{"allow":["GET"]}}],"collection":[{"href":"https:\/\/www.europesays.com\/no\/wp-json\/wp\/v2\/posts"}],"about":[{"href":"https:\/\/www.europesays.com\/no\/wp-json\/wp\/v2\/types\/post"}],"author":[{"embeddable":true,"href":"https:\/\/www.europesays.com\/no\/wp-json\/wp\/v2\/users\/2"}],"replies":[{"embeddable":true,"href":"https:\/\/www.europesays.com\/no\/wp-json\/wp\/v2\/comments?post=138467"}],"version-history":[{"count":0,"href":"https:\/\/www.europesays.com\/no\/wp-json\/wp\/v2\/posts\/138467\/revisions"}],"wp:featuredmedia":[{"embeddable":true,"href":"https:\/\/www.europesays.com\/no\/wp-json\/wp\/v2\/media\/138468"}],"wp:attachment":[{"href":"https:\/\/www.europesays.com\/no\/wp-json\/wp\/v2\/media?parent=138467"}],"wp:term":[{"taxonomy":"category","embeddable":true,"href":"https:\/\/www.europesays.com\/no\/wp-json\/wp\/v2\/categories?post=138467"},{"taxonomy":"post_tag","embeddable":true,"href":"https:\/\/www.europesays.com\/no\/wp-json\/wp\/v2\/tags?post=138467"}],"curies":[{"name":"wp","href":"https:\/\/api.w.org\/{rel}","templated":true}]}}