{"id":138479,"date":"2026-01-15T17:15:12","date_gmt":"2026-01-15T17:15:12","guid":{"rendered":"https:\/\/www.europesays.com\/no\/138479\/"},"modified":"2026-01-15T17:15:12","modified_gmt":"2026-01-15T17:15:12","slug":"varsel-norge-dsb-vellykket-varslingsprove-over-hele-landet","status":"publish","type":"post","link":"https:\/\/www.europesays.com\/no\/138479\/","title":{"rendered":"Varsel, Norge | DSB: Vellykket varslingspr\u00f8ve over hele landet"},"content":{"rendered":"\n<p><b>NORGE: <\/b>Onsdagens varslingspr\u00f8ve, hvor n\u00f8dvarslene p\u00e5 mobiler og landets tyfoner ble testet, var vellykket, sier Direktoratet for samfunnssikkerhet og beredskap (DSB).<\/p>\n<p>\u2013 Testen ble gjennomf\u00f8rt som planlagt, og systemet har fungert som forventet, skriver DSB i en <a rel=\"Follow nofollow noopener\" href=\"https:\/\/www.dsb.no\/aktuelt\/varslingsproven-er-utfort3\/\" target=\"_blank\">pressemelding.<\/a><\/p>\n<p>Det var onsdag sjette gang at varslingspr\u00f8va ble gjennomf\u00f8rt p\u00e5 denne m\u00e5ten. Politiet har ogs\u00e5 brukt n\u00f8dvarselet ved flere reelle hendelser siden systemet ble klart til bruk i 2023.<\/p>\n<p><b>DSB ansl\u00e5r at rundt 97 prosent av mobiltelefonene i Norge kan motta n\u00f8dvarsel. Noen telefoner er for gamle, ikke oppdatert eller mangler dekning der og da, noe som gj\u00f8r at de da ikke kan motta n\u00f8dvarsel.<\/b><\/p>\n<p>\u2013 Det er viktig \u00e5 minne om at n\u00f8dvarsel p\u00e5 mobil er et tillegg til de kanalene som allerede brukes for \u00e5 varsle befolkningen. I Norge har vi lenge hatt befolkningsvarsling via tyfoner, som ogs\u00e5 ble testet i dag, skriver DSB.<\/p>\n<p>  <a href=\"https:\/\/www.avisa-valdres.no\/5-54-1149456\" class=\"related-teaser has-image default-story-teaser article--c-eRUmMG article--c-eRUmMG-jKCPdD-design-default\" rel=\"nofollow noopener\" target=\"_blank\"><\/p>\n<p>    <img decoding=\"async\" loading=\"lazy\"  src=\"https:\/\/www.europesays.com\/no\/wp-content\/uploads\/2026\/01\/cueres_scp-ftpuggp_fTP4u3-Ggp0.jpg\" alt=\"\" class=\"brick-c-cFOWSL\" style=\"\"\/><\/p>\n<p>\n            Les ogs\u00e5<\/p>\n<p>              V\u00e6r forberedt: Ny test av n\u00f8dvarsel rundt klokka 12\n        <\/p>\n<p>  <\/a><\/p>\n","protected":false},"excerpt":{"rendered":"NORGE: Onsdagens varslingspr\u00f8ve, hvor n\u00f8dvarslene p\u00e5 mobiler og landets tyfoner ble testet, var vellykket, sier Direktoratet for samfunnssikkerhet&hellip;\n","protected":false},"author":2,"featured_media":138480,"comment_status":"","ping_status":"","sticky":false,"template":"","format":"standard","meta":{"footnotes":""},"categories":[10],"tags":[36,20,21,24,25,15,22,23,13,30,28,29,1557,14,16,1510,26,27,6853],"class_list":{"0":"post-138479","1":"post","2":"type-post","3":"status-publish","4":"format-standard","5":"has-post-thumbnail","7":"category-norge","8":"tag-art","9":"tag-breaking-news","10":"tag-breakingnews","11":"tag-featured-news","12":"tag-featurednews","13":"tag-headlines","14":"tag-latest-news","15":"tag-latestnews","16":"tag-news","17":"tag-no","18":"tag-norge","19":"tag-norway","20":"tag-ntb","21":"tag-nyheter","22":"tag-overskrifter","23":"tag-story","24":"tag-top-stories","25":"tag-topstories","26":"tag-varsel"},"share_on_mastodon":{"url":"https:\/\/pubeurope.com\/@no\/115900247122361864","error":""},"_links":{"self":[{"href":"https:\/\/www.europesays.com\/no\/wp-json\/wp\/v2\/posts\/138479","targetHints":{"allow":["GET"]}}],"collection":[{"href":"https:\/\/www.europesays.com\/no\/wp-json\/wp\/v2\/posts"}],"about":[{"href":"https:\/\/www.europesays.com\/no\/wp-json\/wp\/v2\/types\/post"}],"author":[{"embeddable":true,"href":"https:\/\/www.europesays.com\/no\/wp-json\/wp\/v2\/users\/2"}],"replies":[{"embeddable":true,"href":"https:\/\/www.europesays.com\/no\/wp-json\/wp\/v2\/comments?post=138479"}],"version-history":[{"count":0,"href":"https:\/\/www.europesays.com\/no\/wp-json\/wp\/v2\/posts\/138479\/revisions"}],"wp:featuredmedia":[{"embeddable":true,"href":"https:\/\/www.europesays.com\/no\/wp-json\/wp\/v2\/media\/138480"}],"wp:attachment":[{"href":"https:\/\/www.europesays.com\/no\/wp-json\/wp\/v2\/media?parent=138479"}],"wp:term":[{"taxonomy":"category","embeddable":true,"href":"https:\/\/www.europesays.com\/no\/wp-json\/wp\/v2\/categories?post=138479"},{"taxonomy":"post_tag","embeddable":true,"href":"https:\/\/www.europesays.com\/no\/wp-json\/wp\/v2\/tags?post=138479"}],"curies":[{"name":"wp","href":"https:\/\/api.w.org\/{rel}","templated":true}]}}