{"id":138483,"date":"2026-01-15T17:21:10","date_gmt":"2026-01-15T17:21:10","guid":{"rendered":"https:\/\/www.europesays.com\/no\/138483\/"},"modified":"2026-01-15T17:21:10","modified_gmt":"2026-01-15T17:21:10","slug":"demonstrasjonene-i-iran-kvalt-etter-en-uke-uten-internett","status":"publish","type":"post","link":"https:\/\/www.europesays.com\/no\/138483\/","title":{"rendered":"Demonstrasjonene i Iran kvalt etter en uke uten internett"},"content":{"rendered":"<p>    De omfattende protestene mot regimet i Iran later til \u00e5 ha blitt dempet. Befolkningen har n\u00e5 v\u00e6rt nektet tilgang til internett i \u00e9n uke.<\/p>\n<p>\n        Det har p\u00e5g\u00e5tt omfattende demonstrasjoner mot regimet i Iran den siste tiden. Bildet er tatt 9. januar.<br \/>\n        Brukergenerert innhold validert av AP \/ NTB\n    <\/p>\n<p>Vitner i Irans hovedstad Teheran sier til nyhetsbyr\u00e5et AP at protestene mot regimet ser ut til \u00e5 ha blitt mindre intense. <\/p>\n<p>Lyden av skudd, som har v\u00e6rt intens gjennom flere netter, har roet seg. Det er f\u00e6rre branner av gjenstander og s\u00f8ppel i gatene, skriver AP.<\/p>\n<p>Om ettermiddagen torsdag 8. januar blokkerte iranske myndigheter befolkningens tilgang til internett. Siden har de ogs\u00e5 jaktet systematisk p\u00e5 folk som bruker Starlink for satellittilgang til internett. Tiltakene har gjort det vanskelig for folk \u00e5 f\u00e5 sendt informasjon, bilder og video ut av landet.<\/p>\n<p>Mange drept<\/p>\n<p>Prestestyret har sl\u00e5tt sv\u00e6rt hardt ned p\u00e5 de omfattende demonstrasjonene. <\/p>\n<p>Minst 3428 demonstranter er blitt drept siden 28. desember og antakelig langt flere, viste tall fra menneskerettsgruppa Iran Human Rights (IHR) onsdag.<\/p>\n<p>                <img decoding=\"async\" src=\"https:\/\/www.europesays.com\/no\/wp-content\/uploads\/2026\/01\/1378672.webp.jpeg\" width=\"480\" height=\"274\" title=\"Hverdag i Irans hovedstad Teheran torsdag.\" alt=\"\" loading=\"lazy\" style=\"\"\/><\/p>\n<p>\n            Hverdag i Irans hovedstad Teheran torsdag.<br \/>\n            Vahid Salemi \/ AP \/ NTB\n        <\/p>\n<p>Protestene i Iran har p\u00e5g\u00e5tt i over to uker og ble utl\u00f8st av en alvorlig \u00f8konomisk krise med valutakollaps og ekstrem inflasjon.<\/p>\n<p>Sikkerhetsr\u00e5det m\u00f8tes<\/p>\n<p>FNs sikkerhetsr\u00e5d skal m\u00f8tes for \u00e5 diskutere situasjonen i Iran torsdag kveld klokken 21 norsk tid. Det er USA som har bedt om m\u00f8tet.<\/p>\n<p>USA og president Donald Trump har flere ganger truet Iran med angrep dersom myndighetene henretter fengslede demonstranter eller skyter folk i gatene.<\/p>\n<p>Natt til torsdag stengte Iran luftrommet for kommersiell flytrafikk i frykt for angrep.<\/p>\n<p>En rekke land, inkludert Norge, har oppfordret sine borgere til \u00e5 forlate Iran. Det er fortsatt mulig \u00e5 b\u00e5de bruke fly, tog og landeveien mot Tyrkia for \u00e5 ta seg ut av landet.<\/p>\n","protected":false},"excerpt":{"rendered":"De omfattende protestene mot regimet i Iran later til \u00e5 ha blitt dempet. Befolkningen har n\u00e5 v\u00e6rt nektet&hellip;\n","protected":false},"author":2,"featured_media":137999,"comment_status":"","ping_status":"","sticky":false,"template":"","format":"standard","meta":{"footnotes":""},"categories":[12],"tags":[20,21,24,25,15,22,23,13,30,28,29,14,16,26,27,42,43,44,45],"class_list":{"0":"post-138483","1":"post","2":"type-post","3":"status-publish","4":"format-standard","5":"has-post-thumbnail","7":"category-verden","8":"tag-breaking-news","9":"tag-breakingnews","10":"tag-featured-news","11":"tag-featurednews","12":"tag-headlines","13":"tag-latest-news","14":"tag-latestnews","15":"tag-news","16":"tag-no","17":"tag-norge","18":"tag-norway","19":"tag-nyheter","20":"tag-overskrifter","21":"tag-top-stories","22":"tag-topstories","23":"tag-verden","24":"tag-world","25":"tag-world-news","26":"tag-worldnews"},"share_on_mastodon":{"url":"https:\/\/pubeurope.com\/@no\/115900270757740044","error":""},"_links":{"self":[{"href":"https:\/\/www.europesays.com\/no\/wp-json\/wp\/v2\/posts\/138483","targetHints":{"allow":["GET"]}}],"collection":[{"href":"https:\/\/www.europesays.com\/no\/wp-json\/wp\/v2\/posts"}],"about":[{"href":"https:\/\/www.europesays.com\/no\/wp-json\/wp\/v2\/types\/post"}],"author":[{"embeddable":true,"href":"https:\/\/www.europesays.com\/no\/wp-json\/wp\/v2\/users\/2"}],"replies":[{"embeddable":true,"href":"https:\/\/www.europesays.com\/no\/wp-json\/wp\/v2\/comments?post=138483"}],"version-history":[{"count":0,"href":"https:\/\/www.europesays.com\/no\/wp-json\/wp\/v2\/posts\/138483\/revisions"}],"wp:featuredmedia":[{"embeddable":true,"href":"https:\/\/www.europesays.com\/no\/wp-json\/wp\/v2\/media\/137999"}],"wp:attachment":[{"href":"https:\/\/www.europesays.com\/no\/wp-json\/wp\/v2\/media?parent=138483"}],"wp:term":[{"taxonomy":"category","embeddable":true,"href":"https:\/\/www.europesays.com\/no\/wp-json\/wp\/v2\/categories?post=138483"},{"taxonomy":"post_tag","embeddable":true,"href":"https:\/\/www.europesays.com\/no\/wp-json\/wp\/v2\/tags?post=138483"}],"curies":[{"name":"wp","href":"https:\/\/api.w.org\/{rel}","templated":true}]}}