{"id":138493,"date":"2026-01-15T17:35:13","date_gmt":"2026-01-15T17:35:13","guid":{"rendered":"https:\/\/www.europesays.com\/no\/138493\/"},"modified":"2026-01-15T17:35:13","modified_gmt":"2026-01-15T17:35:13","slug":"sverige-trafikkinspektor-dode-under-oppkjoring","status":"publish","type":"post","link":"https:\/\/www.europesays.com\/no\/138493\/","title":{"rendered":"Sverige: Trafikkinspekt\u00f8r d\u00f8de under oppkj\u00f8ring"},"content":{"rendered":"\n<p class=\"_lead_o9xde_2 _lead_xtcu6_50 layout-component text-serif-m layout-normal text-serif-l layout-component layout-wide layout-padded _wide_17hqh_1 layout-padded\">En lastebilsj\u00e5f\u00f8r er p\u00e5grepet og siktet.<\/p>\n<p>Aktiver kart<\/p>\n<ul aria-hidden=\"true\" class=\"_images_ntbth_112\">\n<li><a class=\"_link_ntbth_117\" href=\"https:\/\/www.vg.no\/forfatter\/bendik-hansen\" style=\"z-index:1\" title=\"Bendik Hansen\" rel=\"nofollow noopener\" target=\"_blank\"><img alt=\"Bilde av Bendik Hansen\" class=\"_image_ntbth_93\" fetchpriority=\"low\" loading=\"lazy\" decoding=\"async\" itemprop=\"image\"  src=\"https:\/\/www.europesays.com\/no\/wp-content\/uploads\/2026\/01\/1768498513_445_236bc5a3-2236-4046-b957-81f29d024aa6.jpeg\"  width=\"480\"\/><\/a><\/li>\n<\/ul>\n<p> Oppdatert torsdag 15. januar kl. 14:04     <\/p>\n<p class=\"_paragraph_o9xde_4 _paragraph_xtcu6_10 layout-component text-serif-m layout-normal text-serif-m layout-padded\">En trafikkinspekt\u00f8r fra det svenske TrafikverketTrafikverketTilsvarende Statens vegvesen i Norge. d\u00f8de onsdag da en kj\u00f8reskolebil kolliderte front mot front med en lastebil utenfor S\u00f6dert\u00e4lje. <\/p>\n<p class=\"_paragraph_o9xde_4 _paragraph_xtcu6_10 layout-component text-serif-m layout-normal text-serif-m layout-padded\">Eleven som tok oppkj\u00f8ring ble skadet og fraktet til sykehus.<\/p>\n<p class=\"_paragraph_o9xde_4 _paragraph_xtcu6_10 layout-component text-serif-m layout-normal text-serif-m layout-padded\">\u2013 I g\u00e5r skjedde det som aldri m\u00e5 skje. Det er med stor sorg vi konstaterer at det var en medarbeider hos oss som d\u00f8de, sier Sofia Lindahl, kommunikasjonssjef for Trafikverket f\u00f6rarprov, if\u00f8lge\u00a0<a href=\"https:\/\/www.aftonbladet.se\/nyheter\/a\/Rj9lRW\/trafikinspektoren-dog-i-olyckan-mycket-mork-dag-for-oss\" class=\"_link_o9xde_39\" rel=\"nofollow noopener\" target=\"_blank\">Aftonbladet<\/a>.<\/p>\n<p class=\"_paragraph_o9xde_4 _paragraph_xtcu6_10 layout-component text-serif-m layout-normal text-serif-m layout-padded\">Ulykken skjedde ved 14-tiden onsdag. <\/p>\n<p class=\"_paragraph_o9xde_4 _paragraph_xtcu6_10 layout-component text-serif-m layout-normal text-serif-m layout-padded\">Lastebilsj\u00e5f\u00f8ren ble p\u00e5grepet og er n\u00e5 siktet for grovt uaktsomt drap og grov uaktsomhet i trafikken.<\/p>\n<p class=\"_paragraph_o9xde_4 _paragraph_xtcu6_10 layout-component text-serif-m layout-normal text-serif-m layout-padded\"><strong class=\"_strong_o9xde_25\">\u2013 Det er en meget m\u00f8rk dag for oss, sier Lindahl.<\/strong><\/p>\n<p class=\"_paragraph_o9xde_4 _paragraph_xtcu6_10 layout-component text-serif-m layout-normal text-serif-m layout-padded\">Trafikverkets kontor i S\u00f6dert\u00e4lje er stengt torsdag og fredag. De ansatte f\u00e5r krisest\u00f8tte.<\/p>\n<p class=\"_paragraph_o9xde_4 _paragraph_xtcu6_10 layout-component text-serif-m layout-normal text-serif-m layout-padded\">Onsdag var det utstedt gult farevarsel for sn\u00f8fall i Stockholm-omr\u00e5det. Lindahl sier de alltid gj\u00f8r lokale vurderinger basert p\u00e5 v\u00e6rforholdene.<\/p>\n<p class=\"_paragraph_o9xde_4 _paragraph_xtcu6_10 layout-component text-serif-m layout-normal text-serif-m layout-padded\">\u2013 Arbeid i trafikkmilj\u00f8 er alltid risikofylt. I dag ligger alt v\u00e5rt fokus p\u00e5 \u00e5 ta vare p\u00e5 de ber\u00f8rte, sier hun.<\/p>\n<p class=\"_paragraph_o9xde_4 _paragraph_xtcu6_10 layout-component text-serif-m layout-normal text-serif-m layout-padded\">Oppkj\u00f8ringer i S\u00f6dert\u00e4lje og Farsta avlyst som f\u00f8lge av ulykken. Svensk p\u00e5talemyndighet m\u00e5 innen 17. januar ta stilling til om lastebilsj\u00e5f\u00f8ren skal begj\u00e6res varetektsfengslet. <\/p>\n","protected":false},"excerpt":{"rendered":"En lastebilsj\u00e5f\u00f8r er p\u00e5grepet og siktet. Aktiver kart Oppdatert torsdag 15. januar kl. 14:04 En trafikkinspekt\u00f8r fra det&hellip;\n","protected":false},"author":2,"featured_media":138494,"comment_status":"","ping_status":"","sticky":false,"template":"","format":"standard","meta":{"footnotes":""},"categories":[12],"tags":[4035,20,21,24,25,15,22,23,13,30,28,29,14,16,1359,26,27,1100,42,43,44,45],"class_list":{"0":"post-138493","1":"post","2":"type-post","3":"status-publish","4":"format-standard","5":"has-post-thumbnail","7":"category-verden","8":"tag-aftonbladet","9":"tag-breaking-news","10":"tag-breakingnews","11":"tag-featured-news","12":"tag-featurednews","13":"tag-headlines","14":"tag-latest-news","15":"tag-latestnews","16":"tag-news","17":"tag-no","18":"tag-norge","19":"tag-norway","20":"tag-nyheter","21":"tag-overskrifter","22":"tag-sverige","23":"tag-top-stories","24":"tag-topstories","25":"tag-trafikkulykker","26":"tag-verden","27":"tag-world","28":"tag-world-news","29":"tag-worldnews"},"share_on_mastodon":{"url":"https:\/\/pubeurope.com\/@no\/115900325911849287","error":""},"_links":{"self":[{"href":"https:\/\/www.europesays.com\/no\/wp-json\/wp\/v2\/posts\/138493","targetHints":{"allow":["GET"]}}],"collection":[{"href":"https:\/\/www.europesays.com\/no\/wp-json\/wp\/v2\/posts"}],"about":[{"href":"https:\/\/www.europesays.com\/no\/wp-json\/wp\/v2\/types\/post"}],"author":[{"embeddable":true,"href":"https:\/\/www.europesays.com\/no\/wp-json\/wp\/v2\/users\/2"}],"replies":[{"embeddable":true,"href":"https:\/\/www.europesays.com\/no\/wp-json\/wp\/v2\/comments?post=138493"}],"version-history":[{"count":0,"href":"https:\/\/www.europesays.com\/no\/wp-json\/wp\/v2\/posts\/138493\/revisions"}],"wp:featuredmedia":[{"embeddable":true,"href":"https:\/\/www.europesays.com\/no\/wp-json\/wp\/v2\/media\/138494"}],"wp:attachment":[{"href":"https:\/\/www.europesays.com\/no\/wp-json\/wp\/v2\/media?parent=138493"}],"wp:term":[{"taxonomy":"category","embeddable":true,"href":"https:\/\/www.europesays.com\/no\/wp-json\/wp\/v2\/categories?post=138493"},{"taxonomy":"post_tag","embeddable":true,"href":"https:\/\/www.europesays.com\/no\/wp-json\/wp\/v2\/tags?post=138493"}],"curies":[{"name":"wp","href":"https:\/\/api.w.org\/{rel}","templated":true}]}}