{"id":138501,"date":"2026-01-15T17:43:05","date_gmt":"2026-01-15T17:43:05","guid":{"rendered":"https:\/\/www.europesays.com\/no\/138501\/"},"modified":"2026-01-15T17:43:05","modified_gmt":"2026-01-15T17:43:05","slug":"donald-trump-moter-venezuelas-maria-machado-nrk-urix-utenriksnyheter-og-dokumentarer","status":"publish","type":"post","link":"https:\/\/www.europesays.com\/no\/138501\/","title":{"rendered":"Donald Trump m\u00f8ter Venezuelas Mar\u00eda Machado \u2013 NRK Urix \u2013 Utenriksnyheter og -dokumentarer"},"content":{"rendered":"<p>Torsdag m\u00f8ter USAs president Donald Trump fredsprisvinnar og venezuelansk opposisjonspolitikar Mar\u00eda Corina Machado.<\/p>\n<p>M\u00f8tet kjem sj\u00f8lv om Trump tidlegare har hevda at Machado <a href=\"https:\/\/www.nrk.no\/urix\/machado-sier-hun-ikke-har-snakket-med-trump-siden-oktober-1.17715268\" ec-id=\"pp:article:1.17715268\" ec-name=\"mangla st\u00f8tte i Venezuela\" rel=\"nofollow noopener\" target=\"_blank\">mangla st\u00f8tte i Venezuela<\/a>, og ikkje ville bli sett til \u00e5 leie landet midlertidig.<\/p>\n<p>I staden blei det Maduro-visepresident Delcy Rodriguez som, med st\u00f8tte fr\u00e5 USA, blei tatt i eid som <a href=\"http:\/\/www.nrk.no\/urix\/hvem-styrer-i-venezuela_-dette-er-kvinnen-som-trump-plasserte-i-sjefsstolen-1.17713830\" ec-id=\"pp:article:1.17713830\" ec-name=\"fungerande president\" rel=\"nofollow noopener\" target=\"_blank\">fungerande president<\/a>.<\/p>\n<p>Rett f\u00f8r klokka 18.30 norsk tid kom Machado til Det kvite huset for eit lukka lunsjm\u00f8te. Kva \u00f8nskjer ho \u00e5 f\u00e5 ut av det?<\/p>\n<p>Ekspertar: Opposisjonen vil ha meir press<\/p>\n<p>\u2013 Sj\u00f8lv om USA har peika p\u00e5 folk som var ein del av regimet til Maduro til \u00e5 leie Venezuela inntil vidare, er det positivt at Trump no vil m\u00f8te Machado, seier venezuelansk jurist og statsvitar Ramon D\u00f8nvold Barreto-Pirala, som er PhD-kandidat ved OsloMet.<\/p>\n<p><img decoding=\"async\"   src=\"data:image\/gif;base64,R0lGODlhAQABAIAAAAAAAP\/\/\/yH5BAEAAAAALAAAAAABAAEAAAIBRAA7\" loading=\"eager\" alt=\"Demonstranter samler seg foran Det hvite hus, med venezuelanske og amerikanske flagg heist. Mange deltakere b\u00e6rer hyse og tilknyttede kl\u00e6r, og det er en atmosf\u00e6re av aktivisme. Solen skinner, og det er tydelige tr\u00e6r i bakgrunnen. Omgivelsene gir kontekst til demonstrasjonens karakter og m\u00e5l. (Bildebeskrivelsen er laget av en KI-tjeneste)\" title=\"Foto: BRENDAN SMIALOWSKI \/ AFP \/ NTB\"\/><\/p>\n<p class=\"\">Tilhengjarar av den Venezuelanske oppisosjonen demonstrerer utanfor Det kvite huset medan Machado m\u00f8tar Trump.<\/p>\n<p>Foto: BRENDAN SMIALOWSKI \/ AFP \/ NTB<\/p>\n<p>Han legg til:<\/p>\n<p>\u2013 Vi forventar at m\u00f8tet med Machado kan hjelpe Trump til \u00e5 forst\u00e5 at m\u00e5let hans for oljeindustrien er avhengig av ein stat som tar vare p\u00e5 rettsstaten.<\/p>\n<p>Han er ein av tilhengarane til Machado og meiner den midlertidige presidenten ikkje er rett kvinne til \u00e5 endre Venezuela.<\/p>\n<p><img decoding=\"async\"   src=\"data:image\/gif;base64,R0lGODlhAQABAIAAAAAAAP\/\/\/yH5BAEAAAAALAAAAAABAAEAAAIBRAA7\" loading=\"eager\" alt=\"Ramon D\u00f8nvold Barreto-Pirela\" title=\"Foto: Oslo Met\"\/><\/p>\n<p class=\"\">Ramon D\u00f8nvold Barreto-Pirela er tilhengjar av Machado.<\/p>\n<p>Foto: Oslo Met<\/p>\n<p>\u2013 Det vil ikkje bli utanlandske investeringar utan rettslege garantiar, noko ikkje Rodriguez kan tilby. Ho er ein del av det same systemet, og er like ansvarleg for skuldingane som USA rettar mot Maduro.<\/p>\n<p>Professor Leiv Marsteintredet ved Universitetet i Bergen meiner Machado h\u00e5par m\u00f8tet kan f\u00f8re til meir press fr\u00e5 USA.<\/p>\n<p>\u2013 Machado h\u00e5par nok \u00e5 f\u00e5 ei eller anna form for forplikting fr\u00e5 Trump om at det skal bli lagt press p\u00e5 det sitjande regimet i Venezuela, til d\u00f8mes ei tidslinje eller ein plan for overgang til demokrati, seier han til NTB.<\/p>\n<p><img decoding=\"async\"   src=\"data:image\/gif;base64,R0lGODlhAQABAIAAAAAAAP\/\/\/yH5BAEAAAAALAAAAAABAAEAAAIBRAA7\" loading=\"eager\" alt=\"En person st\u00e5r med armene krysset foran kroppen, if\u00f8rt en m\u00f8rkebl\u00e5 dressjakke og lys skjorte. Bakgrunnen er ensfarget lys gr\u00e5, noe som gir et n\u00f8ytralt inntrykk. Personen har et langt h\u00e5r og b\u00e6rer et tydelig emblem p\u00e5 dressjakken. Bildet ser ut til \u00e5 v\u00e6re en formell portrettfotografi. (Bildebeskrivelsen er laget av en KI-tjeneste)\" title=\"Foto: Universitetet i Bergen\"\/><\/p>\n<p class=\"\">Marsteintredet trur at opposisjonsledreren ynskjer forpliktingar fr\u00e5 Trump.<\/p>\n<p>Foto: Universitetet i Bergen<\/p>\n<p>Han seier opposisjonen fryktar at Trump kan bli n\u00f8gd med situasjonen slik ho er no.<\/p>\n<p>\u2013 Opposisjonen fryktar nok at Trump skal sj\u00e5 seg n\u00f8gd med det som no er det best\u00e5ande i Venezuela, og at Rodr\u00edguez i tilstrekkeleg grad vil greie \u00e5 oppfylle Trumps \u00f8nske slik at han ikkje legg ytterlegare press p\u00e5 regimet, seier Marsteintredet.<\/p>\n<p>St\u00f8tta av USAs utanriksminister<\/p>\n<p>Mange hadde trudd at Machado skulle f\u00e5 ei rolle etter at USA gjekk til <a href=\"http:\/\/www.nrk.no\/urix\/donald-trump-holder-pressekonferanse-om-bombingen-av-venezuela-og-pagripelsen-av-maduro-1.17712861\" ec-id=\"pp:article:1.17712861\" ec-name=\"angrep p\u00e5 Venezuela\" rel=\"nofollow noopener\" target=\"_blank\">angrep p\u00e5 Venezuela<\/a> i byrjinga av januar.<\/p>\n<p>Landet tok d\u00e5 president Nicol\u00e1s Maduro til fange og f\u00f8rte Maduro og kona hans til New York, der dei no sit i varetekt.<\/p>\n<p><img decoding=\"async\"   src=\"data:image\/gif;base64,R0lGODlhAQABAIAAAAAAAP\/\/\/yH5BAEAAAAALAAAAAABAAEAAAIBRAA7\" loading=\"eager\" alt=\"Delcy Rodriguez\" title=\"Foto: JUAN BARRETO \/ AFP \/ NTB\"\/><\/p>\n<p class=\"\">Visepresident Delcy Rodr\u00edguez vart sette inn som president i Maduros fr\u00e5v\u00e6r.<\/p>\n<p>Foto: JUAN BARRETO \/ AFP \/ NTB<\/p>\n<p>Reaksjonane i Venezuela er delte, ogs\u00e5 blant dei som var imot Maduro.<\/p>\n<p>If\u00f8lge <a href=\"https:\/\/www.bbc.com\/news\/articles\/c801p8jppv5o\" ec-id=\"https:\/\/www.bbc.com\/news\/articles\/c801p8jppv5o\" ec-name=\"BBC\" rel=\"nofollow noopener\" target=\"_blank\">BBC<\/a> st\u00f8ttar nokre angrepet i det stille, medan andre reagerer s\u00e6rleg p\u00e5 utsegner om at USA kan ta kontroll over Venezuela og olja.<\/p>\n<p>Nokre st\u00f8ttar han stille, medan andre reagerer s\u00e6rleg p\u00e5 utsegner om at USA kan ta kontroll over Venezuela og olja.<\/p>\n<p>Samstundes har fredsprisvinnaren i fleire \u00e5r hatt tett kontakt med USAs utanriksminister Marco Rubio, som var blant dei som nominerte ho til prisen.<\/p>\n<p>Rubio har st\u00f8tta kravet hennar om regimeendring i Venezuela.<\/p>\n<p>Machado har ikkje treft Trump tidlegare, men ho snakka med den amerikanske presidenten etter tildelinga av fredsprisen.<\/p>\n<p>Dette er ein pris Trump meiner han hadde fortent, og har ved fleire h\u00f8ve sagt at han kjenner seg forbig\u00e5tt av nobelkomiteen.<\/p>\n<p>D\u00e5 Machado blei tildelt Nobels fredspris, var ho raskt ute og tileigna prisen til Trump.<\/p>\n<p>Det har ogs\u00e5 vore spekulert i om <a href=\"https:\/\/www.bbc.com\/news\/articles\/c801p8jppv5o\" ec-id=\"https:\/\/www.bbc.com\/news\/articles\/c801p8jppv5o\" ec-name=\"ho ville gi Trump medaljen\" rel=\"nofollow noopener\" target=\"_blank\">ho ville gi Trump medaljen<\/a> ho fekk i Oslo i desember.<\/p>\n<p>Men det kan ho ikkje gjere, seier Nobelkomiteen.<\/p>\n<p>\u2013 Ein nobelpris kan verken bli kalla tilbake, bli delt eller gitt til andre. I det kunngjeringa er gjort, st\u00e5r avgjerda til evig tid, sa komiteen i ei <a href=\"https:\/\/www.nobelpeaceprize.org\/presse\/pressemeldinger\/a-nobel-prize-cannot-be-revoked-shared-or-transferred-1\" ec-id=\"https:\/\/www.nobelpeaceprize.org\/presse\/pressemeldinger\/a-nobel-prize-cannot-be-revoked-shared-or-transferred-1\" ec-name=\"melding\" rel=\"nofollow noopener\" target=\"_blank\">melding<\/a> nyleg.<\/p>\n<p>Publisert<\/p>\n<p>15.01.2026, kl. 18.18<\/p>\n<p>Oppdatert<\/p>\n<p>15.01.2026, kl. 18.40<\/p>\n","protected":false},"excerpt":{"rendered":"Torsdag m\u00f8ter USAs president Donald Trump fredsprisvinnar og venezuelansk opposisjonspolitikar Mar\u00eda Corina Machado. M\u00f8tet kjem sj\u00f8lv om Trump&hellip;\n","protected":false},"author":2,"featured_media":138502,"comment_status":"","ping_status":"","sticky":false,"template":"","format":"standard","meta":{"footnotes":""},"categories":[10],"tags":[20,21,24,25,15,22,23,13,30,28,29,14,16,26,27],"class_list":{"0":"post-138501","1":"post","2":"type-post","3":"status-publish","4":"format-standard","5":"has-post-thumbnail","7":"category-norge","8":"tag-breaking-news","9":"tag-breakingnews","10":"tag-featured-news","11":"tag-featurednews","12":"tag-headlines","13":"tag-latest-news","14":"tag-latestnews","15":"tag-news","16":"tag-no","17":"tag-norge","18":"tag-norway","19":"tag-nyheter","20":"tag-overskrifter","21":"tag-top-stories","22":"tag-topstories"},"share_on_mastodon":{"url":"https:\/\/pubeurope.com\/@no\/115900357244488892","error":""},"_links":{"self":[{"href":"https:\/\/www.europesays.com\/no\/wp-json\/wp\/v2\/posts\/138501","targetHints":{"allow":["GET"]}}],"collection":[{"href":"https:\/\/www.europesays.com\/no\/wp-json\/wp\/v2\/posts"}],"about":[{"href":"https:\/\/www.europesays.com\/no\/wp-json\/wp\/v2\/types\/post"}],"author":[{"embeddable":true,"href":"https:\/\/www.europesays.com\/no\/wp-json\/wp\/v2\/users\/2"}],"replies":[{"embeddable":true,"href":"https:\/\/www.europesays.com\/no\/wp-json\/wp\/v2\/comments?post=138501"}],"version-history":[{"count":0,"href":"https:\/\/www.europesays.com\/no\/wp-json\/wp\/v2\/posts\/138501\/revisions"}],"wp:featuredmedia":[{"embeddable":true,"href":"https:\/\/www.europesays.com\/no\/wp-json\/wp\/v2\/media\/138502"}],"wp:attachment":[{"href":"https:\/\/www.europesays.com\/no\/wp-json\/wp\/v2\/media?parent=138501"}],"wp:term":[{"taxonomy":"category","embeddable":true,"href":"https:\/\/www.europesays.com\/no\/wp-json\/wp\/v2\/categories?post=138501"},{"taxonomy":"post_tag","embeddable":true,"href":"https:\/\/www.europesays.com\/no\/wp-json\/wp\/v2\/tags?post=138501"}],"curies":[{"name":"wp","href":"https:\/\/api.w.org\/{rel}","templated":true}]}}