{"id":138503,"date":"2026-01-15T17:44:36","date_gmt":"2026-01-15T17:44:36","guid":{"rendered":"https:\/\/www.europesays.com\/no\/138503\/"},"modified":"2026-01-15T17:44:36","modified_gmt":"2026-01-15T17:44:36","slug":"ingen-i-innovasjon-norge-kan-puste-lettet-ut-nrk-nordland","status":"publish","type":"post","link":"https:\/\/www.europesays.com\/no\/138503\/","title":{"rendered":"\u2013 Ingen i Innovasjon Norge kan puste lettet ut \u2013 NRK Nordland"},"content":{"rendered":"<p>Torsdag fikk de ansatte i Innovasjon Norge den tunge beskjeden p\u00e5 et allm\u00f8te: Selskapet skal nedbemanne med mellom 100 og 110 \u00e5rsverk.<\/p>\n<p>Bakgrunnen er kutt i statsbudsjettet, samt ytterligere kutt p\u00e5 100 millioner kroner etter budsjettforhandlingene p\u00e5 Stortinget.<\/p>\n<p>\u2013 Dette er \u00e5penbart en krevende dag for mange i Innovasjon Norge, innr\u00f8mmer divisjonsdirekt\u00f8r Tina Stiegler overfor NRK.<\/p>\n<p>Alle ansatte med norsk kontrakt f\u00e5r n\u00e5 tilbud om sluttpakke.<\/p>\n<p>Samtidig bekrefter ledelsen i en melding p\u00e5 sine nettsider at kartet skal tegnes p\u00e5 nytt:<\/p>\n<p><strong>\u2013 Det vil bli f\u00e6rre kontorsteder.<\/strong><\/p>\n<p>Innovasjon Norge skriver at de vurderer \u00e5 sl\u00e5 sammen regionkontorer for \u00e5 f\u00e5 \u00abst\u00f8rre fagmilj\u00f8er\u00bb. For \u00e5 kompensere for at egne kontorer forsvinner, skisserer ledelsen en modell der ansatte i st\u00f8rre grad skal sitte ute i lokale n\u00e6ringshager og inkubatorer.<\/p>\n<p>\u2013 Ingen kan puste lettet ut<\/p>\n<p>To kontorer er allerede besluttet lagt ned: Kontorstedet i F\u00f8rde og utekontoret i Sverige avvikles.<\/p>\n<p>Men sparekniven stopper neppe der. I Nord-Norge er frykten stor for at regionskontorene i Nordland (Bod\u00f8) og Finnmark (Vads\u00f8\/Alta) ofres til fordel for en sentralisering i Troms\u00f8.<\/p>\n<ul class=\"dhpg__gallery__list\">\n<li class=\"dhpg__gallery__listItem\"><img alt=\"En kvinne st\u00e5r p\u00e5 en balkong med utsikt over en by, if\u00f8rt en bl\u00e5 dressjakke. Bakgrunnen viser moderne bygninger og en veistrekning. Det er duskregn, og lyset er dempet. Kvinnen ser mot kameraet med et seri\u00f8st uttrykk.\"  width=\"2400\" height=\"2400\" loading=\"lazy\"\/>Tina Stiegler\n<p>Divisjonsdirekt\u00f8r i Innovasjon Norge<\/p>\n<\/li>\n<\/ul>\n<p>Stiegler avviser at det foreligger konkrete planer om \u00e5 legge ned disse kontorene n\u00e5, men hun gir ingen garantier for fremtiden.<\/p>\n<p>\u2013 Kan alle i Nordland puste lettet ut?<\/p>\n<p>\u2013 Jeg vet at mange er urolige for at v\u00e5rt regionkontor i Bod\u00f8 skal legges ned. Det er ikke til diskusjon eller vurdering n\u00e5.<\/p>\n<p>Samtidig legger hun til:<\/p>\n<p>\u2013 Men ingen i Innovasjon Norge kan puste lettet ut i dag. Vi har f\u00e5tt betydelige kutt i v\u00e5re bevilgninger, og vi skal gjennom store bemanningsreduksjoner. S\u00e5 det er nok ingen i Innovasjon Norge som puster lettet ut i dag, sier Stiegler til NRK.<\/p>\n<p>Truer med \u00e5 stenge pengekrana<\/p>\n<p>Dersom Innovasjon Norge ser seg n\u00f8dt til \u00e5 sentralisere virksomheten i Troms\u00f8, kan det f\u00e5 umiddelbare konsekvenser for finansieringen fra Nordland.<\/p>\n<p>Fylkesr\u00e5dsleder i Nordland, Marianne Dobak Kvensj\u00f8 (H), kaller planene en skandale, og kommer med en klar advarsel:<\/p>\n<p>Fylkeskommunen bidrar \u00e5rlig med nesten 100 millioner kroner til Innovasjon Norges pott. Disse pengene sitter n\u00e5 l\u00f8st.<\/p>\n<p>\u2013 Hvis vi n\u00e5 skal sende pengene til en postkasse i Troms\u00f8, s\u00e5 vet vi at v\u00e5rt n\u00e6ringsliv ikke kommer til \u00e5 se de pengene igjen, sier Kvensj\u00f8.<\/p>\n<ul class=\"dhpg__gallery__list\">\n<li class=\"dhpg__gallery__listItem\"><img alt=\"En kvinne med halvlangt h\u00e5r og briller. Hun ser i kamera. \"  width=\"2400\" height=\"2400\" loading=\"lazy\"\/>Marianne Dobak Kvensj\u00f8\n<p>Fylkesr\u00e5dsleder i Nordland (H)<\/p>\n<\/li>\n<\/ul>\n<p>\u2013 Betyr det at fylkeskommunen vil bruke pengene p\u00e5 noe annet?<\/p>\n<p>\u2013 Vi kommer til \u00e5 st\u00f8tte n\u00e6ringslivet v\u00e5rt. Innovasjon Norge skal v\u00e6re et verkt\u00f8y som kommer oss til gode. Det er stor forskjell p\u00e5 n\u00e6ringslivet i Nordland og Troms, sier hun.<\/p>\n<p>Kvensj\u00f8 har n\u00e5 to sp\u00f8rsm\u00e5l hun krever at n\u00e6ringsminister Cecilie Myrseth (Ap) svarer p\u00e5:<\/p>\n<p>\u2013 N\u00e5r fikk du vite dette, og hvorfor har du ikke stoppet det?<\/p>\n<p>Vil kalle inn til eierm\u00f8te<\/p>\n<p>Ogs\u00e5 lenger nord er temperaturen h\u00f8y. Fylkesordf\u00f8rer i Finnmark, Hans-Jacob B\u00f8n\u00e5 (H), gj\u00f8r det klart at han er villig til \u00e5 bruke harde midler for \u00e5 stoppe en eventuell nedleggelse av kontorene i Vads\u00f8 og Alta.<\/p>\n<p>\u2013 Om det er korrekt at vi risikerer \u00e5 f\u00e5 sentralisert bort de to kontorene vi har i Finnmark, s\u00e5 m\u00e5 jeg ta en prat med mine fylkeskollegaer i b\u00e5de Troms og Nordland.<\/p>\n<ul class=\"dhpg__gallery__list\">\n<li class=\"dhpg__gallery__listItem\"><img alt=\"HansJacob B\u00f8n\u00e5\"  width=\"2400\" height=\"2400\" loading=\"lazy\"\/>Hans-Jacob B\u00f8n\u00e5\n<p>Fylkesordf\u00f8rer Finnmark (H)<\/p>\n<\/li>\n<\/ul>\n<p>Han varsler at han vil ta initiativ til et politisk oppgj\u00f8r ved \u00e5 bruke eiermakten fylkene sitter p\u00e5.<\/p>\n<p>Innovasjon Norge eies nemlig 51 prosent av staten, men hele 49 prosent eies av fylkeskommunene i fellesskap.<\/p>\n<p>\u2013 Vi m\u00e5 vurdere om vi sammen skal be om et ekstraordin\u00e6rt eierm\u00f8te i Innovasjon Norge. Eller s\u00e5 m\u00e5 jeg rett og slett vurdere om jeg p\u00e5 vegne av Finnmark skal kreve det, sier B\u00f8n\u00e5.<\/p>\n<p>Han mener n\u00e6rhet til gr\u00fcndere er avgj\u00f8rende.<\/p>\n<p>\u2013 Det er levebr\u00f8det til vanlige mennesker. Jeg nekter \u00e5 godta dette, sier fylkesordf\u00f8reren.<\/p>\n<p>\u2013 Helt feil vei \u00e5 g\u00e5<\/p>\n<p>Stortingsrepresentant Bent-Joacim Bentzen (Sp) reagerer kraftig dersom deler av Nordland-kontorene ofres.<\/p>\n<p>\u2013 Det er i Nordland verdiskapingen skjer. Dette aksepterer jeg ikke, tordner Bentzen.<\/p>\n<ul class=\"dhpg__gallery__list\">\n<li class=\"dhpg__gallery__listItem\"><img alt=\"Mann med lyst kort h\u00e5r og dressjakke ser i kamera\"  width=\"2400\" height=\"2400\" loading=\"lazy\"\/>Bent-Joacim Bentzen\n<p>Stortingsrepresentant (SP)<\/p>\n<\/li>\n<\/ul>\n<p>Han har n\u00e5 sendt et skriftlig <a href=\"https:\/\/stortinget.no\/no\/Saker-og-publikasjoner\/Sporsmal\/Skriftlige-sporsmal-og-svar\/Skriftlig-sporsmal\/?qnid=114212\" ec-id=\"https:\/\/stortinget.no\/no\/Saker-og-publikasjoner\/Sporsmal\/Skriftlige-sporsmal-og-svar\/Skriftlig-sporsmal\/\" ec-name=\"sp\u00f8rsm\u00e5l\" rel=\"nofollow noopener\" target=\"_blank\">sp\u00f8rsm\u00e5l<\/a> til n\u00e6ringsminister Cecilie Myrseth (Ap). Der ber han statsr\u00e5den bekrefte at det er uaktuelt \u00e5 flytte arbeidsplasser ut av fylket, og viser til de store verdiene som skapes i Nordland.<\/p>\n<p>\u2013 Det man heller burde gjort, var \u00e5 styrke Innovasjon Norge i hele Nord-Norge. Det er helt feil vei \u00e5 g\u00e5, sier han.<\/p>\n<p>Bentzen peker p\u00e5 at Nordland st\u00e5r for to tredjedeler av eksportinntektene fra landsdelen, blant annet innen havbruk og romfart.<\/p>\n<p>Fakta om Innovasjon Norge i Nordland<\/p>\n<ul>\n<li>Regionskontoret delte i 2024 ut totalt 1,01 milliarder kroner til n\u00e6ringslivet i fylket.<\/li>\n<li>Selv om Nordland bare har 4,5 prosent av befolkningen, mottok fylket hele 10 prosent av Innovasjon Norges totale tildelinger nasjonalt i fjor.<\/li>\n<li>Av pengene som deles ut i fylket, er 68 prosent nasjonale midler som kontoret henter hjem, mens 22 prosent er fylkeskommunale midler.<\/li>\n<li>Kontoret har finansiert store industrisatsinger, som romfartsselskapet ISAR Aerospace p\u00e5 And\u00f8ya (200 mill. kr) og Arctic Sapphire i Fauske (77 mill. kr).<\/li>\n<li>Selskapet eies 51 prosent av staten og 49 prosent av fylkeskommunene.<\/li>\n<\/ul>\n<p>Se mot hovedkontoret<\/p>\n<p>Bentzen mener Innovasjon Norge heller b\u00f8r se mot sitt eget hovedkontor hvis de skal spare penger.<\/p>\n<p>\u2013 Det er en stor etat, og mesteparten sitter i Oslo. Der mener vi det er rom for \u00e5 gj\u00f8re kutt. Men det betyr ikke at vi skal kutte i regionkontorene, sier Sp-politikeren.<\/p>\n<p>Han f\u00e5r st\u00f8tte av fylkesordf\u00f8rer B\u00f8n\u00e5 i Finnmark, som advarer mot at Innovasjon Norge mister bakkekontakten.<\/p>\n<p>\u2013 Du sitter uansett ikke s\u00e5 tett p\u00e5 om du sitter i Vads\u00f8 eller i Alta, men du sitter i hvert fall mye tettere p\u00e5 enn om du sentraliserer til Troms\u00f8. Jo lenger vekk du flytter, jo mindre relevant blir man, sier B\u00f8n\u00e5.<\/p>\n<p>Publisert<\/p>\n<p>15.01.2026, kl. 08.26<\/p>\n<p>Oppdatert<\/p>\n<p>15.01.2026, kl. 18.07<\/p>\n","protected":false},"excerpt":{"rendered":"Torsdag fikk de ansatte i Innovasjon Norge den tunge beskjeden p\u00e5 et allm\u00f8te: Selskapet skal nedbemanne med mellom&hellip;\n","protected":false},"author":2,"featured_media":137976,"comment_status":"","ping_status":"","sticky":false,"template":"","format":"standard","meta":{"footnotes":""},"categories":[5],"tags":[20,21,24,25,15,19,22,23,17,18,13,30,28,29,14,16,26,27],"class_list":{"0":"post-138503","1":"post","2":"type-post","3":"status-publish","4":"format-standard","5":"has-post-thumbnail","7":"category-overskrifter","8":"tag-breaking-news","9":"tag-breakingnews","10":"tag-featured-news","11":"tag-featurednews","12":"tag-headlines","13":"tag-hovedoppslag","14":"tag-latest-news","15":"tag-latestnews","16":"tag-main-news","17":"tag-mainnews","18":"tag-news","19":"tag-no","20":"tag-norge","21":"tag-norway","22":"tag-nyheter","23":"tag-overskrifter","24":"tag-top-stories","25":"tag-topstories"},"share_on_mastodon":{"url":"https:\/\/pubeurope.com\/@no\/115900361087808792","error":""},"_links":{"self":[{"href":"https:\/\/www.europesays.com\/no\/wp-json\/wp\/v2\/posts\/138503","targetHints":{"allow":["GET"]}}],"collection":[{"href":"https:\/\/www.europesays.com\/no\/wp-json\/wp\/v2\/posts"}],"about":[{"href":"https:\/\/www.europesays.com\/no\/wp-json\/wp\/v2\/types\/post"}],"author":[{"embeddable":true,"href":"https:\/\/www.europesays.com\/no\/wp-json\/wp\/v2\/users\/2"}],"replies":[{"embeddable":true,"href":"https:\/\/www.europesays.com\/no\/wp-json\/wp\/v2\/comments?post=138503"}],"version-history":[{"count":0,"href":"https:\/\/www.europesays.com\/no\/wp-json\/wp\/v2\/posts\/138503\/revisions"}],"wp:featuredmedia":[{"embeddable":true,"href":"https:\/\/www.europesays.com\/no\/wp-json\/wp\/v2\/media\/137976"}],"wp:attachment":[{"href":"https:\/\/www.europesays.com\/no\/wp-json\/wp\/v2\/media?parent=138503"}],"wp:term":[{"taxonomy":"category","embeddable":true,"href":"https:\/\/www.europesays.com\/no\/wp-json\/wp\/v2\/categories?post=138503"},{"taxonomy":"post_tag","embeddable":true,"href":"https:\/\/www.europesays.com\/no\/wp-json\/wp\/v2\/tags?post=138503"}],"curies":[{"name":"wp","href":"https:\/\/api.w.org\/{rel}","templated":true}]}}