{"id":138506,"date":"2026-01-15T17:50:15","date_gmt":"2026-01-15T17:50:15","guid":{"rendered":"https:\/\/www.europesays.com\/no\/138506\/"},"modified":"2026-01-15T17:50:15","modified_gmt":"2026-01-15T17:50:15","slug":"mann-siktet-for-overgrep-mot-barn-nrk-more-og-romsdal-lokale-nyheter-tv-og-radio","status":"publish","type":"post","link":"https:\/\/www.europesays.com\/no\/138506\/","title":{"rendered":"Mann siktet for overgrep mot barn \u2013 NRK M\u00f8re og Romsdal \u2013 Lokale nyheter, TV og radio"},"content":{"rendered":"<p>Mannen ble p\u00e5grepet av politiet i desember, siktet for seksuallovbrudd mot barn.<\/p>\n<p>Han ble da varetektsfengslet i to uker med brev- og bes\u00f8ksforbud fordi p\u00e5talemakten mente det var grunn til \u00e5 tro at bevis kunne bli \u00f8delagt.<\/p>\n<p>P\u00e5taleansvarlig Merete Falkevik sier til NRK at de etter dette ikke hadde grunnlag for \u00e5 forlenge varetektsfengslingen. <\/p>\n<p><strong>Mannen er blant annet siktet for seksuell omgang med barn under 16 \u00e5r. <\/strong><\/p>\n<p>\u2013 Seksuell omgang med mindre\u00e5rige er det politiet ser alvorlig p\u00e5, s\u00e6rlig n\u00e5r mindre\u00e5rige er forn\u00e6rmet, sier politiadvokat Merethe Falkevik i M\u00f8re og Romsdal politidistrikt. .<\/p>\n<p>\u2013 Dette er en sakstype vi prioriterer og vi jobber kontinuerlig med saken.<\/p>\n<p><strong>Torsdag opplyser politiadvokaten at siktelsen omhandler flere personer. <\/strong><\/p>\n<p>Retten forb\u00f8d pressen \u00e5 gjengi saken da mannen ble fengslet, men dette forbudet ble opphevet onsdag.<\/p>\n<p>Mannen har innr\u00f8mmet seksuell omgang<\/p>\n<p>Mannen har if\u00f8lge kjennelsen innr\u00f8mmet \u00e5 ha hatt seksuell omgang med en person som p\u00e5 gjerningstidspunktet var 15 \u00e5r.<\/p>\n<p>Mannen er ogs\u00e5 siktet for \u00e5 ha filmet overgrepet og for \u00e5 skulle ha delt seksualiserte bilder av seg selv med den forn\u00e6rmede.<\/p>\n<p>Det er ikke kjent hvordan mannen stiller seg til siktelsen.<\/p>\n<p>Det har ikke lyktes NRK \u00e5 f\u00e5 en kommentar fra mannens forsvarer.<\/p>\n<p>Publisert<\/p>\n<p>15.01.2026, kl. 12.59<\/p>\n<p>Oppdatert<\/p>\n<p>15.01.2026, kl. 15.49<\/p>\n","protected":false},"excerpt":{"rendered":"Mannen ble p\u00e5grepet av politiet i desember, siktet for seksuallovbrudd mot barn. Han ble da varetektsfengslet i to&hellip;\n","protected":false},"author":2,"featured_media":138507,"comment_status":"","ping_status":"","sticky":false,"template":"","format":"standard","meta":{"footnotes":""},"categories":[10],"tags":[20,21,24,25,15,22,23,13,30,28,29,14,16,26,27],"class_list":{"0":"post-138506","1":"post","2":"type-post","3":"status-publish","4":"format-standard","5":"has-post-thumbnail","7":"category-norge","8":"tag-breaking-news","9":"tag-breakingnews","10":"tag-featured-news","11":"tag-featurednews","12":"tag-headlines","13":"tag-latest-news","14":"tag-latestnews","15":"tag-news","16":"tag-no","17":"tag-norge","18":"tag-norway","19":"tag-nyheter","20":"tag-overskrifter","21":"tag-top-stories","22":"tag-topstories"},"share_on_mastodon":{"url":"https:\/\/pubeurope.com\/@no\/115900384768276131","error":""},"_links":{"self":[{"href":"https:\/\/www.europesays.com\/no\/wp-json\/wp\/v2\/posts\/138506","targetHints":{"allow":["GET"]}}],"collection":[{"href":"https:\/\/www.europesays.com\/no\/wp-json\/wp\/v2\/posts"}],"about":[{"href":"https:\/\/www.europesays.com\/no\/wp-json\/wp\/v2\/types\/post"}],"author":[{"embeddable":true,"href":"https:\/\/www.europesays.com\/no\/wp-json\/wp\/v2\/users\/2"}],"replies":[{"embeddable":true,"href":"https:\/\/www.europesays.com\/no\/wp-json\/wp\/v2\/comments?post=138506"}],"version-history":[{"count":0,"href":"https:\/\/www.europesays.com\/no\/wp-json\/wp\/v2\/posts\/138506\/revisions"}],"wp:featuredmedia":[{"embeddable":true,"href":"https:\/\/www.europesays.com\/no\/wp-json\/wp\/v2\/media\/138507"}],"wp:attachment":[{"href":"https:\/\/www.europesays.com\/no\/wp-json\/wp\/v2\/media?parent=138506"}],"wp:term":[{"taxonomy":"category","embeddable":true,"href":"https:\/\/www.europesays.com\/no\/wp-json\/wp\/v2\/categories?post=138506"},{"taxonomy":"post_tag","embeddable":true,"href":"https:\/\/www.europesays.com\/no\/wp-json\/wp\/v2\/tags?post=138506"}],"curies":[{"name":"wp","href":"https:\/\/api.w.org\/{rel}","templated":true}]}}