{"id":138514,"date":"2026-01-15T17:58:49","date_gmt":"2026-01-15T17:58:49","guid":{"rendered":"https:\/\/www.europesays.com\/no\/138514\/"},"modified":"2026-01-15T17:58:49","modified_gmt":"2026-01-15T17:58:49","slug":"kjopmannen-merker-godt-endringen-som-skjedde-fra-nyttar-tronderbladet-no","status":"publish","type":"post","link":"https:\/\/www.europesays.com\/no\/138514\/","title":{"rendered":"Kj\u00f8pmannen merker godt endringen som skjedde fra nytt\u00e5r &#8211; tronderbladet.no"},"content":{"rendered":"<ol>\n<li><a href=\"https:\/\/news.google.com\/rss\/articles\/CBMipgFBVV95cUxOc2FGOTRWeTRkeTNyRm9ZWHI2bWNzZFZwZm80anpHd0ZsUGRUSVVySXp1WEVyTXNYZmNzLVJWaGZseEtBaVlNV2pUSU9jY09wVnJJQUZtMlJjY1ZMOFg4OFZMQ3RZdXFXa3NwcTdvOEt3UGhEVUY2RVVlNEV3bUJjdkFlNWFOdGlIa0RiRFZQenNXMnlfVTQ2SjdYZDBtcUhoUnR0ZUl3?oc=5\" target=\"_blank\" rel=\"nofollow noopener\">Kj\u00f8pmannen merker godt endringen som skjedde fra nytt\u00e5r<\/a>&nbsp;&nbsp;tronderbladet.no<\/li>\n<li><a href=\"https:\/\/news.google.com\/rss\/articles\/CBMikgFBVV95cUxPNHJlbjlaeTIzMHdPUHRhWDBzS29IM0dOOTdNWDBDQ19ONzB4NkhveExrZENYMFVzblJKaVB1MFRwVm4xaFpOVjBfWmJ2NTM3T1kyU1Qtd2dnT0NFLVlsRG5ibnBuNWtCbXRKOTFYajIzcmFHbmRZdVFLVTNSOENZV0ZPNlJUTUgzaVV0aENLZkg1dw?oc=5\" target=\"_blank\" rel=\"nofollow noopener\">N\u00e5 m\u00e5 Marion si nei til 15-\u00e5ringene: \u2013 Lettere for oss<\/a>&nbsp;&nbsp;Drammens Tidende<\/li>\n<li><a href=\"https:\/\/news.google.com\/rss\/articles\/CBMid0FVX3lxTE9acDZCc1ZVT2h5bDhfTnc0M3plVjRyc2ppOWU3YUJLZ1UyZXFrNDhyZkN1WXVqZllhNDVFdVJPNnU0cW1oamw4VTJSNzlEV192d2hhNE9zMHF4YmFfQlR0T0NvRzlUVkpOWHp4cHIxRTkwTTRwQkRv?oc=5\" target=\"_blank\" rel=\"nofollow noopener\">Lokale nyheter, Rema 1000 | Aldersgrense skaper nye utfordringer<\/a>&nbsp;&nbsp;Porsgrunns Dagblad<\/li>\n<li><a href=\"https:\/\/news.google.com\/rss\/articles\/CBMikgFBVV95cUxQZkp1d1RWZGFRcHJVS1U0bHFPTGhmVjJueVVBSFFOODl5dndKYTlvVzA1OVRDTElLQkN3MzBCSW5GdVBnOTc1bm1QMTI3Rm5WRWpYUm1nR3pvUnYyRU1RZXZLbDBueWt5NmFaMlVMcDVjNVljUDRMdnBJbENvS2tkWWhMUWtCMVc3QWkzVFlDYmZLQQ?oc=5\" target=\"_blank\" rel=\"nofollow noopener\">\u2013 Vi var jo gamle nok for bare noen uker siden<\/a>&nbsp;&nbsp;Stavanger Aftenblad<\/li>\n<li><a href=\"https:\/\/news.google.com\/rss\/articles\/CBMirwFBVV95cUxNdDZuUXdVYWczeXoxeHlnRU1wZU1kZmU2VjY5ZTNSdlliVUlzZmlxUzBBQVVRZXdGUnVFNGZTRFhmeVZZcTNBcFNDS3lwLTEyZ2o2ODdueV9rUU5aWWVGc3FjUUhpaXl0ZW1pREdyMkZFcDZYLWZNazdJZ2dVR2wyNHhjSmpLaUduQi15ZEw5OS00Yl9WZFplR0UwTklUaTZ3Q1JaeHdjWDJUa3BIaWUw?oc=5\" target=\"_blank\" rel=\"nofollow noopener\">Hvordan spare 100.000 p\u00e5 fem \u00e5r &#8211; i stedet for \u00e5 drikke dem bort p\u00e5 energidrikk<\/a>&nbsp;&nbsp;Telemarksavisa<\/li>\n<\/ol>\n","protected":false},"excerpt":{"rendered":"Kj\u00f8pmannen merker godt endringen som skjedde fra nytt\u00e5r&nbsp;&nbsp;tronderbladet.no N\u00e5 m\u00e5 Marion si nei til 15-\u00e5ringene: \u2013 Lettere for&hellip;\n","protected":false},"author":2,"featured_media":138515,"comment_status":"","ping_status":"","sticky":false,"template":"","format":"standard","meta":{"footnotes":""},"categories":[10],"tags":[20,21,24,25,15,22,23,13,30,28,29,14,16,26,27],"class_list":{"0":"post-138514","1":"post","2":"type-post","3":"status-publish","4":"format-standard","5":"has-post-thumbnail","7":"category-norge","8":"tag-breaking-news","9":"tag-breakingnews","10":"tag-featured-news","11":"tag-featurednews","12":"tag-headlines","13":"tag-latest-news","14":"tag-latestnews","15":"tag-news","16":"tag-no","17":"tag-norge","18":"tag-norway","19":"tag-nyheter","20":"tag-overskrifter","21":"tag-top-stories","22":"tag-topstories"},"share_on_mastodon":{"url":"https:\/\/pubeurope.com\/@no\/115900420156967206","error":""},"_links":{"self":[{"href":"https:\/\/www.europesays.com\/no\/wp-json\/wp\/v2\/posts\/138514","targetHints":{"allow":["GET"]}}],"collection":[{"href":"https:\/\/www.europesays.com\/no\/wp-json\/wp\/v2\/posts"}],"about":[{"href":"https:\/\/www.europesays.com\/no\/wp-json\/wp\/v2\/types\/post"}],"author":[{"embeddable":true,"href":"https:\/\/www.europesays.com\/no\/wp-json\/wp\/v2\/users\/2"}],"replies":[{"embeddable":true,"href":"https:\/\/www.europesays.com\/no\/wp-json\/wp\/v2\/comments?post=138514"}],"version-history":[{"count":0,"href":"https:\/\/www.europesays.com\/no\/wp-json\/wp\/v2\/posts\/138514\/revisions"}],"wp:featuredmedia":[{"embeddable":true,"href":"https:\/\/www.europesays.com\/no\/wp-json\/wp\/v2\/media\/138515"}],"wp:attachment":[{"href":"https:\/\/www.europesays.com\/no\/wp-json\/wp\/v2\/media?parent=138514"}],"wp:term":[{"taxonomy":"category","embeddable":true,"href":"https:\/\/www.europesays.com\/no\/wp-json\/wp\/v2\/categories?post=138514"},{"taxonomy":"post_tag","embeddable":true,"href":"https:\/\/www.europesays.com\/no\/wp-json\/wp\/v2\/tags?post=138514"}],"curies":[{"name":"wp","href":"https:\/\/api.w.org\/{rel}","templated":true}]}}