{"id":138524,"date":"2026-01-15T18:05:31","date_gmt":"2026-01-15T18:05:31","guid":{"rendered":"https:\/\/www.europesays.com\/no\/138524\/"},"modified":"2026-01-15T18:05:31","modified_gmt":"2026-01-15T18:05:31","slug":"utlyser-veikontrakter-for-milliardbelop-i-midt-norge-mn24-no","status":"publish","type":"post","link":"https:\/\/www.europesays.com\/no\/138524\/","title":{"rendered":"Utlyser veikon\u00adtrakter for milli\u00adardbel\u00f8p i Midt-Norge &#8211; mn24.no"},"content":{"rendered":"<ol>\n<li><a href=\"https:\/\/news.google.com\/rss\/articles\/CBMilAFBVV95cUxOUDhkZENLb3YxVHRaOWlxY3Njb2Rsb0xnSmlmWlNtZlpFSS1Ld0k1WlJPUkZsQ1R0anZIVUU5bF9Pamg1dEhld1ZwYUNubTRTU0dLNlJDcWhPR0pGZWpUSmlBOEVWcWhUNVpNeTItQmJDY2JMV3YwUEhSMWxKR0lOREwtcFBsVkRkRU80STZWV2tva0py?oc=5\" target=\"_blank\" rel=\"nofollow noopener\">Utlyser veikon\u00adtrakter for milli\u00adardbel\u00f8p i Midt-Norge<\/a>&nbsp;&nbsp;mn24.no<\/li>\n<li><a href=\"https:\/\/news.google.com\/rss\/articles\/CBMiqwFBVV95cUxQQ24zVFkxZmlMX0hIckxfV1FZLXVsWVk3ejltNzBCMkxnQjQ3ZDV5UVc4ZXpEbDhNRk5ITU1wRkZvalVXREZHVjJrSUgzLXNYR0RPZy14VkJJSFcxd2NIdHRtVXlubURrMUNfVWEyNC13b19oQWZaNm8xODNfQ3FnQ216cW83b2pSYUZsRFF4UVRtYnJfSHo1TEZRSndoN0o0VkdRXzcwMGNLVjA?oc=5\" target=\"_blank\" rel=\"nofollow noopener\">(+) Vegvesenet l\u00f8fter frem kommende milliardutlysninger<\/a>&nbsp;&nbsp;Bygg.no<\/li>\n<li><a href=\"https:\/\/news.google.com\/rss\/articles\/CBMia0FVX3lxTE0wdmstUjhydU1qRGNrU3ItdERneWNUUmVfNV9FcWlMVnpLemhEcHNyQlNVSncwM3AydXNnaEdDVFNEMklyQ2luQzI0VzlZN1R1UkF0WEcwZEtiMnRKdUUzUlNiejU5XzRBeVYw?oc=5\" target=\"_blank\" rel=\"nofollow noopener\">(+) Vegvesenet med mest i nord<\/a>&nbsp;&nbsp;at.no<\/li>\n<li><a href=\"https:\/\/news.google.com\/rss\/articles\/CBMizgFBVV95cUxNTk1LUnpUeEU1MUsxU0FDMmVrYjdMbFZ5M2RUM2VtTjFkbDMwaVQ2VS1kYkcyWjRxOHowUDVYOFBfTjgzeEpkNy1HbXhHZGlCQXZiMndJVlBYV1RrNFBHWExpWlZ1RXJfaExwWG9xaHJ2RFZtSy1jNE1LdVYwa0ZZSW5BRVpONzY1d0ttM2JLRE9nS21WOHBGQXZUanZKOVRhbXZoWUpzRmZFZF9tZDlPdDZ3S2dGSWhlSmNlaXZXN01HdzJxd2ZrN2dtdjFiZw?oc=5\" target=\"_blank\" rel=\"nofollow noopener\">N\u00e6ringsliv, Trafikk | Vegvesenet skal lyse ut 20 kontrakter i l\u00f8pet av \u00e5ret: Eiger\u00f8y bru er langt framme i k\u00f8en<\/a>&nbsp;&nbsp;Dalane Tidende<\/li>\n<li><a href=\"https:\/\/news.google.com\/rss\/articles\/CBMijwFBVV95cUxNQWNMeUkxQ1EyZnpRalJ3eTJSVzBtX0lpY29xTHdyNHRLeFBfeHZQeVJwc2E0N0lvRml4czlLelJkMS1UbHh3bTBXN0I1bEJibjhLTkFneTBCWC1UUDFxZmtqZlBEWjZuTmFubnVhRHRXRFJQVUdZTnRvNGtCLWhlamV1TEVRdWI3MkhEbF9icw?oc=5\" target=\"_blank\" rel=\"nofollow noopener\">Statens vegvesen, Anbud | Vei- og brujobber for opptil 900 millioner p\u00e5 Nordm\u00f8re<\/a>&nbsp;&nbsp;Tidens Krav<\/li>\n<\/ol>\n","protected":false},"excerpt":{"rendered":"Utlyser veikon\u00adtrakter for milli\u00adardbel\u00f8p i Midt-Norge&nbsp;&nbsp;mn24.no (+) Vegvesenet l\u00f8fter frem kommende milliardutlysninger&nbsp;&nbsp;Bygg.no (+) Vegvesenet med mest i nord&nbsp;&nbsp;at.no&hellip;\n","protected":false},"author":2,"featured_media":138525,"comment_status":"","ping_status":"","sticky":false,"template":"","format":"standard","meta":{"footnotes":""},"categories":[10],"tags":[20,21,24,25,15,22,23,13,30,28,29,14,16,26,27],"class_list":{"0":"post-138524","1":"post","2":"type-post","3":"status-publish","4":"format-standard","5":"has-post-thumbnail","7":"category-norge","8":"tag-breaking-news","9":"tag-breakingnews","10":"tag-featured-news","11":"tag-featurednews","12":"tag-headlines","13":"tag-latest-news","14":"tag-latestnews","15":"tag-news","16":"tag-no","17":"tag-norge","18":"tag-norway","19":"tag-nyheter","20":"tag-overskrifter","21":"tag-top-stories","22":"tag-topstories"},"share_on_mastodon":{"url":"https:\/\/pubeurope.com\/@no\/115900443931389878","error":""},"_links":{"self":[{"href":"https:\/\/www.europesays.com\/no\/wp-json\/wp\/v2\/posts\/138524","targetHints":{"allow":["GET"]}}],"collection":[{"href":"https:\/\/www.europesays.com\/no\/wp-json\/wp\/v2\/posts"}],"about":[{"href":"https:\/\/www.europesays.com\/no\/wp-json\/wp\/v2\/types\/post"}],"author":[{"embeddable":true,"href":"https:\/\/www.europesays.com\/no\/wp-json\/wp\/v2\/users\/2"}],"replies":[{"embeddable":true,"href":"https:\/\/www.europesays.com\/no\/wp-json\/wp\/v2\/comments?post=138524"}],"version-history":[{"count":0,"href":"https:\/\/www.europesays.com\/no\/wp-json\/wp\/v2\/posts\/138524\/revisions"}],"wp:featuredmedia":[{"embeddable":true,"href":"https:\/\/www.europesays.com\/no\/wp-json\/wp\/v2\/media\/138525"}],"wp:attachment":[{"href":"https:\/\/www.europesays.com\/no\/wp-json\/wp\/v2\/media?parent=138524"}],"wp:term":[{"taxonomy":"category","embeddable":true,"href":"https:\/\/www.europesays.com\/no\/wp-json\/wp\/v2\/categories?post=138524"},{"taxonomy":"post_tag","embeddable":true,"href":"https:\/\/www.europesays.com\/no\/wp-json\/wp\/v2\/tags?post=138524"}],"curies":[{"name":"wp","href":"https:\/\/api.w.org\/{rel}","templated":true}]}}