{"id":138537,"date":"2026-01-15T18:25:11","date_gmt":"2026-01-15T18:25:11","guid":{"rendered":"https:\/\/www.europesays.com\/no\/138537\/"},"modified":"2026-01-15T18:25:11","modified_gmt":"2026-01-15T18:25:11","slug":"vagan-vestvagoy-utbetaler-rekordstort-utbytte-til-medlemmene-i-lofoten","status":"publish","type":"post","link":"https:\/\/www.europesays.com\/no\/138537\/","title":{"rendered":"V\u00e5gan, Vestv\u00e5g\u00f8y | Utbetaler rekordstort utbytte til medlemmene i Lofoten"},"content":{"rendered":"\n<p>Butikksjef Anders Myklebust Olsen er stolt og inspirert av at medlemmene f\u00e5r utbetalt et rekordstort utbytte, melder Coop i en pressemelding torsdag ettermiddag.<\/p>\n<p>\u2013 Dette er tall vi er veldig stolte av. Vi g\u00e5r p\u00e5 jobb hver dag for at det skal l\u00f8nne seg for kundene \u00e5 handle her hos oss, og \u00e5 v\u00e6re medlem i Coop Nord. N\u00e5r vi kan utbetale et rekordh\u00f8yt kj\u00f8peutbytte, er dette et tegn p\u00e5 at vi lykkes, og det er veldig inspirerende, sier butikksjef Myklebust Olsen ved Extra Svolv\u00e6r.<\/p>\n<p>Flere medlemmer<\/p>\n<p>I tillegg til kj\u00f8peutbytte kan Coop-medlemmer benytte seg av andre tilbud som kupongrabatter og medlemskupp. Tar man med disse har medlemmene ved Extra Svolv\u00e6r sin samlede \u00f8konomiske gevinst v\u00e6rt 5,2 millioner kroner i 2025 \u2013 en \u00f8kning p\u00e5 62,5 prosent fra \u00e5ret f\u00f8r, hevder Coop.<\/p>\n<p>\u2013 Det er tre grunner til den store \u00f8kningen. For det f\u00f8rste vedtok styret i Coop Nord \u00e5 fastsette kj\u00f8peutbyttet til tre prosent. For det andre har vi \u00f8kt medlemstallet betydelig. Og for det tredje har vi opplevd en \u00f8kt lojalitet blant kunder og medlemmer, forklarer Myklebust Olsen.<\/p>\n<p>Kj\u00f8peutbytte og bonus settes n\u00e5 inn p\u00e5 den enkeltes medlemskonto i samvirkelaget. Medlemmene velger selv om de \u00f8nsker \u00e5 ta ut pengene, eller om de fortsatt vil la pengene st\u00e5 p\u00e5 den renteb\u00e6rende kontoen.<\/p>\n<p>Vil \u00f8ke mer<\/p>\n<p>Ogs\u00e5 administrerende direkt\u00f8r Yngve Haldorsen i Coop Nord sier seg stolt over resultatene for 2025, i f\u00f8lge pressemeldingenn<\/p>\n<p>\u2013 N\u00e5r vi setter rekord i kj\u00f8peutbytte, er dette en sum jeg er veldig glad for \u00e5 betale. Betaling av kj\u00f8peutbytte er noe av kjernen i egenarten v\u00e5r. Vi er eid av medlemmene v\u00e5re, og dette er noe av det som gj\u00f8r oss annerledes i forhold til dem vi konkurrerer mot, sier Haldorsen, og forteller at de samlede \u00f8konomiske medlemsfordelene i Coop Nord i 2025 bel\u00f8per seg til 290,8 millioner kroner.<\/p>\n<p>I 2026 er m\u00e5let at summene skal bli enda st\u00f8rre, hevder kjeden. For 2026 har styret i Coop Nord besluttet \u00e5 fastsette kj\u00f8peutbyttet til hele fem prosent.<\/p>\n<p>\u2013 Dette gj\u00f8r at vi i jubileums\u00e5ret v\u00e5rt har h\u00e5p om \u00e5 n\u00e6rme oss 400 millioner kroner i samlet \u00f8konomisk gevinst for medlemmene v\u00e5re, sier han.<\/p>\n<p>   <img decoding=\"async\" width=\"587\" height=\"390\" fetchpriority=\"low\"  loading=\"lazy\"  src=\"https:\/\/www.europesays.com\/no\/wp-content\/uploads\/2026\/01\/unnamed+-+2026-01-15T165936.090.jpg\" alt=\"\" class=\"brick-c-cFOWSL\" style=\"--brick-image-ratio: 587 \/ 390;\"\/><\/p>\n<p>      Administrerende direkt\u00f8r Yngve Haldorsen i Coop Nord.<br \/>\n      Foto: Coop Nord\n    <\/p>\n<p><b> Oversikt over utbyttet:<\/b><\/p>\n","protected":false},"excerpt":{"rendered":"Butikksjef Anders Myklebust Olsen er stolt og inspirert av at medlemmene f\u00e5r utbetalt et rekordstort utbytte, melder Coop&hellip;\n","protected":false},"author":2,"featured_media":138538,"comment_status":"","ping_status":"","sticky":false,"template":"","format":"standard","meta":{"footnotes":""},"categories":[56],"tags":[36,60,15789,61,1461,62,30,28,29,1510,1457,1459,1460],"class_list":{"0":"post-138537","1":"post","2":"type-post","3":"status-publish","4":"format-standard","5":"has-post-thumbnail","7":"category-naeringsliv","8":"tag-art","9":"tag-business","10":"tag-coop-nord","11":"tag-economy","12":"tag-moskenes","13":"tag-naeringsliv","14":"tag-no","15":"tag-norge","16":"tag-norway","17":"tag-story","18":"tag-svolvaer","19":"tag-vagan","20":"tag-vestvagoy"},"share_on_mastodon":{"url":"https:\/\/pubeurope.com\/@no\/115900522445697206","error":""},"_links":{"self":[{"href":"https:\/\/www.europesays.com\/no\/wp-json\/wp\/v2\/posts\/138537","targetHints":{"allow":["GET"]}}],"collection":[{"href":"https:\/\/www.europesays.com\/no\/wp-json\/wp\/v2\/posts"}],"about":[{"href":"https:\/\/www.europesays.com\/no\/wp-json\/wp\/v2\/types\/post"}],"author":[{"embeddable":true,"href":"https:\/\/www.europesays.com\/no\/wp-json\/wp\/v2\/users\/2"}],"replies":[{"embeddable":true,"href":"https:\/\/www.europesays.com\/no\/wp-json\/wp\/v2\/comments?post=138537"}],"version-history":[{"count":0,"href":"https:\/\/www.europesays.com\/no\/wp-json\/wp\/v2\/posts\/138537\/revisions"}],"wp:featuredmedia":[{"embeddable":true,"href":"https:\/\/www.europesays.com\/no\/wp-json\/wp\/v2\/media\/138538"}],"wp:attachment":[{"href":"https:\/\/www.europesays.com\/no\/wp-json\/wp\/v2\/media?parent=138537"}],"wp:term":[{"taxonomy":"category","embeddable":true,"href":"https:\/\/www.europesays.com\/no\/wp-json\/wp\/v2\/categories?post=138537"},{"taxonomy":"post_tag","embeddable":true,"href":"https:\/\/www.europesays.com\/no\/wp-json\/wp\/v2\/tags?post=138537"}],"curies":[{"name":"wp","href":"https:\/\/api.w.org\/{rel}","templated":true}]}}