{"id":138539,"date":"2026-01-15T18:26:09","date_gmt":"2026-01-15T18:26:09","guid":{"rendered":"https:\/\/www.europesays.com\/no\/138539\/"},"modified":"2026-01-15T18:26:09","modified_gmt":"2026-01-15T18:26:09","slug":"gronland-donald-trump-norsk-gronlandske-ukaleq-slettemark-raser-donald-trump-er-en-stor-idiot","status":"publish","type":"post","link":"https:\/\/www.europesays.com\/no\/138539\/","title":{"rendered":"Gr\u00f8nland, Donald Trump | Norsk-gr\u00f8nlandske Ukaleq Slettemark raser: \u2013 Donald Trump er en stor idiot"},"content":{"rendered":"\n<p>\u2013 Det er skremmende. Vi ser for oss det verste, og tanta mi sliter med \u00e5 sove om natten. Moren min brast ut i gr\u00e5t p\u00e5 stadion i g\u00e5r fordi hun er s\u00e5 redd, sier Slettemark til AP.<\/p>\n<p>Slettemark er halvt gr\u00f8nlandsk og halvt norsk. Hun er datter av den norske skiskytteren \u00d8ystein Slettemark og den gr\u00f8nlandske skiskytteren Uiloq Slettemark, og har bodd i b\u00e5de Norge og Gr\u00f8nland.<\/p>\n<p>Overfor <a rel=\"Follow nofollow noopener\" href=\"https:\/\/www.dr.dk\/sporten\/groenlandske-skiskytter-vil-sende-klart-signal-til-usa-ved-ol\" target=\"_blank\">DR<\/a> g\u00e5r hun enda hardere ut mot Trump.<\/p>\n<p>\u2013 Vi snakker mye om det, og jeg er helt rasende. Donald Trump er en enorm idiot. Han har ingen forst\u00e5else for kulturen v\u00e5r eller hva slags samfunn Gr\u00f8nland er, sier Slettemark.<\/p>\n<p>For tiden er hun i Ruhpolding med broren Sondre, der de begge representerer Gr\u00f8nland i verdenscupen. I 2022 gikk hun for Danmark i OL i Beijing, og i \u00e5r er m\u00e5let OL i Nord-Italia.<\/p>\n<p><b>Les ogs\u00e5: <a href=\"https:\/\/www.nettavisen.no\/sport\/bryter-loven-med-iptv-dette-svarer-okokrim\/s\/5-95-2824378\" rel=\"Follow nofollow noopener\" target=\"_blank\">Bruker IPTV: Dette sier politiet<\/a><\/b><\/p>\n<p>Trusler fra Trump<\/p>\n<p>Donald Trump har i lengre tid v\u00e6rt opptatt av Gr\u00f8nland og uttrykt et \u00f8nske om \u00e5 ta over \u00f8ya. Helst vil han kj\u00f8pe den, men har flere ganger nektet \u00e5 utelukke milit\u00e6r maktbruk.<\/p>\n<p>   <img decoding=\"async\" width=\"6000\" height=\"4000\" fetchpriority=\"low\"  loading=\"lazy\"  src=\"https:\/\/www.europesays.com\/no\/wp-content\/uploads\/2026\/01\/BB240301MB230.jpg\" alt=\"240301 Ukaleq Astri Slettemark of Greenland competes in women's 15 km individual during the IBU World Cup on March 1, 2024 in Oslo. &#10;Photo: Mathias Bergeld \/ BILDBYR\u00c5N \/ kod MB \/ MB0880\" class=\"brick-c-cFOWSL\" style=\"--brick-image-ratio: 6000 \/ 4000;\"\/><\/p>\n<p>      SKISKYTTER: Ukaleq Slettemark fra et verdenscuprenn i Holmenkollen i 2024.<br \/>\n      Foto: Mathias Bergeld (Bildbyr\u00e5n)\n    <\/p>\n<p>I respons har Danmark varslet at de vil trappe opp sitt milit\u00e6re n\u00e6rv\u00e6r p\u00e5 Gr\u00f8nland.<\/p>\n<p>Slettemark understreker at hun er en idrettsut\u00f8ver, ikke en politiker, men at de amerikanske truslene er umulige \u00e5 overse. Bekymringen p\u00e5virker ogs\u00e5 treningen, sier hun.<\/p>\n<p>\u2013 Folk prater om at de muligens m\u00e5 forlate Gr\u00f8nland fordi de f\u00f8ler det er s\u00e5 utrygt. Vi er redde og veldig sinte fordi dette er ikke m\u00e5ten man prater til et annet land. Vi f\u00f8ler vi blir behandlet med respektl\u00f8shet.<\/p>\n<p><b>Les ogs\u00e5: <a href=\"https:\/\/www.nettavisen.no\/sport\/nye-opplysninger-over-solskjars-united-reaksjon\/s\/5-95-2824282\" rel=\"Follow nofollow noopener\" target=\"_blank\">Nye opplysninger om Solskj\u00e6rs reaksjon<\/a><\/b><\/p>\n<p>Misliker ikke amerikanske ut\u00f8vere<\/p>\n<p>Til tross for de amerikanske truslene har hun ikke noe imot de amerikanske konkurrentene.<\/p>\n<p>\u2013 Jeg er veldig god venn med de amerikanske ut\u00f8verne. Jeg synes de alle er veldig hyggelige folk, sier Slettemark og sammenligner Trumps Gr\u00f8nland-plan med Russlands invasjon av Ukraina.<\/p>\n<p>Onsdag m\u00f8tte Danmarks statsminister Mette Frederiksen og Gr\u00f8nlands regjeringssjef Jens-Frederik Nielsen USAs visepresident J.D. Vance og utenriksminister Marco Rubio.<\/p>\n<p>If\u00f8lge Danmarks utenriksminister Lars L\u00f8kke Rasmussen ble partene der enige om \u00e5 opprette en arbeidsgruppe for \u00e5 diskutere veien videre.<\/p>\n<p>(\u00a9NTB)<\/p>\n","protected":false},"excerpt":{"rendered":"\u2013 Det er skremmende. Vi ser for oss det verste, og tanta mi sliter med \u00e5 sove om&hellip;\n","protected":false},"author":2,"featured_media":138540,"comment_status":"","ping_status":"","sticky":false,"template":"","format":"standard","meta":{"footnotes":""},"categories":[12],"tags":[20,21,24,25,15,22,23,13,30,28,29,14,16,26,27,42,43,44,45],"class_list":{"0":"post-138539","1":"post","2":"type-post","3":"status-publish","4":"format-standard","5":"has-post-thumbnail","7":"category-verden","8":"tag-breaking-news","9":"tag-breakingnews","10":"tag-featured-news","11":"tag-featurednews","12":"tag-headlines","13":"tag-latest-news","14":"tag-latestnews","15":"tag-news","16":"tag-no","17":"tag-norge","18":"tag-norway","19":"tag-nyheter","20":"tag-overskrifter","21":"tag-top-stories","22":"tag-topstories","23":"tag-verden","24":"tag-world","25":"tag-world-news","26":"tag-worldnews"},"share_on_mastodon":{"url":"https:\/\/pubeurope.com\/@no\/115900526540356684","error":""},"_links":{"self":[{"href":"https:\/\/www.europesays.com\/no\/wp-json\/wp\/v2\/posts\/138539","targetHints":{"allow":["GET"]}}],"collection":[{"href":"https:\/\/www.europesays.com\/no\/wp-json\/wp\/v2\/posts"}],"about":[{"href":"https:\/\/www.europesays.com\/no\/wp-json\/wp\/v2\/types\/post"}],"author":[{"embeddable":true,"href":"https:\/\/www.europesays.com\/no\/wp-json\/wp\/v2\/users\/2"}],"replies":[{"embeddable":true,"href":"https:\/\/www.europesays.com\/no\/wp-json\/wp\/v2\/comments?post=138539"}],"version-history":[{"count":0,"href":"https:\/\/www.europesays.com\/no\/wp-json\/wp\/v2\/posts\/138539\/revisions"}],"wp:featuredmedia":[{"embeddable":true,"href":"https:\/\/www.europesays.com\/no\/wp-json\/wp\/v2\/media\/138540"}],"wp:attachment":[{"href":"https:\/\/www.europesays.com\/no\/wp-json\/wp\/v2\/media?parent=138539"}],"wp:term":[{"taxonomy":"category","embeddable":true,"href":"https:\/\/www.europesays.com\/no\/wp-json\/wp\/v2\/categories?post=138539"},{"taxonomy":"post_tag","embeddable":true,"href":"https:\/\/www.europesays.com\/no\/wp-json\/wp\/v2\/tags?post=138539"}],"curies":[{"name":"wp","href":"https:\/\/api.w.org\/{rel}","templated":true}]}}