{"id":138545,"date":"2026-01-15T18:42:37","date_gmt":"2026-01-15T18:42:37","guid":{"rendered":"https:\/\/www.europesays.com\/no\/138545\/"},"modified":"2026-01-15T18:42:37","modified_gmt":"2026-01-15T18:42:37","slug":"volvo-ex60-avslorer-nye-detaljer-2","status":"publish","type":"post","link":"https:\/\/www.europesays.com\/no\/138545\/","title":{"rendered":"Volvo EX60: Avsl\u00f8rer nye detaljer"},"content":{"rendered":"<p>        Saken oppsummert<\/p>\n<ul lang=\"nb-NO\">\n<li>Volvo EX60 har verdenspremiere 21. januar.<\/li>\n<li>EX60 tilbyr klasseledende rekkevidde p\u00e5 810 kilometer, og har lynrask lading med inntil 400 kW.<\/li>\n<li>Bilen er utstyrt med ny teknologi, inkludert sikkerhetssystemet \u00abHuginCore\u00bb.<\/li>\n<li>Volvo integrerer avanserte AI-tjenester som Google Gemini for \u00e5 forbedre brukeropplevelsen.<\/li>\n<\/ul>\n<p class=\"italic ai-disclaimer\" data-lab-italic=\"italic\">Oppsummeringen er laget med kunstig intelligens (KI) fra OpenAI. Innholdet er kvalitetssikret av TV 2s journalister. <a target=\"_blank\" href=\"https:\/\/hjelp.tv2.no\/info\/artikkel\/slik-jobber-vi-med-ki-i-tv-2\" title=\"Les om hvordan vi jobber med KI\" rel=\"nofollow noopener\">Les om hvordan vi jobber med KI<\/a><\/p>\n<p>Om n\u00f8yaktig \u00e9n uke er det verdenspremiere p\u00e5 \u00e5rets viktigste Volvo-nyhet.<\/p>\n<p>Da avdukes elektriske EX60, som tar opp arven etter XC60, tidenes mest solgte Volvo-modell.<\/p>\n<p>Tusenvis av nordmenn har meldt sin interesse for bilen \u2013 som f\u00e5r klasseledende rekkevidde.<\/p>\n<p>EX60 kj\u00f8rer forbi b\u00e5de BMW iX3 og Mercedes GLC \u2013 med sine 810 kilometer. I tillegg leverer den lynrask lading med inntil 400 kW.<\/p>\n<p>        <img class=\"image__img lazyload\" itemprop=\"image\" title=\"Foto: Volvo\" alt=\"G\u00d8TEBORG: EX60 skal bygges ved Volvos fabrikk pa\u030a Torslanda i G\u00f8teborg, med produksjonsstart i f\u00f8rste halva\u030ar 2026. Foto: Volvo\" width=\"675\" height=\"379\" bad-src=\"https:\/\/www.europesays.com\/no\/wp-content\/uploads\/2026\/01\/1768502557_370_18465210.webp.jpeg\" fetchpriority=\"auto\" \/><\/p>\n<p>      G\u00d8TEBORG: EX60 skal bygges ved Volvos fabrikk pa\u030a Torslanda i G\u00f8teborg, med produksjonsstart i f\u00f8rste halva\u030ar 2026.<br \/>\n         Foto: Volvo<\/p>\n<p>Nye detaljer<\/p>\n<p>I dag har Volvo g\u00e5tt ut med et par nye detaljer, inkludert et nytt bilde av bilen tatt p\u00e5 Volvo sitt software-senter.<\/p>\n<p>Her ser vi tydelig at Volvo ikke overrasker oss med designet bak. Her er det klassiske Volvo-linjer og baklys.<\/p>\n<p>EX60 er proppet med ny teknologi. N\u00e5 opplyser Volvo at bilen f\u00e5r et helt nytt system som skal l\u00f8fte sikkerheten til et nytt niv\u00e5.<\/p>\n<p><a href=\"https:\/\/www.tv2.no\/broom\/forste-test-gjor-livet-surt-for-konkurrentene\/18291853\/\" target=\"_blank\" rel=\"nofollow noopener\">BMW iX3:\u00a0Gj\u00f8r livet surt for konkurrentene<\/a><\/p>\n<p>        <img class=\"image__img lazyload\" itemprop=\"image\" title=\"Foto: Volvo\" alt=\"AI: Volvo samarbeider blant annet med Google og deres AI-assistent Gemini. Det betyr at du kan holde en samtale med bilen \u2013 og sp\u00f8rre om nesten hva du vil. Foto: Volvo\" width=\"675\" height=\"432\" bad-src=\"https:\/\/www.europesays.com\/no\/wp-content\/uploads\/2026\/01\/1768502557_824_18465209.webp.jpeg\" fetchpriority=\"auto\" \/><\/p>\n<p>      AI: Volvo samarbeider blant annet med Google og deres AI-assistent Gemini. Det betyr at du kan holde en samtale med bilen \u2013 og sp\u00f8rre om nesten hva du vil.<br \/>\n         Foto: Volvo<\/p>\n<p>L\u00e6rer hver kilometer<\/p>\n<p>\u00abHuginCore\u00bb er navnet p\u00e5 Volvo sitt eget system, som kombinerer egenutviklet teknologi med tjenester og teknologi fra Google, NVIDIA og Qualcomm Technologies.<\/p>\n<p>Systemet vil blant annet kontinuerlig lese og vurdere verden rundt bilen gjennom et omfattende sensorsystem.<\/p>\n<p>Dette gj\u00f8r at EX60 kan st\u00f8tte f\u00f8reren n\u00e5r det trengs. Den hjelper med \u00e5 forutse farer tidligere, unng\u00e5 potensielle risikoer og reagere rolig og trygt dersom noe uventet inntreffer.<\/p>\n<p>Ettersom EX60 er i stand til \u00e5 utf\u00f8re over 250 billioner operasjoner per sekund, behandler den ikke bare informasjon, men l\u00e6rer underveis. Bilen vil h\u00f8ste erfaringer fra andre Volvo-biler over hele verden, inkludert biler i ulykker og nestenulykker, for \u00e5 forbedre seg med tiden.<\/p>\n<p><a href=\"https:\/\/www.tv2.no\/broom\/offisiell-denne-blir-ekstremt-viktig\/18076429\/\" target=\"_blank\" rel=\"nofollow noopener\">T\u00f8ff konkurrent: Dette er nye Mercedes GLC<\/a><\/p>\n<p>        <img class=\"image__img lazyload\" itemprop=\"image\" title=\"Foto: Volvo\" alt=\"VELKJENT: Volvos lyssignatur er p\u00e5 plass. Her ser vi ogs\u00e5 at bilen har flere likheter med storebror EX90. Foto: Volvo\" width=\"675\" height=\"379\" bad-src=\"https:\/\/www.europesays.com\/no\/wp-content\/uploads\/2026\/01\/1768502557_114_18465208.webp.jpeg\" fetchpriority=\"auto\" \/><\/p>\n<p>      VELKJENT: Volvos lyssignatur er p\u00e5 plass. Her ser vi ogs\u00e5 at bilen har flere likheter med storebror EX90.<br \/>\n         Foto: Volvo<\/p>\n<p>AI<\/p>\n<p>I tillegg til flere nye sikkerhetsteknologier, avsl\u00f8rer Volvo n\u00e5 at bilen f\u00e5r avanserte AI-tjenester (kunstig intelligens).<\/p>\n<p>Her skal Volvo ta i bruk Google Gemini.<\/p>\n<p>For eksempel kan man be Gemini om \u00e5 finne adressen til et hotell i en e-post, sjekke om en nylig kj\u00f8pt gjenstand f\u00e5r plass i bagasjerommet eller komme med ideer til neste bilferie.<\/p>\n<p>EX60 har verdenspremiere 21. januar i Stockholm.<\/p>\n<p class=\"bold m-bold\" data-lab-font_weight=\"bold\">Les mer om nykommeren:<\/p>\n<p>    <a class=\"article__link\" data-ga-active-label=\"\" data-ga-active-label-animation=\"\" href=\"https:\/\/www.tv2.no\/broom\/ny-volvo-blir-best-i-klassen\/18442904\/\" rel=\"nofollow noopener\" target=\"_blank\"><\/p>\n<p>    <img class=\"image__img lazyload\" itemprop=\"image\" title=\"\" alt=\"\" width=\"978\" height=\"411\" bad-src=\"https:\/\/www.europesays.com\/no\/wp-content\/uploads\/2026\/01\/1768502557_392_18443155.webp.jpeg\" fetchpriority=\"auto\" \/><\/p>\n<p>            Ny Volvo blir best i klassen<\/p>\n<p>    <\/a><\/p>\n<p class=\"bold m-bold\" data-lab-font_weight=\"bold\">Jan Erik Larssen med nytt \u00abVolvo-glis\u00bb:<\/p>\n","protected":false},"excerpt":{"rendered":"Saken oppsummert Volvo EX60 har verdenspremiere 21. januar. EX60 tilbyr klasseledende rekkevidde p\u00e5 810 kilometer, og har lynrask&hellip;\n","protected":false},"author":2,"featured_media":138544,"comment_status":"","ping_status":"","sticky":false,"template":"","format":"standard","meta":{"footnotes":""},"categories":[56],"tags":[60,61,62,30,28,29],"class_list":{"0":"post-138545","1":"post","2":"type-post","3":"status-publish","4":"format-standard","5":"has-post-thumbnail","7":"category-naeringsliv","8":"tag-business","9":"tag-economy","10":"tag-naeringsliv","11":"tag-no","12":"tag-norge","13":"tag-norway"},"share_on_mastodon":{"url":"https:\/\/pubeurope.com\/@no\/115900589147630788","error":""},"_links":{"self":[{"href":"https:\/\/www.europesays.com\/no\/wp-json\/wp\/v2\/posts\/138545","targetHints":{"allow":["GET"]}}],"collection":[{"href":"https:\/\/www.europesays.com\/no\/wp-json\/wp\/v2\/posts"}],"about":[{"href":"https:\/\/www.europesays.com\/no\/wp-json\/wp\/v2\/types\/post"}],"author":[{"embeddable":true,"href":"https:\/\/www.europesays.com\/no\/wp-json\/wp\/v2\/users\/2"}],"replies":[{"embeddable":true,"href":"https:\/\/www.europesays.com\/no\/wp-json\/wp\/v2\/comments?post=138545"}],"version-history":[{"count":0,"href":"https:\/\/www.europesays.com\/no\/wp-json\/wp\/v2\/posts\/138545\/revisions"}],"wp:featuredmedia":[{"embeddable":true,"href":"https:\/\/www.europesays.com\/no\/wp-json\/wp\/v2\/media\/138544"}],"wp:attachment":[{"href":"https:\/\/www.europesays.com\/no\/wp-json\/wp\/v2\/media?parent=138545"}],"wp:term":[{"taxonomy":"category","embeddable":true,"href":"https:\/\/www.europesays.com\/no\/wp-json\/wp\/v2\/categories?post=138545"},{"taxonomy":"post_tag","embeddable":true,"href":"https:\/\/www.europesays.com\/no\/wp-json\/wp\/v2\/tags?post=138545"}],"curies":[{"name":"wp","href":"https:\/\/api.w.org\/{rel}","templated":true}]}}