{"id":138566,"date":"2026-01-15T19:22:44","date_gmt":"2026-01-15T19:22:44","guid":{"rendered":"https:\/\/www.europesays.com\/no\/138566\/"},"modified":"2026-01-15T19:22:44","modified_gmt":"2026-01-15T19:22:44","slug":"kirkeeide-sikret-stafettbragd-nrk-sport-sportsnyheter-resultater-og-sendeplan","status":"publish","type":"post","link":"https:\/\/www.europesays.com\/no\/138566\/","title":{"rendered":"Kirkeeide sikret stafettbragd \u2013 NRK Sport \u2013 Sportsnyheter, resultater og sendeplan"},"content":{"rendered":"<p>Den estiske, tidligere langrennsl\u00f8peren Kaarel Kasper K\u00f5rge, er tatt for bruk av kokain.<\/p>\n<p>Den positive dopingpr\u00f8ven ble oppdaget f\u00f8rst etter at han la opp som langrennsl\u00f8per, skriver den estiske sportsavisen <a href=\"https:\/\/sport.delfi.ee\/artikkel\/120429510\/kokaiini-tarvitanud-suusataja-kaarel-kasper-korge-positiivne-dopinguproov-tuli-ilmsiks-aasta-ja-neli-kuud-hiljem\" ec-id=\"https:\/\/sport.delfi.ee\/artikkel\/120429510\/kokaiini-tarvitanud-suusataja-kaarel-kasper-korge-positiivne-dopinguproov-tuli-ilmsiks-aasta-ja-neli-kuud-hiljem\" ec-name=\"Delfi\" rel=\"nofollow noopener\" target=\"_blank\">Delfi<\/a>.<\/p>\n<p>Pr\u00f8ven ble tatt i august 2024, da han fremdeles var aktiv.<\/p>\n<p>\u2013 Jeg innr\u00f8mmer at jeg har brukt stoffet, p\u00e5 en fest. Det var en klar feil. Jeg var klar over at det var et forbudt stoff, og at jeg, som en ut\u00f8ver, er ansvarlig for oppf\u00f8rselen min til enhver tid, uavhengig av situasjonen. Jeg tar ansvar for hva som skjedde, og angrer p\u00e5 det, sier K\u00f5rge i en uttalelse.<\/p>\n<p>En feil i systemet til det estiske og internasjonale antidopingbyr\u00e5et gjorde at den positive pr\u00f8ven f\u00f8rst ble oppdaget n\u00e5.<\/p>\n<p>K\u00f5rge var i en \u00e5rrekke blant Estlands fremste langrennsl\u00f8pere. Han har deltatt i fire ulike VM og var en del av verdenscupen i flere sesonger. Hans beste individuelle plassering er en 49.-plass i 15 km klassisk fra 2020.<\/p>\n","protected":false},"excerpt":{"rendered":"Den estiske, tidligere langrennsl\u00f8peren Kaarel Kasper K\u00f5rge, er tatt for bruk av kokain. Den positive dopingpr\u00f8ven ble oppdaget&hellip;\n","protected":false},"author":2,"featured_media":138567,"comment_status":"","ping_status":"","sticky":false,"template":"","format":"standard","meta":{"footnotes":""},"categories":[59],"tags":[30,28,29,83,82],"class_list":{"0":"post-138566","1":"post","2":"type-post","3":"status-publish","4":"format-standard","5":"has-post-thumbnail","7":"category-sport","8":"tag-no","9":"tag-norge","10":"tag-norway","11":"tag-sport","12":"tag-sports"},"share_on_mastodon":{"url":"https:\/\/pubeurope.com\/@no\/115900746494633129","error":""},"_links":{"self":[{"href":"https:\/\/www.europesays.com\/no\/wp-json\/wp\/v2\/posts\/138566","targetHints":{"allow":["GET"]}}],"collection":[{"href":"https:\/\/www.europesays.com\/no\/wp-json\/wp\/v2\/posts"}],"about":[{"href":"https:\/\/www.europesays.com\/no\/wp-json\/wp\/v2\/types\/post"}],"author":[{"embeddable":true,"href":"https:\/\/www.europesays.com\/no\/wp-json\/wp\/v2\/users\/2"}],"replies":[{"embeddable":true,"href":"https:\/\/www.europesays.com\/no\/wp-json\/wp\/v2\/comments?post=138566"}],"version-history":[{"count":0,"href":"https:\/\/www.europesays.com\/no\/wp-json\/wp\/v2\/posts\/138566\/revisions"}],"wp:featuredmedia":[{"embeddable":true,"href":"https:\/\/www.europesays.com\/no\/wp-json\/wp\/v2\/media\/138567"}],"wp:attachment":[{"href":"https:\/\/www.europesays.com\/no\/wp-json\/wp\/v2\/media?parent=138566"}],"wp:term":[{"taxonomy":"category","embeddable":true,"href":"https:\/\/www.europesays.com\/no\/wp-json\/wp\/v2\/categories?post=138566"},{"taxonomy":"post_tag","embeddable":true,"href":"https:\/\/www.europesays.com\/no\/wp-json\/wp\/v2\/tags?post=138566"}],"curies":[{"name":"wp","href":"https:\/\/api.w.org\/{rel}","templated":true}]}}