{"id":138572,"date":"2026-01-15T19:29:15","date_gmt":"2026-01-15T19:29:15","guid":{"rendered":"https:\/\/www.europesays.com\/no\/138572\/"},"modified":"2026-01-15T19:29:15","modified_gmt":"2026-01-15T19:29:15","slug":"johannes-hosflot-klaebo-langrenn-skadetrobbel-for-klaebo-for-ol-matte-finne-erstattere-for-fysioterapeuten","status":"publish","type":"post","link":"https:\/\/www.europesays.com\/no\/138572\/","title":{"rendered":"Johannes h\u00f8sflot Kl\u00e6bo, Langrenn | Skadetr\u00f8bbel for Kl\u00e6bo f\u00f8r OL \u2013 m\u00e5tte finne erstattere for fysioterapeuten"},"content":{"rendered":"\n<p>Langrennsstjernen sier til VG at Megan Rowlands Stowe, som har hjulpet ham siden h\u00f8sten 2022, ikke kan komme til Europa f\u00f8r OL.<\/p>\n<p>\u2013 Hun greide \u00e5 rive av sin hamstring sist hun var med meg i Trondheim. Hun er fortsatt p\u00e5 krykker, og hun f\u00e5r ikke kommet hit n\u00e5. Vi har hentet inn noen andre som skal hjelpe til, og Megan arbeider tett med disse, sier Kl\u00e6bo til avisen.<\/p>\n<p>Han er for tiden p\u00e5 h\u00f8ydetreningsleir i Lavaz\u00e9, ikke langt unna OL-l\u00f8ypene.<\/p>\n<p>Det er flere personer som skal hjelpe Kl\u00e6bo med behandling i Stowes sted.<\/p>\n<p>(\u00a9NTB)<\/p>\n","protected":false},"excerpt":{"rendered":"Langrennsstjernen sier til VG at Megan Rowlands Stowe, som har hjulpet ham siden h\u00f8sten 2022, ikke kan komme&hellip;\n","protected":false},"author":2,"featured_media":138573,"comment_status":"","ping_status":"","sticky":false,"template":"","format":"standard","meta":{"footnotes":""},"categories":[59],"tags":[30,28,29,83,82],"class_list":{"0":"post-138572","1":"post","2":"type-post","3":"status-publish","4":"format-standard","5":"has-post-thumbnail","7":"category-sport","8":"tag-no","9":"tag-norge","10":"tag-norway","11":"tag-sport","12":"tag-sports"},"share_on_mastodon":{"url":"https:\/\/pubeurope.com\/@no\/115900774127842971","error":""},"_links":{"self":[{"href":"https:\/\/www.europesays.com\/no\/wp-json\/wp\/v2\/posts\/138572","targetHints":{"allow":["GET"]}}],"collection":[{"href":"https:\/\/www.europesays.com\/no\/wp-json\/wp\/v2\/posts"}],"about":[{"href":"https:\/\/www.europesays.com\/no\/wp-json\/wp\/v2\/types\/post"}],"author":[{"embeddable":true,"href":"https:\/\/www.europesays.com\/no\/wp-json\/wp\/v2\/users\/2"}],"replies":[{"embeddable":true,"href":"https:\/\/www.europesays.com\/no\/wp-json\/wp\/v2\/comments?post=138572"}],"version-history":[{"count":0,"href":"https:\/\/www.europesays.com\/no\/wp-json\/wp\/v2\/posts\/138572\/revisions"}],"wp:featuredmedia":[{"embeddable":true,"href":"https:\/\/www.europesays.com\/no\/wp-json\/wp\/v2\/media\/138573"}],"wp:attachment":[{"href":"https:\/\/www.europesays.com\/no\/wp-json\/wp\/v2\/media?parent=138572"}],"wp:term":[{"taxonomy":"category","embeddable":true,"href":"https:\/\/www.europesays.com\/no\/wp-json\/wp\/v2\/categories?post=138572"},{"taxonomy":"post_tag","embeddable":true,"href":"https:\/\/www.europesays.com\/no\/wp-json\/wp\/v2\/tags?post=138572"}],"curies":[{"name":"wp","href":"https:\/\/api.w.org\/{rel}","templated":true}]}}