{"id":138594,"date":"2026-01-15T19:49:10","date_gmt":"2026-01-15T19:49:10","guid":{"rendered":"https:\/\/www.europesays.com\/no\/138594\/"},"modified":"2026-01-15T19:49:10","modified_gmt":"2026-01-15T19:49:10","slug":"full-ploge-krangel","status":"publish","type":"post","link":"https:\/\/www.europesays.com\/no\/138594\/","title":{"rendered":"Full ploge-krangel"},"content":{"rendered":"<p class=\"kicker \" style=\"\">Skitur:<\/p>\n<p>    Er det greit \u00e5 ploge i skisporet? Skitrener- og instrukt\u00f8r er klinkende klar.\u00a0<\/p>\n<p>\n    DEBATT: Ploge i skispor yay or nay? Skitrener er klar i sin tale. Bildet er ment som illustrasjon. Foto: Samfoto\/NTB\n  <\/p>\n<p>    Kort fortalt<\/p>\n<ul lang=\"nb-NO\">\n<li>Salget av ski og akebrett \u00f8ker etter en sn\u00f8fattig slutt p\u00e5 2025, if\u00f8lge DinSide.<\/li>\n<li>Simen S\u00e6tre skaper debatt med sin humoristiske kronikk mot ploging i skil\u00f8yper.<\/li>\n<li>Skitrener Gjermund Bj\u00f8rklund forsvarer ploging som n\u00f8dvendig for sikkerhet i bratte bakker.<\/li>\n<li>Ann Pettersen svarer med et innlegg som forsvarer ploging som en demokratisk og trygg teknikk.<\/li>\n<\/ul>\n<p class=\"italic ai-disclaimer\" data-lab-italic=\"italic\">Sammendraget er laget av ChatGPT og godkjent av Dagbladet.<\/p>\n<p>      Vis mer<br \/>\n      Vis mindre<\/p>\n<p>Vinteren er i full gang, og i helga kunne Dagbladets forbrukernettsted <a href=\"https:\/\/dinside.dagbladet.no\/fritid\/eksplosjon-i-salget\/84077172\" rel=\"nofollow noopener\" target=\"_blank\">DinSide<\/a> melde om at salget av ski og akebrett er p\u00e5 vei oppover, etter en noe skuffende og sn\u00f8fattig slutt p\u00e5 2025.\u00a0<\/p>\n<p>Forrige helg b\u00f8d ogs\u00e5 p\u00e5 knall vinterv\u00e6r, og folk str\u00f8mmet til marka for \u00e5 endelig f\u00e5 spent skiene p\u00e5 beina.\u00a0<\/p>\n<p>Mandag kom forfatter og tidligere journalist Simen S\u00e6tre med en kronikk i Aftenposten der han &#8211; med humoristisk tilsnitt erkl\u00e6rte\u00a0 \u00ab<a href=\"https:\/\/www.aftenposten.no\/meninger\/kronikk\/i\/d4lOgJ\/doed-over-plogerne\" rel=\"nofollow noopener\" target=\"_blank\">D\u00f8d over plogerne<\/a>\u00bb.\u00a0<\/p>\n<p>Dette f\u00f8rte til debatt i kommentarfeltet, samt et motinnlegg fra selvutnevnt ploger, Ann Pettersen, som tok plogerne i forsvar.\u00a0<\/p>\n<p class=\"font-weight-bold m-font-weight-bold\" data-lab-font_weight=\"font-weight-bold\">Dette er tydeligvis et tema som opptar folk. Derfor tok\u00a0Dagbladet kontakt med skitrener Gjermund Bj\u00f8rklund.\u00a0<\/p>\n<p class=\"font-weight-normal m-font-weight-normal\" data-lab-font_weight=\"font-weight-normal\">Han jobber hos Holmenkollen Skikurs, og trener aktive juniorl\u00f8pere, og han er klar i talen.<\/p>\n<p>For alle\u00a0\t<\/p>\n<p>&#8211; Ploging er absolutt greit. Det m\u00e5 vi kunne akseptere. Langrenn er en sport for folk med alle ulike bakgrunner, sier han.\u00a0<\/p>\n<p>Bj\u00f8rklund mener det er fornuftig \u00e5 ploge om man m\u00e5 det, og peker p\u00e5 at det i Oslomarka er mange bratte bakker.\u00a0<\/p>\n<p class=\"font-weight-bold m-font-weight-bold\" data-lab-font_weight=\"font-weight-bold\">&#8211; Uten ploging hadde v\u00e6rt mange flere ulykker i skil\u00f8ypa, poengterer treneren.\u00a0<\/p>\n<p>Han legger imidlertid til at han skj\u00f8nner at det er kjedelig \u00e5 komme til ploga l\u00f8yper, men mener det er en del av gamet.\u00a0<\/p>\n<p class=\"font-weight-bold m-font-weight-bold\" data-lab-font_weight=\"font-weight-bold\">&#8211; Trenger man \u00e5 ploge, s\u00e5 ploger man.\u00a0<\/p>\n<p>        UVENTA: En politibil i full fart ble truffet av en sivil bil og rullet mot en forbipasserende. <\/p>\n<p>Egosime eller visdom?\u00a0\t<\/p>\n<p> &#8211; Atter en gang er sn\u00f8en kommet, slik at en h\u00e6r av skil\u00f8pere kan rykke ut og ploge den vekk igjen fra alle Markas bakker, starter S\u00e6tre sin kronikk, der han gir plogerne det glatte lag.<\/p>\n<p>Videre beskriver han teknikken som \u00abestetisk frast\u00f8tende\u00bb, og mener ingen ekte skil\u00f8pere ploger.\u00a0<\/p>\n<p>I kronikken skriver han ogs\u00e5 at det er en misforst\u00e5else at plogerne drives av forsiktighet, og at det er egoismen som styre dem.\u00a0<\/p>\n<p>&#8211; Plogeren fristes til \u00e5 ploge ut fra tanken om at han ikke skal kj\u00f8re den samme bakken to ganger. Hva som kommer etter, bryr plogeren seg lite om.<\/p>\n<p>        <img loading=\"lazy\" decoding=\"async\" src=\"https:\/\/www.europesays.com\/no\/wp-content\/uploads\/2026\/01\/84102087.webp.webp\" width=\"980\" height=\"559\" title=\"PROFF: Tiril Udnes Weng under sesong\u00e5pningen p\u00e5 Beitost\u00f8len i 2020. Lite ploging \u00e5 spore her. Foto: Bj\u00f8rn Langsem \/ Dagbladet\" alt=\"\" class=\"\" style=\"--aspect-ratio-image: 1.75; \"\/><\/p>\n<p>\n        PROFF: Tiril Udnes Weng under sesong\u00e5pningen p\u00e5 Beitost\u00f8len i 2020. Lite ploging \u00e5 spore her. Foto: Bj\u00f8rn Langsem \/ Dagbladet\n    <\/p>\n<p>Mange ser humoren i innlegget, men flere i kommentarfeltet tar plogerne i forsvar.<\/p>\n<p class=\"font-weight-bold m-font-weight-bold\" data-lab-font_weight=\"font-weight-bold\">Det gj\u00f8r ogs\u00e5 Ann Pettersen, som titulerer seg som \u00abploger\u00bb i et <a href=\"https:\/\/www.aftenposten.no\/meninger\/debatt\/i\/e7KOml\/plogerens-manifest-en-trussel-mot-alt-som-er-pent-raskt-og-stramt\" rel=\"nofollow noopener\" target=\"_blank\">motinnlegg<\/a>\u00a0hos Aftenposten onsdag.\u00a0<\/p>\n<p>Hun skriver blant annet at hun ploger med vilje. Ikke av frykt, men av livsvisdom, og et \u00f8nske om \u00e5 komme trygt ned.\u00a0<\/p>\n<p>&#8211; Plogen er ikke stygg. Den er demokratisk. Den tar plass. Den nekter \u00e5 tilpasse seg et elitespr\u00e5k av begreper som \u00abren skj\u00e6ring\u00bb og \u00abflyt\u00bb. Plogen sier: Her kommer jeg. Ta hensyn, skriver Pettersen, som er kjenner at hun \u00f8delegger spor, og er er en \u00abvandrende p\u00e5minnelse om at ikke alle dr\u00f8mmer om \u00e5 bli ett med terrenget\u00bb. <\/p>\n","protected":false},"excerpt":{"rendered":"Skitur: Er det greit \u00e5 ploge i skisporet? Skitrener- og instrukt\u00f8r er klinkende klar.\u00a0 DEBATT: Ploge i skispor&hellip;\n","protected":false},"author":2,"featured_media":138595,"comment_status":"","ping_status":"","sticky":false,"template":"","format":"standard","meta":{"footnotes":""},"categories":[5],"tags":[20,21,24,25,15,19,2539,22,23,17,18,13,30,28,29,14,16,26,27],"class_list":{"0":"post-138594","1":"post","2":"type-post","3":"status-publish","4":"format-standard","5":"has-post-thumbnail","7":"category-overskrifter","8":"tag-breaking-news","9":"tag-breakingnews","10":"tag-featured-news","11":"tag-featurednews","12":"tag-headlines","13":"tag-hovedoppslag","14":"tag-innenriks","15":"tag-latest-news","16":"tag-latestnews","17":"tag-main-news","18":"tag-mainnews","19":"tag-news","20":"tag-no","21":"tag-norge","22":"tag-norway","23":"tag-nyheter","24":"tag-overskrifter","25":"tag-top-stories","26":"tag-topstories"},"share_on_mastodon":{"url":"https:\/\/pubeurope.com\/@no\/115900852724049957","error":""},"_links":{"self":[{"href":"https:\/\/www.europesays.com\/no\/wp-json\/wp\/v2\/posts\/138594","targetHints":{"allow":["GET"]}}],"collection":[{"href":"https:\/\/www.europesays.com\/no\/wp-json\/wp\/v2\/posts"}],"about":[{"href":"https:\/\/www.europesays.com\/no\/wp-json\/wp\/v2\/types\/post"}],"author":[{"embeddable":true,"href":"https:\/\/www.europesays.com\/no\/wp-json\/wp\/v2\/users\/2"}],"replies":[{"embeddable":true,"href":"https:\/\/www.europesays.com\/no\/wp-json\/wp\/v2\/comments?post=138594"}],"version-history":[{"count":0,"href":"https:\/\/www.europesays.com\/no\/wp-json\/wp\/v2\/posts\/138594\/revisions"}],"wp:featuredmedia":[{"embeddable":true,"href":"https:\/\/www.europesays.com\/no\/wp-json\/wp\/v2\/media\/138595"}],"wp:attachment":[{"href":"https:\/\/www.europesays.com\/no\/wp-json\/wp\/v2\/media?parent=138594"}],"wp:term":[{"taxonomy":"category","embeddable":true,"href":"https:\/\/www.europesays.com\/no\/wp-json\/wp\/v2\/categories?post=138594"},{"taxonomy":"post_tag","embeddable":true,"href":"https:\/\/www.europesays.com\/no\/wp-json\/wp\/v2\/tags?post=138594"}],"curies":[{"name":"wp","href":"https:\/\/api.w.org\/{rel}","templated":true}]}}