{"id":138600,"date":"2026-01-15T19:56:14","date_gmt":"2026-01-15T19:56:14","guid":{"rendered":"https:\/\/www.europesays.com\/no\/138600\/"},"modified":"2026-01-15T19:56:14","modified_gmt":"2026-01-15T19:56:14","slug":"kari-sofie-bjornsen-trekker-seg-fra-styrevervet-i-asplan-viak-as","status":"publish","type":"post","link":"https:\/\/www.europesays.com\/no\/138600\/","title":{"rendered":"Kari Sofie Bj\u00f8rnsen trekker seg fra styrevervet i Asplan Viak AS"},"content":{"rendered":"\n<p class=\"_paragraph_o9xde_4 _paragraph_xtcu6_10 layout-component text-serif-m layout-normal text-serif-m layout-padded\">Kari Sofie Bj\u00f8rnsen ble valgt inn p\u00e5 Stortinget for H\u00f8yre fra Akershus og sitter i energi- og milj\u00f8komiteen i h\u00f8st.<\/p>\n<p class=\"_paragraph_o9xde_4 _paragraph_xtcu6_10 layout-component text-serif-m layout-normal text-serif-m layout-padded\">Da valgte hun \u00e5 beholde styreplassen i Asplan Viak AS, som kaller seg \u00abNorges st\u00f8rste r\u00e5dgivende ingeni\u00f8r-, plan- og arkitektfirmaer\u00bb. De jobber blant annet med havvind, og har en egen portef\u00f8lje p\u00e5 natur og klima.<\/p>\n<p class=\"_paragraph_o9xde_4 _paragraph_xtcu6_10 layout-component text-serif-m layout-normal text-serif-m layout-padded\"><strong class=\"_strong_o9xde_25\">Selskapet gir r\u00e5d innenfor samme felt som Bj\u00f8rnsens komit\u00e9 p\u00e5 Stortinget jobber med. <\/strong><\/p>\n<p class=\"_paragraph_o9xde_4 _paragraph_xtcu6_10 layout-component text-serif-m layout-normal text-serif-m layout-padded\">P\u00e5 nettsiden heter det: \u00abVi kan bist\u00e5 med energieffektivisering, energiforsyning, energilager, finansiering \u2013 alt sydd sammen i \u00e9n pakke.\u00bb<\/p>\n<p class=\"_paragraph_o9xde_4 _paragraph_xtcu6_10 layout-component text-serif-m layout-normal text-serif-m layout-padded\">Bj\u00f8rnsens styreverv f\u00e5r kritikk fra stortingsrepresentant Mimir Kristjansson fra R\u00f8dt.<\/p>\n<p class=\"_paragraph_o9xde_4 _paragraph_xtcu6_10 layout-component text-serif-m layout-normal text-serif-m layout-padded\">\u2013 Stortingsrepresentanter b\u00f8r ikke kombinere vervet som folkevalgt med styreverv i kommersielle selskaper. S\u00e6rlig ikke n\u00e5r de er honorert, og n\u00e5r selskapets virksomhet ligger s\u00e5 tett opp til sakene som representantene jobber med p\u00e5 Stortinget, sier Kristjansson til VG.<\/p>\n<p><img decoding=\"async\" alt=\"Bilde av Mimir Kristjansson, R\u00f8dt.\" class=\"_image_ygndg_42\" height=\"60\" itemprop=\"image\" loading=\"lazy\"  src=\"https:\/\/www.europesays.com\/no\/wp-content\/uploads\/2026\/01\/bd6db65e-d4fc-45de-893d-4d4fba623793.jpeg\"  width=\"40\"\/><strong class=\"_name_ygndg_51 title-serif-xs\">Mimir Kristjansson, R\u00f8dt.<\/strong><\/p>\n<p class=\"_paragraph_o9xde_4 _paragraph_xtcu6_10 layout-component text-serif-m layout-normal text-serif-m layout-padded\">\u2013 \u00c5 ha tilgang til informasjon om energi- og milj\u00f8komiteens arbeid f\u00f8r alle andre, er i ytterste konsekvens noe Asplan Viak AS kan tjene penger p\u00e5. Jeg har ingen grunn til \u00e5 mistenke Kari Sofie Bj\u00f8rnsen for urent trav. Men bare muligheten for denne typen rollekonflikter er i seg selv et problem, sier Kristjanssjon.<\/p>\n<p>Trekker seg<\/p>\n<p class=\"_paragraph_o9xde_4 _paragraph_xtcu6_10 layout-component text-serif-m layout-normal text-serif-m layout-padded\">Kommunikasjonssjef Cato Husab\u00f8 Fossen skriver til VG at Bj\u00f8rnsen fikk 345.175 kroner i honorar for vervet og deltok p\u00e5 syv styrem\u00f8ter i 2025.<\/p>\n<p class=\"_paragraph_o9xde_4 _paragraph_xtcu6_10 layout-component text-serif-m layout-normal text-serif-m layout-padded\">\u2013 345.000 er en \u00e5rsl\u00f8nn for noen. \u00c5 motta det for syv styrem\u00f8ter i \u00e5ret samtidig som man tjener 1,2 millioner som folkevalgt, det tror jeg folk synes er ganske spesielt, sier Kristjansson.<\/p>\n<p class=\"_paragraph_o9xde_4 _paragraph_xtcu6_10 layout-component text-serif-m layout-normal text-serif-m layout-padded\"><strong class=\"_strong_o9xde_25\">Men n\u00e5 trekker Bj\u00f8rnsen seg, etter at VG stilte H\u00f8yre sp\u00f8rsm\u00e5l om hennes mulige dobbeltroller. Det bekrefter Husab\u00f8 Fossen til VG.<\/strong><\/p>\n<p class=\"_paragraph_o9xde_4 _paragraph_xtcu6_10 layout-component text-serif-m layout-normal text-serif-m layout-padded\"> \u2013 I forbindelse med at Bj\u00f8rnsen ble innvalgt p\u00e5 Stortinget i fjor tok hun en rekke forholdsregler for \u00e5 verne om sin uavhengighet som politiker: Hun solgte seg ut av advokatfirmaet hun var deleier i, og fratr\u00e5dte styret i et annet selskap, skriver han i en e-post til VG.<\/p>\n<p><img decoding=\"async\" alt=\"Bilde av Cato Husab\u00f8 Fossen\" class=\"_image_ygndg_42\" height=\"27\" itemprop=\"image\" loading=\"lazy\"  src=\"https:\/\/www.europesays.com\/no\/wp-content\/uploads\/2026\/01\/c7f59161-1b06-411e-aa5a-47bf2f771726.jpeg\"  width=\"40\"\/><strong class=\"_name_ygndg_51 title-serif-xs\">Cato Husab\u00f8 Fossen<\/strong><\/p>\n<p class=\"_paragraph_o9xde_4 _paragraph_xtcu6_10 layout-component text-serif-m layout-normal text-serif-m layout-padded\">\u2013 Vervet som styremedlem i Asplan Viak AS \u00f8nsket hun \u00e5 fortsette i, dersom det var mulig \u00e5 kombinere med stortingsvervet. Hun kontaktet derfor H\u00f8yres sekretariatsleder p\u00e5 Stortinget v\u00e5ren 2025, for \u00e5 forsikre seg om at det er innenfor Stortingets regler \u00e5 inneha slike verv, noe det er, s\u00e5 lenge det er full \u00e5penhet om det, skriver han.<\/p>\n<p class=\"_paragraph_o9xde_4 _paragraph_xtcu6_10 layout-component text-serif-m layout-normal text-serif-m layout-padded\">Fossen skriver videre at Bj\u00f8rnsen har fulgt Stortingets regler, innrapportert vervet og v\u00e6rt helt \u00e5pen om det. Men at hun n\u00e5 har kommet p\u00e5 andre tanker. <\/p>\n<p class=\"_paragraph_o9xde_4 _paragraph_xtcu6_10 layout-component text-serif-m layout-normal text-serif-m layout-padded\">\u2013 N\u00e5r b\u00e5de iNyheter og VG denne uken har stilt henne sp\u00f8rsm\u00e5l om dette styrevervet, har Bj\u00f8rnsen gjort en ny vurdering. Hun kommer derfor til \u00e5 fratre som styremedlem ogs\u00e5 i Asplan Viak AS. For hennes del handler det om at arbeidet hun gj\u00f8r som stortingsrepresentant ikke skal forstyrres, av at det kan stilles sp\u00f8rsm\u00e5l ved andre engasjementer hun har.<\/p>\n<p class=\"_paragraph_o9xde_4 _paragraph_xtcu6_10 layout-component text-serif-m layout-normal text-serif-m layout-padded\">Fosen understreker at det i if\u00f8lge Bj\u00f8rnsen ikke v\u00e6rt saker eller situasjoner i energi- og milj\u00f8komiteen som har kommet i konflikt med styrevervet. Han opplyser videre at Bj\u00f8rnsen ikke kommer til \u00e5 uttale seg om saken.<\/p>\n<p class=\"_paragraph_o9xde_4 _paragraph_xtcu6_10 layout-component text-serif-m layout-normal text-serif-m layout-padded\">VG har ikke lykkes i \u00e5 f\u00e5 en egen uttalelse fra Bj\u00f8rnsen. Styrevervet ble <a href=\"https:\/\/inyheter.no\/13\/01\/2026\/sitter-i-energikomiteen-haver-inn-som-styremedlem-i-konsulentselskap-med-staten-som-storkunde\/\" class=\"_link_o9xde_39\" rel=\"nofollow noopener\" target=\"_blank\">omtalt<\/a> p\u00e5 nettstedet inyheter 13. januar i \u00e5r.<\/p>\n<p>\u2013 Noe er r\u00e5ttent i partiet<\/p>\n<p class=\"_paragraph_o9xde_4 _paragraph_xtcu6_10 layout-component text-serif-m layout-normal text-serif-m layout-padded\">Kristjansson sier til VG at saken viser et mer grunnleggende problem i H\u00f8yre:<\/p>\n<p class=\"_paragraph_o9xde_4 _paragraph_xtcu6_10 layout-component text-serif-m layout-normal text-serif-m layout-padded\">\u2013 Det er jo ikke f\u00f8rste gang dette skjer i H\u00f8yre. I forrige periode satt Linda Hofstad Helleland p\u00e5 Stortinget <a href=\"https:\/\/www.vg.no\/nyheter\/i\/kwVrea\/innroemmer-feil-varslet-aldri-stortingskomite-om-styreverv\" data-track-element-type=\"Link\" data-track-id=\"link:kwVrea\" class=\"_link_o9xde_39\" rel=\"nofollow noopener\" target=\"_blank\">samtidig som hun var betalt styremedlem<\/a> i Rema. At man n\u00e5 gjentar denne feilen med en ny stortingsrepresentant, er rett og slett uforst\u00e5elig, sier han.<\/p>\n<p class=\"_paragraph_o9xde_4 _paragraph_xtcu6_10 layout-component text-serif-m layout-normal text-serif-m layout-padded\"><strong class=\"_strong_o9xde_25\">\u2013 Det er \u00e5penbart at H\u00f8yre har en ukultur n\u00e5r det kommer til blanding av kommersielle og folkevalgte roller. At Bj\u00f8rnsen har spurt partiet om dette, og f\u00e5tt til svar det er greit \u00e5 heve 345.000 i \u00e5ret i styrel\u00f8nn, viser at noe er r\u00e5ttent i partiet. N\u00e5 m\u00e5 snart H\u00f8yre rydde opp i denne ukulturen.<\/strong><\/p>\n<p class=\"_paragraph_o9xde_4 _paragraph_xtcu6_10 layout-component text-serif-m layout-normal text-serif-m layout-padded\">\u2013 Bj\u00f8rnsen har trukket seg fra styrevervet. Kristjansson sl\u00e5r derfor inn \u00e5pne d\u00f8rer.<\/p>\n<p class=\"_paragraph_o9xde_4 _paragraph_xtcu6_10 layout-component text-serif-m layout-normal text-serif-m layout-padded\">Fra H\u00f8yre understrekes det at Bj\u00f8rnsens bakgrunn heller b\u00f8r sees p\u00e5 som noe bra:<\/p>\n<p class=\"_paragraph_o9xde_4 _paragraph_xtcu6_10 layout-component text-serif-m layout-normal text-serif-m layout-padded\">\u2013 Kari Sofie Bj\u00f8rnsen er en av f\u00e5 stortingsrepresentanter som har bakgrunn fra n\u00e6ringslivet. Stadig flere har n\u00e5 all sin yrkeserfaring fra partiarbeid og offentlig sektor, skriver Husab\u00f8 Fossen.<\/p>\n","protected":false},"excerpt":{"rendered":"Kari Sofie Bj\u00f8rnsen ble valgt inn p\u00e5 Stortinget for H\u00f8yre fra Akershus og sitter i energi- og milj\u00f8komiteen&hellip;\n","protected":false},"author":2,"featured_media":138601,"comment_status":"","ping_status":"","sticky":false,"template":"","format":"standard","meta":{"footnotes":""},"categories":[5],"tags":[20,21,24,25,15,19,1213,22,23,17,18,13,30,28,281,29,14,16,26,27,205],"class_list":{"0":"post-138600","1":"post","2":"type-post","3":"status-publish","4":"format-standard","5":"has-post-thumbnail","7":"category-overskrifter","8":"tag-breaking-news","9":"tag-breakingnews","10":"tag-featured-news","11":"tag-featurednews","12":"tag-headlines","13":"tag-hovedoppslag","14":"tag-hoyre-h","15":"tag-latest-news","16":"tag-latestnews","17":"tag-main-news","18":"tag-mainnews","19":"tag-news","20":"tag-no","21":"tag-norge","22":"tag-norsk-politikk","23":"tag-norway","24":"tag-nyheter","25":"tag-overskrifter","26":"tag-top-stories","27":"tag-topstories","28":"tag-vgsamfunn"},"share_on_mastodon":{"url":"https:\/\/pubeurope.com\/@no\/115900880270386502","error":""},"_links":{"self":[{"href":"https:\/\/www.europesays.com\/no\/wp-json\/wp\/v2\/posts\/138600","targetHints":{"allow":["GET"]}}],"collection":[{"href":"https:\/\/www.europesays.com\/no\/wp-json\/wp\/v2\/posts"}],"about":[{"href":"https:\/\/www.europesays.com\/no\/wp-json\/wp\/v2\/types\/post"}],"author":[{"embeddable":true,"href":"https:\/\/www.europesays.com\/no\/wp-json\/wp\/v2\/users\/2"}],"replies":[{"embeddable":true,"href":"https:\/\/www.europesays.com\/no\/wp-json\/wp\/v2\/comments?post=138600"}],"version-history":[{"count":0,"href":"https:\/\/www.europesays.com\/no\/wp-json\/wp\/v2\/posts\/138600\/revisions"}],"wp:featuredmedia":[{"embeddable":true,"href":"https:\/\/www.europesays.com\/no\/wp-json\/wp\/v2\/media\/138601"}],"wp:attachment":[{"href":"https:\/\/www.europesays.com\/no\/wp-json\/wp\/v2\/media?parent=138600"}],"wp:term":[{"taxonomy":"category","embeddable":true,"href":"https:\/\/www.europesays.com\/no\/wp-json\/wp\/v2\/categories?post=138600"},{"taxonomy":"post_tag","embeddable":true,"href":"https:\/\/www.europesays.com\/no\/wp-json\/wp\/v2\/tags?post=138600"}],"curies":[{"name":"wp","href":"https:\/\/api.w.org\/{rel}","templated":true}]}}