{"id":138606,"date":"2026-01-15T20:02:10","date_gmt":"2026-01-15T20:02:10","guid":{"rendered":"https:\/\/www.europesays.com\/no\/138606\/"},"modified":"2026-01-15T20:02:10","modified_gmt":"2026-01-15T20:02:10","slug":"heroya-politi-trafikkulykke-pa-heroyavegen-en-person-kritisk-skadet","status":"publish","type":"post","link":"https:\/\/www.europesays.com\/no\/138606\/","title":{"rendered":"Her\u00f8ya, Politi | Trafikkulykke p\u00e5 Her\u00f8yavegen: \u00c9n person kritisk skadet"},"content":{"rendered":"\n<p> N\u00f8detatene er p\u00e5 stedet etter melding om en trafikkulykke mellom en personbil og en lastebil p\u00e5 Her\u00f8yavegen. Ulykken har skjedd omtrent p\u00e5 h\u00f8yde med Her\u00f8yavegen 37.<\/p>\n<p>En person sitter fastklemt i personbilen og har smerter i mage- og brystregionen. Helsepersonell har ankommet stedet og arbeider med den skadde.<\/p>\n<p>\u2013 Ulykken fremst\u00e5r per n\u00e5 som kritisk, opplyser politiet.<\/p>\n<p>Skadeomfanget er forel\u00f8pig ukjent utover dette. N\u00f8detatene jobber med \u00e5 frigj\u00f8re personen.<\/p>\n<p>&#8211; Grunnet alvorlighetsgrad har n\u00f8detatene bestilt luftambulanse. Det er kun f\u00f8rer i bilen, og det jobbes n\u00e5 med frigj\u00f8ring, opplyser politiet i sin logg.<\/p>\n<p>Her\u00f8yavegen er stengt inntil videre. Personbilen og lastebilen st\u00e5r midt i vegbanen. Politiet vet ikke hvor lang tid veien blir stengt.<\/p>\n<p>F\u00f8reren av personbilen er n\u00e5 frigjort. Det er en kvinne, og hun er bevisstl\u00f8s. <\/p>\n<p>F\u00f8reren av lastebilen framst\u00e5r if\u00f8lge politiet som uskadd. Han har noe smerte i et bein og blir unders\u00f8kt av helsepersonell.<\/p>\n<p>Siste: Den skadde kvinnen er kj\u00f8rt til Sykehuset Telemark i Skien. Der blir det avgjort om hun fraktes videre til Ullevaal sykehus i Oslo.<\/p>\n","protected":false},"excerpt":{"rendered":"N\u00f8detatene er p\u00e5 stedet etter melding om en trafikkulykke mellom en personbil og en lastebil p\u00e5 Her\u00f8yavegen. Ulykken&hellip;\n","protected":false},"author":2,"featured_media":138607,"comment_status":"","ping_status":"","sticky":false,"template":"","format":"standard","meta":{"footnotes":""},"categories":[10],"tags":[36,20,21,24,25,15,15795,22,23,2247,13,30,28,29,14,16,254,1510,26,27],"class_list":{"0":"post-138606","1":"post","2":"type-post","3":"status-publish","4":"format-standard","5":"has-post-thumbnail","7":"category-norge","8":"tag-art","9":"tag-breaking-news","10":"tag-breakingnews","11":"tag-featured-news","12":"tag-featurednews","13":"tag-headlines","14":"tag-heroya","15":"tag-latest-news","16":"tag-latestnews","17":"tag-lokale-nyheter","18":"tag-news","19":"tag-no","20":"tag-norge","21":"tag-norway","22":"tag-nyheter","23":"tag-overskrifter","24":"tag-politi","25":"tag-story","26":"tag-top-stories","27":"tag-topstories"},"share_on_mastodon":{"url":"https:\/\/pubeurope.com\/@no\/115900903886374685","error":""},"_links":{"self":[{"href":"https:\/\/www.europesays.com\/no\/wp-json\/wp\/v2\/posts\/138606","targetHints":{"allow":["GET"]}}],"collection":[{"href":"https:\/\/www.europesays.com\/no\/wp-json\/wp\/v2\/posts"}],"about":[{"href":"https:\/\/www.europesays.com\/no\/wp-json\/wp\/v2\/types\/post"}],"author":[{"embeddable":true,"href":"https:\/\/www.europesays.com\/no\/wp-json\/wp\/v2\/users\/2"}],"replies":[{"embeddable":true,"href":"https:\/\/www.europesays.com\/no\/wp-json\/wp\/v2\/comments?post=138606"}],"version-history":[{"count":0,"href":"https:\/\/www.europesays.com\/no\/wp-json\/wp\/v2\/posts\/138606\/revisions"}],"wp:featuredmedia":[{"embeddable":true,"href":"https:\/\/www.europesays.com\/no\/wp-json\/wp\/v2\/media\/138607"}],"wp:attachment":[{"href":"https:\/\/www.europesays.com\/no\/wp-json\/wp\/v2\/media?parent=138606"}],"wp:term":[{"taxonomy":"category","embeddable":true,"href":"https:\/\/www.europesays.com\/no\/wp-json\/wp\/v2\/categories?post=138606"},{"taxonomy":"post_tag","embeddable":true,"href":"https:\/\/www.europesays.com\/no\/wp-json\/wp\/v2\/tags?post=138606"}],"curies":[{"name":"wp","href":"https:\/\/api.w.org\/{rel}","templated":true}]}}