{"id":138608,"date":"2026-01-15T20:03:13","date_gmt":"2026-01-15T20:03:13","guid":{"rendered":"https:\/\/www.europesays.com\/no\/138608\/"},"modified":"2026-01-15T20:03:13","modified_gmt":"2026-01-15T20:03:13","slug":"betalte-363-millioner-kroner-pa-en-dag-mn24-no","status":"publish","type":"post","link":"https:\/\/www.europesays.com\/no\/138608\/","title":{"rendered":"Betalte 363 millioner kroner p\u00e5 \u00e9n dag &#8211; mn24.no"},"content":{"rendered":"<ol>\n<li><a href=\"https:\/\/news.google.com\/rss\/articles\/CBMiggFBVV95cUxNY0cyeWgxczBOYVhUUE80VFQycHJVZDBjWjN4ZXVURmc0QVlWMm9VUDlBTEt6TEFvZ1NEdnBlQ1VJV1NKcTRxckZmcEVuX2xNN3VHNEtfWktTMjNTTWlDY2Z1cUNTQmlmWnZxeGVOZzk3dnFLR3h1b1hQSVpMTFB4NV9B?oc=5\" target=\"_blank\" rel=\"nofollow noopener\">Betalte 363 millioner kroner p\u00e5 \u00e9n dag<\/a>&nbsp;&nbsp;mn24.no<\/li>\n<li><a href=\"https:\/\/news.google.com\/rss\/articles\/CBMiiAFBVV95cUxPVk9Ba3p4WXdpdjRxZjRMUkxkdnVJa3NGT0wyRGRxVEtiakk4enZTMTdvX1J5NlhBRXJqOGJ1dDBGVmRWLWhRYnFhRTJUUkVMNFhhNWdhSGdxN2liUU16Z09rYnJsREtQOXJSSHQydU01X2hrUlI3MFFzVG44cFMxMGVNNW5ZcG9O?oc=5\" target=\"_blank\" rel=\"nofollow noopener\">(+) Millioner p\u00e5 vei \u2013 snart b\u00f8r du sjekke kontoen<\/a>&nbsp;&nbsp;ht.no<\/li>\n<li><a href=\"https:\/\/news.google.com\/rss\/articles\/CBMimwFBVV95cUxOVjJ6Z0NLa2RPT09FRVc3LTIxVFdxTWhTdmNKVWM1QzJnNlQ1al9ObnV0b0FBRm4wczZJeHVjaHp2X0R0cjVLQVpwSU5PUjV4clU1MTZ0d1l6YTctTFNnUndocDhIOU14ak1uZHZtc2Fjb3JGN05KNmZ1ckx0SS00cXN0TW5oNjZESThSbG1uQ2o3VEVTaVdvcHQ0RQ?oc=5\" target=\"_blank\" rel=\"nofollow noopener\">\u00d8konomi og n\u00e6ringsliv, S\u00f8r-Varanger | Siljes r\u00e5d til finnmarkingene: \u2013 Flytt eller ta ut pengene<\/a>&nbsp;&nbsp;iFinnmark<\/li>\n<li><a href=\"https:\/\/news.google.com\/rss\/articles\/CBMinAFBVV95cUxPX0g4OXNVUkplWWdVSWZlUTlxcXZtdUNSdl9xQzNMajFnVHp0SWlZaGcyWUF0cDBjRW85QU92S2k1YV9aNXJyV2E2TG5nRmxtSTFCcFJFWWpvcTlsWkZBaklOR3plMWVlMkNxSEpJRTFFUUtXdHdSeXI4cF9rQUowQ3pJMU9qS2NzX05rUTVpSFNPNV9ROXp0aFpxY0s?oc=5\" target=\"_blank\" rel=\"nofollow noopener\">V\u00e5gan, Vestv\u00e5g\u00f8y | Utbetaler rekordstort utbytte til medlemmene i Lofoten<\/a>&nbsp;&nbsp;Lofotposten<\/li>\n<li><a href=\"https:\/\/news.google.com\/rss\/articles\/CBMirAFBVV95cUxNbzFMcFlfclk2b09aRnJMZURsTmVZZUJGUmxoTmZTTml1MUZXMWFHX0JfLUFwRHAyRHlxQWZ0elktejV4bkRabWtZR3U3QW5GUVlLd2plRUxsVjRNNVRyRTVVWGc5UjFXUGpESlB1VFdIZ0lxQlV1X25HcHNoWUlyTWhVNVdNaTJyWi1HRVluMXV1WllKV2JHdjE5dDNOdThqWDJySFFqWTZwM0I0?oc=5\" target=\"_blank\" rel=\"nofollow noopener\">Deler ut over 39 millioner til verdalinger og levangsbygg<\/a>&nbsp;&nbsp;innherred.no<\/li>\n<\/ol>\n","protected":false},"excerpt":{"rendered":"Betalte 363 millioner kroner p\u00e5 \u00e9n dag&nbsp;&nbsp;mn24.no (+) Millioner p\u00e5 vei \u2013 snart b\u00f8r du sjekke kontoen&nbsp;&nbsp;ht.no \u00d8konomi&hellip;\n","protected":false},"author":2,"featured_media":138609,"comment_status":"","ping_status":"","sticky":false,"template":"","format":"standard","meta":{"footnotes":""},"categories":[5],"tags":[20,21,24,25,15,19,22,23,17,18,13,30,28,29,14,16,26,27],"class_list":{"0":"post-138608","1":"post","2":"type-post","3":"status-publish","4":"format-standard","5":"has-post-thumbnail","7":"category-overskrifter","8":"tag-breaking-news","9":"tag-breakingnews","10":"tag-featured-news","11":"tag-featurednews","12":"tag-headlines","13":"tag-hovedoppslag","14":"tag-latest-news","15":"tag-latestnews","16":"tag-main-news","17":"tag-mainnews","18":"tag-news","19":"tag-no","20":"tag-norge","21":"tag-norway","22":"tag-nyheter","23":"tag-overskrifter","24":"tag-top-stories","25":"tag-topstories"},"share_on_mastodon":{"url":"https:\/\/pubeurope.com\/@no\/115900907693395190","error":""},"_links":{"self":[{"href":"https:\/\/www.europesays.com\/no\/wp-json\/wp\/v2\/posts\/138608","targetHints":{"allow":["GET"]}}],"collection":[{"href":"https:\/\/www.europesays.com\/no\/wp-json\/wp\/v2\/posts"}],"about":[{"href":"https:\/\/www.europesays.com\/no\/wp-json\/wp\/v2\/types\/post"}],"author":[{"embeddable":true,"href":"https:\/\/www.europesays.com\/no\/wp-json\/wp\/v2\/users\/2"}],"replies":[{"embeddable":true,"href":"https:\/\/www.europesays.com\/no\/wp-json\/wp\/v2\/comments?post=138608"}],"version-history":[{"count":0,"href":"https:\/\/www.europesays.com\/no\/wp-json\/wp\/v2\/posts\/138608\/revisions"}],"wp:featuredmedia":[{"embeddable":true,"href":"https:\/\/www.europesays.com\/no\/wp-json\/wp\/v2\/media\/138609"}],"wp:attachment":[{"href":"https:\/\/www.europesays.com\/no\/wp-json\/wp\/v2\/media?parent=138608"}],"wp:term":[{"taxonomy":"category","embeddable":true,"href":"https:\/\/www.europesays.com\/no\/wp-json\/wp\/v2\/categories?post=138608"},{"taxonomy":"post_tag","embeddable":true,"href":"https:\/\/www.europesays.com\/no\/wp-json\/wp\/v2\/tags?post=138608"}],"curies":[{"name":"wp","href":"https:\/\/api.w.org\/{rel}","templated":true}]}}